{"id":81908,"date":"2023-05-22T14:46:49","date_gmt":"2023-05-22T17:46:49","guid":{"rendered":"https:\/\/catolicanet.net\/wp-cnet\/?p=81908"},"modified":"2023-05-22T14:46:49","modified_gmt":"2023-05-22T17:46:49","slug":"vilmar-quase-o-mar","status":"publish","type":"post","link":"https:\/\/catolicanet.net\/wp-cnet\/vilmar-quase-o-mar\/","title":{"rendered":"Vilmar, quase o mar"},"content":{"rendered":"<p>Soneto<\/p>\n<p>Vilmar, destemido de Alencar: evolu\u00e7\u00e3o.<\/p>\n<p>De Marco a Fortaleza, capital do Cear\u00e1!<\/p>\n<p>Do Cear\u00e1 ao Par\u00e1, Medalha da Aboli\u00e7\u00e3o.<\/p>\n<p>Na juventude, comerciante ao se lan\u00e7ar!<\/p>\n<p>&nbsp;<\/p>\n<p>Os atingidos: trezentos mil empregados.<\/p>\n<p>Soube bem acreditar: do Par\u00e1 ao Cear\u00e1!<\/p>\n<p>Ao admitir oper\u00e1rios, os faz leve na carga.<\/p>\n<p>Em Vilmar, o bem comum no assalariado.<\/p>\n<p>&nbsp;<\/p>\n<p>Homem do bem, sim, isso lhe conv\u00e9m<\/p>\n<p>Na regi\u00e3o, palavra de ordem: avan\u00e7ar!<\/p>\n<p>No desafio comercial, na era p\u00f3s-vint\u00e9m!<\/p>\n<p>&nbsp;<\/p>\n<p>Olhar no futuro, est\u00edmulo no presidente.<\/p>\n<p>O povo com Lula, um senhor descente!<\/p>\n<p>Brasil, o mesmo: valente e consequente!<\/p>\n<p>Pe. Geovane Saraiva<\/p>\n","protected":false},"excerpt":{"rendered":"<p>Soneto Vilmar, destemido de Alencar: evolu\u00e7\u00e3o. De Marco a Fortaleza, capital do Cear\u00e1! Do Cear\u00e1 ao Par\u00e1, Medalha da Aboli\u00e7\u00e3o. Na juventude, comerciante ao se lan\u00e7ar! &nbsp; Os atingidos: trezentos mil empregados. Soube bem acreditar: do Par\u00e1 ao Cear\u00e1! Ao admitir oper\u00e1rios, os faz leve na carga. Em Vilmar, o bem comum no assalariado. &nbsp; [&hellip;]<\/p>\n","protected":false},"author":6,"featured_media":55824,"comment_status":"open","ping_status":"closed","sticky":false,"template":"","format":"standard","meta":{"footnotes":""},"categories":[9],"tags":[],"class_list":["post-81908","post","type-post","status-publish","format-standard","has-post-thumbnail","hentry","category-artigos"],"_links":{"self":[{"href":"https:\/\/catolicanet.net\/wp-cnet\/wp-json\/wp\/v2\/posts\/81908","targetHints":{"allow":["GET"]}}],"collection":[{"href":"https:\/\/catolicanet.net\/wp-cnet\/wp-json\/wp\/v2\/posts"}],"about":[{"href":"https:\/\/catolicanet.net\/wp-cnet\/wp-json\/wp\/v2\/types\/post"}],"author":[{"embeddable":true,"href":"https:\/\/catolicanet.net\/wp-cnet\/wp-json\/wp\/v2\/users\/6"}],"replies":[{"embeddable":true,"href":"https:\/\/catolicanet.net\/wp-cnet\/wp-json\/wp\/v2\/comments?post=81908"}],"version-history":[{"count":1,"href":"https:\/\/catolicanet.net\/wp-cnet\/wp-json\/wp\/v2\/posts\/81908\/revisions"}],"predecessor-version":[{"id":81909,"href":"https:\/\/catolicanet.net\/wp-cnet\/wp-json\/wp\/v2\/posts\/81908\/revisions\/81909"}],"wp:featuredmedia":[{"embeddable":true,"href":"https:\/\/catolicanet.net\/wp-cnet\/wp-json\/wp\/v2\/media\/55824"}],"wp:attachment":[{"href":"https:\/\/catolicanet.net\/wp-cnet\/wp-json\/wp\/v2\/media?parent=81908"}],"wp:term":[{"taxonomy":"category","embeddable":true,"href":"https:\/\/catolicanet.net\/wp-cnet\/wp-json\/wp\/v2\/categories?post=81908"},{"taxonomy":"post_tag","embeddable":true,"href":"https:\/\/catolicanet.net\/wp-cnet\/wp-json\/wp\/v2\/tags?post=81908"}],"curies":[{"name":"wp","href":"https:\/\/api.w.org\/{rel}","templated":true}]}}