{"id":81893,"date":"2023-05-28T10:39:54","date_gmt":"2023-05-28T13:39:54","guid":{"rendered":"https:\/\/catolicanet.net\/wp-cnet\/?p=81893"},"modified":"2023-05-22T14:40:48","modified_gmt":"2023-05-22T17:40:48","slug":"solenidade-de-pentecostes-4","status":"publish","type":"post","link":"https:\/\/catolicanet.net\/wp-cnet\/solenidade-de-pentecostes-4\/","title":{"rendered":"Solenidade de Pentecostes"},"content":{"rendered":"<p style=\"text-align: center;\"><em>Enviai o vosso Esp\u00edrito, Senhor e da terra toda a face renovai! (Sl 103\/104)<\/em><\/p>\n<p style=\"text-align: justify;\">Celebramos neste domingo a Solenidade de Pentecostes, cume e fechamento do tempo pascal. Ap\u00f3s termos vivido a semana ou novena, e, na noite anterior, tamb\u00e9m tivemos a novena de Pentecostes. Nesse domingo, como prometido, Jesus sopra sobre os disc\u00edpulos o Esp\u00edrito Santo e os envia em miss\u00e3o e permanece junto com a Igreja at\u00e9 aos dias de hoje, por meio do Esp\u00edrito Santo.<\/p>\n<p style=\"text-align: justify;\">A partir do envio do Esp\u00edrito Santo, nasce a Igreja primitiva e os ap\u00f3stolos continuam tudo aquilo que Jesus pregou e ensinou. Aos poucos, a Igreja foi tomando forma, at\u00e9 chegar ao que conhecemos hoje e Jesus est\u00e1 presente na Palavra e em todos os sacramentos. \u00c9 por meio do Esp\u00edrito Santo que temos a Eucaristia e \u00e9 por meio do Esp\u00edrito Santo que obtemos o perd\u00e3o dos pecados. Todos n\u00f3s, batizados e batizadas, somos disc\u00edpulos e mission\u00e1rios do Senhor e enviados por Ele, a sermos sal na terra e luz no mundo.<\/p>\n<p style=\"text-align: justify;\">Na celebra\u00e7\u00e3o de hoje, o C\u00edrio Pascal \u00e9 apagado! Depois de 50 dias do tempo pascal ele ficou aceso em todas as celebra\u00e7\u00f5es. A partir de agora, o C\u00edrio Pascal ser\u00e1 aceso nas celebra\u00e7\u00f5es de batismos, crisma e primeira eucaristia, al\u00e9m das missas de ex\u00e9quias. Ser\u00e1 colocado ao lado da pia batismal. O C\u00edrio Pascal deve durar por um ano, da Vig\u00edlia Pascal de um ano at\u00e9 a Vig\u00edlia Pascal do outro ano. Na segunda-feira ap\u00f3s Pentecostes, inicia a segunda parte do tempo comum, com a cor lit\u00fargica verde, que ir\u00e1 at\u00e9 a Solenidade de Cristo Rei.<\/p>\n<p style=\"text-align: justify;\">Na solenidade de hoje, o rito do ato penitencial \u00e9 feito por aspers\u00e3o, recordando que fomos regenerados pelas \u00e1guas do batismo e por meio da \u00e1gua e do Esp\u00edrito Santo obtemos o perd\u00e3o dos pecados. Ainda na celebra\u00e7\u00e3o de hoje, tem a solene e bela sequ\u00eancia ap\u00f3s a proclama\u00e7\u00e3o da segunda leitura, antes da aclama\u00e7\u00e3o ao Evangelho. Esses dois ritos na celebra\u00e7\u00e3o acontecem tamb\u00e9m nas grandes solenidades, como P\u00e1scoa, Pentecostes e Natal.<\/p>\n<p style=\"text-align: justify;\">A primeira leitura deste domingo \u00e9 do livro de Atos dos Ap\u00f3stolos <em>(At 2, 1-11). <\/em>No dia de Pentecostes, os disc\u00edpulos estavam todos reunidos no mesmo lugar, de repente, veio do c\u00e9u um barulho, como se fosse um vento forte que encheu a casa onde eles se encontravam. Isso aconteceu porque Deus os chamava para a miss\u00e3o, eles n\u00e3o deveriam ficar parados em casa, mas por meio da for\u00e7a Esp\u00edrito Santo deveriam sair para anunciar o Reino de Deus. O Esp\u00edrito Santo pairou sobre cada um deles e eles come\u00e7aram a falar em outras l\u00ednguas, conforme o Esp\u00edrito Santo lhes inspirava. O Esp\u00edrito Santo agiu em cada um deles e o povo os escutava em suas pr\u00f3prias l\u00ednguas. A fala do Esp\u00edrito Santo \u00e9 universal, ou seja, todos podem escutar e entender, porque \u00e9 a fala do amor.<\/p>\n<p style=\"text-align: justify;\">O salmo responsorial \u00e9 o <em>103 (104), <\/em>que diz em seu refr\u00e3o: \u201c<em>Enviai o vosso Esp\u00edrito, Senhor e da terra toda a face renovai!\u201d <\/em>\u00c9 preciso pedir constantemente que Deus envie o Esp\u00edrito Santo para que mude a atitude das pessoas e tenham mais amor no cora\u00e7\u00e3o. A terra precisa ser renovada pela a\u00e7\u00e3o do Esp\u00edrito Santo fazendo com que as pessoas tenham mais amor no cora\u00e7\u00e3o e, ainda, que renove em n\u00f3s a f\u00e9 no Cristo ressuscitado.<\/p>\n<p style=\"text-align: justify;\">A segunda leitura \u00e9 da primeira carta de S\u00e3o Paulo aos Cor\u00edntios <em>(1Cor 12, 3b-7.12-13). <\/em>Paulo diz \u00e0 comunidade que s\u00f3 \u00e9 poss\u00edvel reconhecer Jesus como Senhor por interm\u00e9dio do Esp\u00edrito Santo. \u00c9 o Esp\u00edrito Santo que nos faz reconhecer Jesus na Eucaristia, \u00e9 por meio do Esp\u00edrito Santo que temos os nossos pecados perdoados e reconhecemos na pessoa do sacerdote o pr\u00f3prio Cristo. Cristo \u00e9 a cabe\u00e7a da Igreja e n\u00f3s somos os membros, h\u00e1 diversos dons e minist\u00e9rios na Igreja, mas tudo o que fizermos deve ser em nome de Cristo.<\/p>\n<p style=\"text-align: justify;\">Ap\u00f3s a segunda leitura, tem a sequ\u00eancia pascal. Nela est\u00e1 contida o significado de toda a celebra\u00e7\u00e3o e aquilo que pedimos com f\u00e9 nesse dia: <em>\u201cA n\u00f3s descei, divina luz! Em nossas almas acendei o amor, o amor de Jesus\u201d. <\/em>Que o Esp\u00edrito Santo nos encha com os seus dons e aumente sempre mais a nossa f\u00e9.<\/p>\n<p style=\"text-align: justify;\">O Evangelho deste domingo \u00e9 de Jo\u00e3o <em>(Jo 20, 19-23). <\/em>Ao anoitecer daquele dia, o primeiro da semana, os disc\u00edpulos estavam todos reunidos no mesmo lugar que costumavam se reunir com Jesus e estavam todos trancados e com medo, tinham medo de que acontecesse com eles o mesmo que aconteceu com o Mestre. O medo nos aprisiona e n\u00e3o nos deixa sair do lugar, os disc\u00edpulos precisavam sair e anunciar o Reino de Deus pregado por Jesus. O mesmo acontece conosco, n\u00e3o devemos ter medo de anunciar o Reino de Deus e ir, sobretudo, nas periferias de nossa cidade anunciar o amor de Deus.<\/p>\n<p style=\"text-align: justify;\">De repente, o pr\u00f3prio Jesus se colocou no meio deles, sem precisar abrir as portas ou janelas, Ele deseja a paz aos disc\u00edpulos que \u00e9 a marca do ressuscitado. Ap\u00f3s essas palavras, Ele mostra as m\u00e3os e o lado, com isso os disc\u00edpulos se alegraram por verem o Senhor, at\u00e9 ent\u00e3o eles o tinham visto de longe e cheio de feridas devido a tudo que passou.<\/p>\n<p style=\"text-align: justify;\">Pela segunda vez, Jesus lhes deseja a paz e diz que do mesmo modo que o Pai o enviou, Ele tamb\u00e9m os envia. A partir daquele momento, Jesus os envia para que eles iniciassem a Igreja primitiva e lhes d\u00e1 \u201cpoder\u201d para que eles realizassem tudo aquilo que Ele fez. Esse \u201cpoder\u201d n\u00e3o \u00e9 nada m\u00e1gico, mas \u00e9 a for\u00e7a do Esp\u00edrito Santo que os acompanharia. A partir desse momento, eles estariam preparados para dar continuidade ao que Jesus iniciou.<\/p>\n<p style=\"text-align: justify;\">Jesus d\u00e1 poder aos disc\u00edpulos para perdoar os pecados, que \u00e9 o que os sacerdotes fazem at\u00e9 aos dias de hoje. Por isso, toda vez que o sacerdote atende a confiss\u00e3o e perdoa o pecado \u00e9 como se o pr\u00f3prio Cristo estivesse perdoando os nossos pecados, pois Ele transmite aos disc\u00edpulos e agora aos sacerdotes o poder de perdoar os pecados.<\/p>\n<p style=\"text-align: justify;\">Celebremos com alegria a solenidade de Pentecostes e pe\u00e7amos que Esp\u00edrito Santo venha com os seus dons sobre cada um de n\u00f3s e renove a nossa f\u00e9. Ao mesmo tempo, pe\u00e7amos que o Esp\u00edrito Santo renove a vida da Igreja e que ela possa se manter de p\u00e9 apesar dos ventos contr\u00e1rios. Pe\u00e7amos sempre o aux\u00edlio do Esp\u00edrito Santo quando tivermos que tomar alguma decis\u00e3o dif\u00edcil. Ele nos orientar\u00e1 a tomar a melhor decis\u00e3o.<\/p>\n","protected":false},"excerpt":{"rendered":"<p>Enviai o vosso Esp\u00edrito, Senhor e da terra toda a face renovai! (Sl 103\/104) Celebramos neste domingo a Solenidade de Pentecostes, cume e fechamento do tempo pascal. Ap\u00f3s termos vivido a semana ou novena, e, na noite anterior, tamb\u00e9m tivemos a novena de Pentecostes. Nesse domingo, como prometido, Jesus sopra sobre os disc\u00edpulos o Esp\u00edrito [&hellip;]<\/p>\n","protected":false},"author":5,"featured_media":55819,"comment_status":"open","ping_status":"closed","sticky":false,"template":"","format":"standard","meta":{"footnotes":""},"categories":[9],"tags":[],"class_list":["post-81893","post","type-post","status-publish","format-standard","has-post-thumbnail","hentry","category-artigos"],"_links":{"self":[{"href":"https:\/\/catolicanet.net\/wp-cnet\/wp-json\/wp\/v2\/posts\/81893","targetHints":{"allow":["GET"]}}],"collection":[{"href":"https:\/\/catolicanet.net\/wp-cnet\/wp-json\/wp\/v2\/posts"}],"about":[{"href":"https:\/\/catolicanet.net\/wp-cnet\/wp-json\/wp\/v2\/types\/post"}],"author":[{"embeddable":true,"href":"https:\/\/catolicanet.net\/wp-cnet\/wp-json\/wp\/v2\/users\/5"}],"replies":[{"embeddable":true,"href":"https:\/\/catolicanet.net\/wp-cnet\/wp-json\/wp\/v2\/comments?post=81893"}],"version-history":[{"count":1,"href":"https:\/\/catolicanet.net\/wp-cnet\/wp-json\/wp\/v2\/posts\/81893\/revisions"}],"predecessor-version":[{"id":81894,"href":"https:\/\/catolicanet.net\/wp-cnet\/wp-json\/wp\/v2\/posts\/81893\/revisions\/81894"}],"wp:featuredmedia":[{"embeddable":true,"href":"https:\/\/catolicanet.net\/wp-cnet\/wp-json\/wp\/v2\/media\/55819"}],"wp:attachment":[{"href":"https:\/\/catolicanet.net\/wp-cnet\/wp-json\/wp\/v2\/media?parent=81893"}],"wp:term":[{"taxonomy":"category","embeddable":true,"href":"https:\/\/catolicanet.net\/wp-cnet\/wp-json\/wp\/v2\/categories?post=81893"},{"taxonomy":"post_tag","embeddable":true,"href":"https:\/\/catolicanet.net\/wp-cnet\/wp-json\/wp\/v2\/tags?post=81893"}],"curies":[{"name":"wp","href":"https:\/\/api.w.org\/{rel}","templated":true}]}}