{"id":81846,"date":"2023-05-22T09:52:09","date_gmt":"2023-05-22T12:52:09","guid":{"rendered":"https:\/\/catolicanet.net\/wp-cnet\/?p=81846"},"modified":"2023-05-22T13:58:17","modified_gmt":"2023-05-22T16:58:17","slug":"congresso-eucaristico-internacional-em-quito-apresentados-logotipo-e-hino","status":"publish","type":"post","link":"https:\/\/catolicanet.net\/wp-cnet\/congresso-eucaristico-internacional-em-quito-apresentados-logotipo-e-hino\/","title":{"rendered":"Congresso Eucar\u00edstico Internacional em Quito, apresentados logotipo e hino"},"content":{"rendered":"<figure class=\"article__image\"><span class=\"didascalia_img\">O logotipo do Congresso Eucar\u00edstico Internacional no Equador\u00a0<\/span><\/figure>\n<div class=\"article__meta audioInside\" data-mediatype=\"\">\n<div class=\"article__subTitle\" style=\"text-align: justify;\">O hino oficial do evento sobre o tema \u201cFraternidade para curar o mundo\u201d foi apresentado na sede da Confer\u00eancia Episcopal. No logotipo, os s\u00edmbolos da cruz, do cora\u00e7\u00e3o, da H\u00f3stia e da capital equatoriana.<\/div>\n<div class=\"title__separator\" style=\"text-align: justify;\"><\/div>\n<div class=\"article__text\">\n<p style=\"text-align: justify;\"><b>Vatican News<\/b><\/p>\n<p style=\"text-align: justify;\">\u201cFraternidade para curar o mundo\u201d \u00e9 o tema do 53\u00ba Congresso Eucar\u00edstico Internacional (IEC2024) que se realizar\u00e1, em Quito, no Equador, de 8 a 15 de setembro de 2024 e que culminar\u00e1 com a celebra\u00e7\u00e3o da Statio orbis. Um tema inspirado nas palavras do Evangelho \u201cVoc\u00eas s\u00e3o todos irm\u00e3os\u201d (Mt 23,8) que recorda a atual experi\u00eancia sinodal da Igreja chamada a se tornar lugar fraterno de inclus\u00e3o, de perten\u00e7a compartilhada e de profunda hospitalidade.<\/p>\n<div style=\"text-align: justify;\">\n<div class=\"article__embed article__embed--unwrap article__embed--dark\">\n<div class=\"article__innerTitle\">Ou\u00e7a e compartilhe<\/div>\n<div>\n<!--[if lt IE 9]><script>document.createElement('audio');<\/script><![endif]-->\n<audio class=\"wp-audio-shortcode\" id=\"audio-81846-1\" preload=\"none\" style=\"width: 100%;\" controls=\"controls\"><source type=\"audio\/mpeg\" src=\"https:\/\/media.vaticannews.va\/media\/audio\/s1\/2023\/05\/22\/15\/137085105_F137085105.mp3?_=1\" \/><a href=\"https:\/\/media.vaticannews.va\/media\/audio\/s1\/2023\/05\/22\/15\/137085105_F137085105.mp3\">https:\/\/media.vaticannews.va\/media\/audio\/s1\/2023\/05\/22\/15\/137085105_F137085105.mp3<\/a><\/audio>\n<\/div>\n<\/div>\n<\/div>\n<p style=\"text-align: justify;\">No dia 10 de maio, o logotipo e o hino oficial do Congresso foram apresentados na sede da Confer\u00eancia Episcopal Equatoriana. As not\u00edcias relativas ao evento podem ser encontradas no site da Comiss\u00e3o Preparat\u00f3ria e da Pontif\u00edcia Comiss\u00e3o para os Congressos Eucar\u00edsticos Internacionais.<\/p>\n<h2 style=\"text-align: justify;\">O logotipo<\/h2>\n<p style=\"text-align: justify;\">No logo os s\u00edmbolos s\u00e3o a cruz, o cora\u00e7\u00e3o, a H\u00f3stia e a cidade de Quito. A Cruz de Cristo, explica uma nota da Pontif\u00edcia Comiss\u00e3o para os Congressos Eucar\u00edsticos Internacionais, entra na carne do mundo para curar as feridas abertas pelo pecado: desobedi\u00eancia a Deus, abuso do pr\u00f3ximo e explora\u00e7\u00e3o da cria\u00e7\u00e3o. \u00c9 o novo eixo da hist\u00f3ria. Ali onde a humanidade descarregou a maior viol\u00eancia contra o Cordeiro de Deus, \u00e9 precisamente ali que Deus derramou o seu amor em abund\u00e2ncia nos sinais da \u00e1gua e do sangue que brotaram do lado aberto de Cristo na Cruz. O Crucificado \u00e9 o Ressuscitado. De bra\u00e7os abertos abra\u00e7a a todos como irm\u00e3os reconciliados com o Pai.<\/p>\n<p style=\"text-align: justify;\">O Cora\u00e7\u00e3o aberto de Cristo na Cruz \u00e9 a fonte do amor que faz novas todas as coisas. A sua ferida j\u00e1 n\u00e3o transpira morte, mas \u00e9 fonte de vida e de reconcilia\u00e7\u00e3o. Portanto, as feridas abertas do Ressuscitado s\u00e3o as novas feridas do amor que curam, aqui e agora, todas as feridas ainda abertas do \u00f3dio, da inimizade, da viol\u00eancia e da morte.<\/p>\n<h2 style=\"text-align: justify;\">O s\u00edmbolo da Eucaristia<\/h2>\n<p style=\"text-align: justify;\">A h\u00f3stia se refere \u00e0 Eucaristia, que \u00e9 o \u00e1pice e a fonte de toda a vida crist\u00e3. A luz da Eucaristia d\u00e1 uma nova dire\u00e7\u00e3o \u00e0 hist\u00f3ria humana porque Deus continua reunindo o seu povo, do Oriente ao Ocidente, reunindo-o em torno da Palavra da vida e do P\u00e3o vivo que desceu do c\u00e9u. A Eucaristia \u00e9 v\u00ednculo de fraternidade: onde o pecado nos desconhece como irm\u00e3os, a celebra\u00e7\u00e3o eucar\u00edstica nos re\u00fane na mesma mesa como filhos do mesmo Pai.<\/p>\n<h2 style=\"text-align: justify;\">A cidade de Quito<\/h2>\n<p style=\"text-align: justify;\">Por fim, Quito, situada no meio do mundo, localizada na latitude zero, que expande a sua tenda para se tornar uma imensa cidade eucar\u00edstica onde todos somos convidados a participar deste grande sonho de uma fraternidade redimida e curada pelo amor perfeito de Cristo, amor que sempre precede, amor que nesta hora da hist\u00f3ria ajuda a tomar consci\u00eancia de que &#8220;Voc\u00eas s\u00e3o todos irm\u00e3os&#8221;.<\/p>\n<\/div>\n<\/div>\n","protected":false},"excerpt":{"rendered":"<p>O logotipo do Congresso Eucar\u00edstico Internacional no Equador\u00a0 O hino oficial do evento sobre o tema \u201cFraternidade para curar o mundo\u201d foi apresentado na sede da Confer\u00eancia Episcopal. No logotipo, os s\u00edmbolos da cruz, do cora\u00e7\u00e3o, da H\u00f3stia e da capital equatoriana. Vatican News \u201cFraternidade para curar o mundo\u201d \u00e9 o tema do 53\u00ba Congresso [&hellip;]<\/p>\n","protected":false},"author":1,"featured_media":81847,"comment_status":"open","ping_status":"closed","sticky":false,"template":"","format":"standard","meta":{"footnotes":""},"categories":[3],"tags":[],"class_list":["post-81846","post","type-post","status-publish","format-standard","has-post-thumbnail","hentry","category-vaticano"],"_links":{"self":[{"href":"https:\/\/catolicanet.net\/wp-cnet\/wp-json\/wp\/v2\/posts\/81846","targetHints":{"allow":["GET"]}}],"collection":[{"href":"https:\/\/catolicanet.net\/wp-cnet\/wp-json\/wp\/v2\/posts"}],"about":[{"href":"https:\/\/catolicanet.net\/wp-cnet\/wp-json\/wp\/v2\/types\/post"}],"author":[{"embeddable":true,"href":"https:\/\/catolicanet.net\/wp-cnet\/wp-json\/wp\/v2\/users\/1"}],"replies":[{"embeddable":true,"href":"https:\/\/catolicanet.net\/wp-cnet\/wp-json\/wp\/v2\/comments?post=81846"}],"version-history":[{"count":1,"href":"https:\/\/catolicanet.net\/wp-cnet\/wp-json\/wp\/v2\/posts\/81846\/revisions"}],"predecessor-version":[{"id":81848,"href":"https:\/\/catolicanet.net\/wp-cnet\/wp-json\/wp\/v2\/posts\/81846\/revisions\/81848"}],"wp:featuredmedia":[{"embeddable":true,"href":"https:\/\/catolicanet.net\/wp-cnet\/wp-json\/wp\/v2\/media\/81847"}],"wp:attachment":[{"href":"https:\/\/catolicanet.net\/wp-cnet\/wp-json\/wp\/v2\/media?parent=81846"}],"wp:term":[{"taxonomy":"category","embeddable":true,"href":"https:\/\/catolicanet.net\/wp-cnet\/wp-json\/wp\/v2\/categories?post=81846"},{"taxonomy":"post_tag","embeddable":true,"href":"https:\/\/catolicanet.net\/wp-cnet\/wp-json\/wp\/v2\/tags?post=81846"}],"curies":[{"name":"wp","href":"https:\/\/api.w.org\/{rel}","templated":true}]}}