{"id":81826,"date":"2023-05-19T10:13:01","date_gmt":"2023-05-19T13:13:01","guid":{"rendered":"https:\/\/catolicanet.net\/wp-cnet\/?p=81826"},"modified":"2023-05-19T16:14:56","modified_gmt":"2023-05-19T19:14:56","slug":"haiti-dumas-que-o-mundo-ajude-o-povo-a-se-estabilizar-e-reencontrar-sua-dignidade","status":"publish","type":"post","link":"https:\/\/catolicanet.net\/wp-cnet\/haiti-dumas-que-o-mundo-ajude-o-povo-a-se-estabilizar-e-reencontrar-sua-dignidade\/","title":{"rendered":"Haiti, Dumas: que o mundo ajude o povo a se estabilizar e reencontrar sua dignidade"},"content":{"rendered":"<div class=\"article__subTitle\" style=\"text-align: justify;\">O bispo de Anse-\u00e0-veau denuncia a grave inseguran\u00e7a que se vive no pa\u00eds caribenho, devastado pela viol\u00eancia das gangues, alimentada por uma longa hist\u00f3ria de agita\u00e7\u00e3o pol\u00edtica, instabilidade, corrup\u00e7\u00e3o e pobreza generalizada: &#8220;Ajudar esse povo que ajudou a abolir a escravid\u00e3o&#8221;.<\/div>\n<div class=\"title__separator\" style=\"text-align: justify;\"><\/div>\n<div class=\"article__text\">\n<p style=\"text-align: justify;\"><b>Jean Charles Putzolu \u2013 Vatican News<\/b><\/p>\n<p style=\"text-align: justify;\">As gangues armadas se tornaram um grande problema no Haiti, particularmente na capital, Porto Pr\u00edncipe, e em outras \u00e1reas urbanas. Essas gangues est\u00e3o envolvidas em atividades criminosas, como extors\u00e3o, tr\u00e1fico de drogas e sequestro por dinheiro. A situa\u00e7\u00e3o \u00e9 tal que as Na\u00e7\u00f5es Unidas est\u00e3o em campanha pelo envio de uma for\u00e7a internacional. O Conselho de Seguran\u00e7a toma nota da deteriora\u00e7\u00e3o da situa\u00e7\u00e3o de seguran\u00e7a no pa\u00eds, mas n\u00e3o chega a um acordo sobre a forma\u00e7\u00e3o de uma for\u00e7a internacional. Enquanto isso, a popula\u00e7\u00e3o haitiana \u00e9 deixada sozinha. Diante da viol\u00eancia e da incapacidade das for\u00e7as policiais, os haitianos se organizam em grupos de autodefesa. Uma situa\u00e7\u00e3o perigosa para dom Pierre Andr\u00e9 Dumas, bispo haitiano de Anse-\u00e0-Veau.<\/p>\n<div style=\"text-align: justify;\">\n<div class=\"article__embed article__embed--unwrap article__embed--dark\">\n<div class=\"article__innerTitle\">Ou\u00e7a e compartilhe<\/div>\n<div>\n<!--[if lt IE 9]><script>document.createElement('audio');<\/script><![endif]-->\n<audio class=\"wp-audio-shortcode\" id=\"audio-81826-1\" preload=\"none\" style=\"width: 100%;\" controls=\"controls\"><source type=\"audio\/mpeg\" src=\"https:\/\/media.vaticannews.va\/media\/audio\/s1\/2023\/05\/19\/14\/137077637_F137077637.mp3?_=1\" \/><a href=\"https:\/\/media.vaticannews.va\/media\/audio\/s1\/2023\/05\/19\/14\/137077637_F137077637.mp3\">https:\/\/media.vaticannews.va\/media\/audio\/s1\/2023\/05\/19\/14\/137077637_F137077637.mp3<\/a><\/audio>\n<\/div>\n<\/div>\n<\/div>\n<p style=\"text-align: justify;\"><b>Dom Pierre Andr\u00e9 Dumas, o que significa a presen\u00e7a de gangues armadas no dia a dia para a popula\u00e7\u00e3o e para o senhor? Como viver nesse contexto de viol\u00eancia?<\/b><\/p>\n<p style=\"text-align: justify;\">A situa\u00e7\u00e3o no Haiti ainda \u00e9 muito dif\u00edcil. H\u00e1 uma viol\u00eancia que atinge todos os estratos, todos os setores da popula\u00e7\u00e3o, e s\u00e3o os mais pobres que pagam as consequ\u00eancias. No n\u00edvel da Igreja, no n\u00edvel da igreja local, no n\u00edvel da minha diocese, tentamos estar no meio da popula\u00e7\u00e3o e assegurar \u00e0s pessoas que a viol\u00eancia n\u00e3o ter\u00e1 a \u00faltima palavra. Tamb\u00e9m estamos trabalhando para que haja muitos lugares de escuta, partilha e di\u00e1logo e para que as pessoas se reconectem com confian\u00e7a.<\/p>\n<p style=\"text-align: justify;\"><b>Qu\u00e3o difundida \u00e9 essa viol\u00eancia no pa\u00eds?<\/b><\/p>\n<p style=\"text-align: justify;\">\u00c0s vezes, em certos bairros ou em certas \u00e1reas, h\u00e1 crian\u00e7as ou muitos jovens que s\u00e3o obrigados a se unir a uma ou outra gangue. Mas agora h\u00e1 uma rea\u00e7\u00e3o da popula\u00e7\u00e3o. Os membros das gangues est\u00e3o come\u00e7ando a temer e a inseguran\u00e7a teria mudado de campo. No entanto, tamb\u00e9m n\u00e3o podemos nos afundar numa situa\u00e7\u00e3o ca\u00f3tica e an\u00e1rquica. Acredito que a pol\u00edcia, como tal, tem um papel muito importante a desempenhar, para restaurar a confian\u00e7a das pessoas e mostrar que o Estado \u00e9 organizado. De nossa parte, procuramos ajudar as pessoas a acolher o outro como irm\u00e3o, a cuidar para que a fraternidade seja realmente vivida. Mas acima de tudo, n\u00e3o fazer justi\u00e7a com as pr\u00f3prias m\u00e3os.<\/p>\n<p style=\"text-align: justify;\"><b>Como as fam\u00edlias podem proteger as crian\u00e7as, impedir que sejam recrutadas para grupos armados?<\/b><\/p>\n<p style=\"text-align: justify;\">Acredito que se deve agir desde o in\u00edcio. Chegamos a esse ponto porque, durante muito tempo, tivemos crian\u00e7as abandonadas nas ruas, crian\u00e7as soltas na natureza, que viviam sozinhas, abandonadas \u00e0 pr\u00f3pria sorte, sem fam\u00edlia. \u00c0s vezes, a grande pobreza, a pobreza extrema, levou as fam\u00edlias a abandonar os filhos. E essas s\u00e3o as crian\u00e7as a quem os pol\u00edticos distribu\u00edram armas. Essas crian\u00e7as pegaram em armas, cresceram e est\u00e3o se afastando desses pol\u00edticos, pensando que podem ganhar dinheiro sozinhas. Ent\u00e3o sequestram e confinam pessoas em troca de resgates e, para receber, recorrem a muita viol\u00eancia. \u00c0s vezes elas torturam as pessoas. Acho que os valores familiares, gera\u00e7\u00e3o de empregos para jovens, desenvolvimento humano integral para o pa\u00eds, podem ajudar a na\u00e7\u00e3o a resolver um pouco essa quest\u00e3o.<\/p>\n<div style=\"text-align: justify;\">\n<div class=\"article__embed article__embed--unwrap article__embed--photo\">\n<figure><picture><img decoding=\"async\" class=\"loading\" src=\"https:\/\/www.vaticannews.va\/content\/dam\/vaticannews\/multimedia\/2023\/05\/19\/Pierre-AndreDumas.jpg\/_jcr_content\/renditions\/cq5dam.thumbnail.cropped.750.422.jpeg\" alt=\"Dom Pierre Andr\u00e9 Dumas, bispo de Anse-\u00e0-Veau\" data-original=\"\/content\/dam\/vaticannews\/multimedia\/2023\/05\/19\/Pierre-AndreDumas.jpg\/_jcr_content\/renditions\/cq5dam.thumbnail.cropped.750.422.jpeg\" data-was-processed=\"true\" \/><\/picture><\/figure>\n<div class=\"photo_embed--Title\">Dom Pierre Andr\u00e9 Dumas, bispo de Anse-\u00e0-Veau<\/div>\n<\/div>\n<\/div>\n<p style=\"text-align: justify;\"><b>A que se deve exatamente a falta de meios das autoridades para combater o fen\u00f4meno?<\/b><\/p>\n<p style=\"text-align: justify;\">Durante muito tempo, o Haiti viveu uma situa\u00e7\u00e3o extremamente delicada no plano pol\u00edtico. N\u00e3o houve estabilidade e toda a din\u00e2mica do setor tur\u00edstico foi perturbada. Agora, acho que temos que apoiar mais o povo haitiano, n\u00e3o decidir por ele e garantir que as solu\u00e7\u00f5es venham de dentro. As pessoas precisam assumir o comando, tornar-se protagonistas de sua pr\u00f3pria hist\u00f3ria e concordar em abrir caminho para as gera\u00e7\u00f5es futuras. Cada vez que impomos uma solu\u00e7\u00e3o de outro lugar, ela dura alguns anos e ent\u00e3o nos encontramos no ponto de partida.<\/p>\n<p style=\"text-align: justify;\"><b>O senhor fala especificamente de uma solu\u00e7\u00e3o que deve vir de dentro, mas o chefe da ONU, Ant\u00f4nio Guterres, diz ser a favor de uma for\u00e7a de interven\u00e7\u00e3o internacional. O senhor acha que esse \u00e9 um caminho poss\u00edvel?<\/b><\/p>\n<p style=\"text-align: justify;\">A ONU representa as na\u00e7\u00f5es e o secret\u00e1rio-geral h\u00e1 muito pede essa interven\u00e7\u00e3o. As na\u00e7\u00f5es j\u00e1 sabem o que fazer e sabem que sozinho o Haiti n\u00e3o poder\u00e1 caminhar para uma solu\u00e7\u00e3o. Ao mesmo tempo, n\u00e3o podemos fazer qualquer tipo de interven\u00e7\u00e3o. Precisamos muito apoiar, consolidar, profissionalizar e reformar a pol\u00edcia, e torn\u00e1-la muito mais eficaz e eficiente. Acredito que chegamos a um momento em que realmente temos que agir. N\u00e3o cabe a mim dizer sim ou n\u00e3o a uma for\u00e7a internacional, mas acho que temos o direito de acompanhar a popula\u00e7\u00e3o de forma concreta, para ajud\u00e1-la a encontrar solu\u00e7\u00f5es e fazer com que as na\u00e7\u00f5es possam concordar em encontrar uma sa\u00edda e permitir ao Haiti de se reerguer, se estabilizar, se controlar e, ao mesmo tempo, ajudar esse povo a recuperar a dignidade que j\u00e1 teve; esse povo que ajudou o mundo a acabar com a quest\u00e3o da escravid\u00e3o.<\/p>\n<\/div>\n","protected":false},"excerpt":{"rendered":"<p>O bispo de Anse-\u00e0-veau denuncia a grave inseguran\u00e7a que se vive no pa\u00eds caribenho, devastado pela viol\u00eancia das gangues, alimentada por uma longa hist\u00f3ria de agita\u00e7\u00e3o pol\u00edtica, instabilidade, corrup\u00e7\u00e3o e pobreza generalizada: &#8220;Ajudar esse povo que ajudou a abolir a escravid\u00e3o&#8221;. Jean Charles Putzolu \u2013 Vatican News As gangues armadas se tornaram um grande problema [&hellip;]<\/p>\n","protected":false},"author":1,"featured_media":81827,"comment_status":"open","ping_status":"closed","sticky":false,"template":"","format":"standard","meta":{"footnotes":""},"categories":[13,3],"tags":[],"class_list":["post-81826","post","type-post","status-publish","format-standard","has-post-thumbnail","hentry","category-featured","category-vaticano"],"_links":{"self":[{"href":"https:\/\/catolicanet.net\/wp-cnet\/wp-json\/wp\/v2\/posts\/81826","targetHints":{"allow":["GET"]}}],"collection":[{"href":"https:\/\/catolicanet.net\/wp-cnet\/wp-json\/wp\/v2\/posts"}],"about":[{"href":"https:\/\/catolicanet.net\/wp-cnet\/wp-json\/wp\/v2\/types\/post"}],"author":[{"embeddable":true,"href":"https:\/\/catolicanet.net\/wp-cnet\/wp-json\/wp\/v2\/users\/1"}],"replies":[{"embeddable":true,"href":"https:\/\/catolicanet.net\/wp-cnet\/wp-json\/wp\/v2\/comments?post=81826"}],"version-history":[{"count":1,"href":"https:\/\/catolicanet.net\/wp-cnet\/wp-json\/wp\/v2\/posts\/81826\/revisions"}],"predecessor-version":[{"id":81828,"href":"https:\/\/catolicanet.net\/wp-cnet\/wp-json\/wp\/v2\/posts\/81826\/revisions\/81828"}],"wp:featuredmedia":[{"embeddable":true,"href":"https:\/\/catolicanet.net\/wp-cnet\/wp-json\/wp\/v2\/media\/81827"}],"wp:attachment":[{"href":"https:\/\/catolicanet.net\/wp-cnet\/wp-json\/wp\/v2\/media?parent=81826"}],"wp:term":[{"taxonomy":"category","embeddable":true,"href":"https:\/\/catolicanet.net\/wp-cnet\/wp-json\/wp\/v2\/categories?post=81826"},{"taxonomy":"post_tag","embeddable":true,"href":"https:\/\/catolicanet.net\/wp-cnet\/wp-json\/wp\/v2\/tags?post=81826"}],"curies":[{"name":"wp","href":"https:\/\/api.w.org\/{rel}","templated":true}]}}