{"id":81814,"date":"2023-05-24T09:37:27","date_gmt":"2023-05-24T12:37:27","guid":{"rendered":"https:\/\/catolicanet.net\/wp-cnet\/?p=81814"},"modified":"2023-05-18T12:38:14","modified_gmt":"2023-05-18T15:38:14","slug":"nossa-senhora-auxiliadora-2","status":"publish","type":"post","link":"https:\/\/catolicanet.net\/wp-cnet\/nossa-senhora-auxiliadora-2\/","title":{"rendered":"Nossa Senhora Auxiliadora"},"content":{"rendered":"<p style=\"text-align: justify;\">O m\u00eas de maio \u00e9 um m\u00eas especial para a Igreja, \u00e9 o m\u00eas Mariano e m\u00eas das m\u00e3es. A Igreja convida todos os fi\u00e9is a rezarem o ros\u00e1rio nesse m\u00eas. Ao longo do m\u00eas de maio, celebramos muita festa festas marianas, entre as quais: Nossa Senhora de F\u00e1tima (13), Nossa Senhora Auxiliadora (24) e a Visita\u00e7\u00e3o de Nossa Senhora (31). Por isso, somos convidados a rezar o ros\u00e1rio ao longo desse m\u00eas, agradecendo a Deus por nos ter dado Maria como m\u00e3e.<\/p>\n<p style=\"text-align: justify;\">Nossa Senhora Auxiliadora \u00e9 o aux\u00edlio dos crist\u00e3os, sempre podemos recorrer a Ela em nossas necessidades, como Ela sempre fez ao longo da hist\u00f3ria. Na China tem um grande Santu\u00e1rio a ela dedicado. O Papa Bento XVI quis que esse dia fosse tamb\u00e9m um dia de ora\u00e7\u00e3o pela China. Nossa Senhora, quando esteve aos p\u00e9s da cruz, Jesus entrega a humanidade aos seus cuidados, e Ela acolhe a todos e cuida de todos os crist\u00e3os. Nossa Senhora \u00e9 a M\u00e3e da Igreja, portanto, M\u00e3e de cada um de n\u00f3s. Ela esteve com os disc\u00edpulos na miss\u00e3o, ajudando no trabalho de evangeliza\u00e7\u00e3o dos primeiros crist\u00e3os e est\u00e1 junto conosco, tamb\u00e9m.<\/p>\n<p style=\"text-align: justify;\">Nossa Senhora Auxiliadora \u00e9 padroeira da Congrega\u00e7\u00e3o dos Salesianos (SDB), pois S\u00e3o Jo\u00e3o Bosco, fundador da Congrega\u00e7\u00e3o, era devoto de Nossa Senhora Auxiliadora e conseguiu grandes gra\u00e7as por seu interm\u00e9dio. Pe\u00e7amos, sempre, o aux\u00edlio de Nossa Senhora todas as vezes que nos sentirmos aflitos.<\/p>\n<p style=\"text-align: justify;\">O t\u00edtulo de Auxiliadora remonta ao s\u00e9culo XVI, quando a express\u00e3o \u201caux\u00edlio dos crist\u00e3os\u201d foi introduzida na Ladainha de Nossa Senhora pelo Papa S\u00e3o Pio V. Isso se deu porque os crist\u00e3os venceram os mu\u00e7ulmanos em uma batalha nas \u00e1guas de Lepanto, em 1571. Por\u00e9m, a festa de Nossa Senhora Auxiliadora entrou no calend\u00e1rio da Igreja em 1814, por interm\u00e9dio do Papa Pio VII, quando ele retornou da Fran\u00e7a, ap\u00f3s ter sido preso por Napole\u00e3o Bonaparte. O Papa atribuiu sua liberta\u00e7\u00e3o \u00e0 Nossa Senhora Auxiliadora e fixou a data de 24 de maio para a sua festa. Depois, quem difundiu realmente a devo\u00e7\u00e3o \u00e0 Nossa Senhora Auxiliadora foi Dom Bosco.<\/p>\n<p style=\"text-align: justify;\">Dom Bosco, desde pequeno, aprendeu com sua m\u00e3e a ter grande confian\u00e7a em Nossa Senhora. A m\u00e3e de Dom Bosco chamava-se Margarida e sempre interrompia algum trabalho do dia para saudar a Virgem Maria. A hora do angelus era um momento sagrado para dona Margarida, que para ela era um encontro com Deus e de mem\u00f3ria da anuncia\u00e7\u00e3o de Nossa Senhora.<\/p>\n<p style=\"text-align: justify;\">Em 1824, justamente dez anos ap\u00f3s o Papa Pio VII ter introduzido a festa de Nossa Senhora Auxiliadora, quando Dom Bosco tinha nove anos, ele teve um sonho prof\u00e9tico, em que lhe foi manifestado o campo de seu futuro apostolado. Nesse sonho, o menino Jo\u00e3o ouviu a voz do Senhor e logo depois de ouvi-la, apareceu-lhe uma senhora de aspecto majestoso. Sem saber quem era essa senhora, Jo\u00e3o pergunta quem era ela, e obt\u00e9m a resposta: <em>\u201cEu sou aquela que sua m\u00e3e ensinou a saudar tr\u00eas vezes ao dia\u201d. <\/em><\/p>\n<p style=\"text-align: justify;\">No ano de 1862, Dom Jo\u00e3o Bosco iniciou a constru\u00e7\u00e3o, em Turim, de uma Bas\u00edlica dedicada \u00e0 Nossa Senhora, aux\u00edlio dos crist\u00e3os. Ele disse que era necess\u00e1rio dedicar aquele templo \u00e0 Nossa Senhora Auxiliadora, pois naquele momento vivia-se tempos dif\u00edceis e era necess\u00e1rio pedir o aux\u00edlio de Nossa Senhora para salvaguardar a f\u00e9.<\/p>\n<p style=\"text-align: justify;\">Com a constru\u00e7\u00e3o da Bas\u00edlica de Maria Auxiliadora em Turim, Dom Bosco quis construir um monumento que fosse eterno e em forma de gratid\u00e3o \u00e0 Nossa Senhora Auxiliadora. Ele disse: \u201cMaria, Sant\u00edssima \u00e9 a minha m\u00e3e\u201d. E ele dizia que Ela sempre foi o seu guia ao longo de sua vida.<\/p>\n<p style=\"text-align: justify;\">Em todas as suas palestras, confer\u00eancias e homilias, Dom Bosco ensinava sobre a import\u00e2ncia de notar sempre a presen\u00e7a materna de Nossa Senhora. Ele fazia as pessoas refletirem o quanto Nossa Senhora \u00e9 importante e que Ela seja verdadeiramente honrada, pois \u00e9 a M\u00e3e de Deus e nossa m\u00e3e.<\/p>\n<p style=\"text-align: justify;\">Dom Jo\u00e3o Bosco ensinou aos religiosos da fam\u00edlia salesiana a nutrirem um amor por Nossa Senhora e sempre a invocar em qualquer circunst\u00e2ncia da vida. Ensinou a eles, sobretudo, a invoc\u00e1-la como auxiliadora. V\u00e1rios escritos de Dom Bosco retratam o amor que ele nutria pela Virgem Maria. Ele pedia em seus escritos para que os padres e religiosos de sua congrega\u00e7\u00e3o ensinassem aos seus fi\u00e9is a devo\u00e7\u00e3o a Nossa Senhora Auxiliadora e a Jesus sacramentado. E recomendou que em todas as casas salesianas houvesse uma imagem de Nossa Senhora Auxiliadora, e quando um jovem entrar numa dessas casas, seria acolhido por Nossa Senhora.<\/p>\n<p style=\"text-align: justify;\">Dom Bosco confiou \u00e0 fam\u00edlia salesiana a propaga\u00e7\u00e3o dessa devo\u00e7\u00e3o, que nada mais \u00e9 do que a devo\u00e7\u00e3o \u00e0 m\u00e3e de Deus, \u00e0 Igreja e ao Papa. Que todos n\u00f3s possamos cultivar em nosso cora\u00e7\u00e3o essa bonita devo\u00e7\u00e3o \u00e0 Nossa Senhora Auxiliadora e clamemos a sua ajuda em diversas circunst\u00e2ncias da nossa vida. Am\u00e9m!<\/p>\n","protected":false},"excerpt":{"rendered":"<p>O m\u00eas de maio \u00e9 um m\u00eas especial para a Igreja, \u00e9 o m\u00eas Mariano e m\u00eas das m\u00e3es. A Igreja convida todos os fi\u00e9is a rezarem o ros\u00e1rio nesse m\u00eas. Ao longo do m\u00eas de maio, celebramos muita festa festas marianas, entre as quais: Nossa Senhora de F\u00e1tima (13), Nossa Senhora Auxiliadora (24) e [&hellip;]<\/p>\n","protected":false},"author":5,"featured_media":55819,"comment_status":"open","ping_status":"closed","sticky":false,"template":"","format":"standard","meta":{"footnotes":""},"categories":[9],"tags":[],"class_list":["post-81814","post","type-post","status-publish","format-standard","has-post-thumbnail","hentry","category-artigos"],"_links":{"self":[{"href":"https:\/\/catolicanet.net\/wp-cnet\/wp-json\/wp\/v2\/posts\/81814","targetHints":{"allow":["GET"]}}],"collection":[{"href":"https:\/\/catolicanet.net\/wp-cnet\/wp-json\/wp\/v2\/posts"}],"about":[{"href":"https:\/\/catolicanet.net\/wp-cnet\/wp-json\/wp\/v2\/types\/post"}],"author":[{"embeddable":true,"href":"https:\/\/catolicanet.net\/wp-cnet\/wp-json\/wp\/v2\/users\/5"}],"replies":[{"embeddable":true,"href":"https:\/\/catolicanet.net\/wp-cnet\/wp-json\/wp\/v2\/comments?post=81814"}],"version-history":[{"count":1,"href":"https:\/\/catolicanet.net\/wp-cnet\/wp-json\/wp\/v2\/posts\/81814\/revisions"}],"predecessor-version":[{"id":81815,"href":"https:\/\/catolicanet.net\/wp-cnet\/wp-json\/wp\/v2\/posts\/81814\/revisions\/81815"}],"wp:featuredmedia":[{"embeddable":true,"href":"https:\/\/catolicanet.net\/wp-cnet\/wp-json\/wp\/v2\/media\/55819"}],"wp:attachment":[{"href":"https:\/\/catolicanet.net\/wp-cnet\/wp-json\/wp\/v2\/media?parent=81814"}],"wp:term":[{"taxonomy":"category","embeddable":true,"href":"https:\/\/catolicanet.net\/wp-cnet\/wp-json\/wp\/v2\/categories?post=81814"},{"taxonomy":"post_tag","embeddable":true,"href":"https:\/\/catolicanet.net\/wp-cnet\/wp-json\/wp\/v2\/tags?post=81814"}],"curies":[{"name":"wp","href":"https:\/\/api.w.org\/{rel}","templated":true}]}}