{"id":81781,"date":"2023-05-18T10:19:47","date_gmt":"2023-05-18T13:19:47","guid":{"rendered":"https:\/\/catolicanet.net\/wp-cnet\/?p=81781"},"modified":"2023-05-18T12:20:51","modified_gmt":"2023-05-18T15:20:51","slug":"dez-curiosidades-sobre-os-museus-vaticanos","status":"publish","type":"post","link":"https:\/\/catolicanet.net\/wp-cnet\/dez-curiosidades-sobre-os-museus-vaticanos\/","title":{"rendered":"Dez curiosidades sobre os Museus Vaticanos"},"content":{"rendered":"<p style=\"text-align: justify;\">Hoje, 18 de maio, \u00e9 o Dia Internacional dos Museus. Por isso, contamos algumas das curiosidades de uma das maiores cole\u00e7\u00f5es de arte do mundo, os Museus Vaticanos.<\/p>\n<p style=\"text-align: justify;\"><strong>1. Seu tamanho<\/strong><\/p>\n<p style=\"text-align: justify;\">Conhecido como \u201co Museu dos museus\u201d, cont\u00e9m a maior cole\u00e7\u00e3o de arte do mundo e fica na Cidade do Vaticano.<\/p>\n<p style=\"text-align: justify;\">Seus longos corredores e salas com 9 milh\u00f5es de pe\u00e7as de arte representam um total de 15 km que s\u00e3o percorridos por mais de 15 milh\u00f5es de pessoas por ano.<\/p>\n<p style=\"text-align: justify;\">Diz-se que o conjunto de suas obras poderia cobrir mais de quatro vezes todas as paredes do Vaticano.<\/p>\n<p style=\"text-align: justify;\"><strong>2. Suas origens<\/strong><\/p>\n<p style=\"text-align: justify;\">Esses museus nascem com as obras privadas de J\u00falio II, que, eleito papa em 1503, transferiu sua cole\u00e7\u00e3o para o P\u00e1tio Octogonal.<\/p>\n<p style=\"text-align: justify;\">Entre as primeiras obras est\u00e3o: \u201cApolo de Belvedere\u201d, \u201cVenere Felice\u201d, \u201cAriadne adormecida\u201d e o \u201cgrupo de Laocoonte e seus filhos\u201d.<\/p>\n<p style=\"text-align: justify;\">O papa J\u00falio II mandou autenticar a est\u00e1tua &#8220;Laocoonte e seus filhos&#8221;, para posteriormente adquiri-la. Esta escultura foi uma das primeiras a fazer parte da exposi\u00e7\u00e3o do Museu Pio Clementino, fundado em 1771 pelo papa Clemente XIV.<\/p>\n<p style=\"text-align: justify;\"><strong>3. Hitler foi proibido de visit\u00e1-lo<\/strong><\/p>\n<p style=\"text-align: justify;\">Em maio de 1938, quando Adolf Hitler chegou a Roma como convidado do rei Victor Emmanuel III e Benito Mussolini, o papa Pio XI n\u00e3o quis o receber e, por isso, foi para a vila de Castel Gandolfo por alguns dias.<\/p>\n<p style=\"text-align: justify;\">O ent\u00e3o papa ordenou que tanto o museu como a bas\u00edlica de S\u00e3o Pedro fossem fechados para que o ditador n\u00e3o visitasse os dois lugares.<\/p>\n<p style=\"text-align: justify;\"><strong>4. Do Vaticano \u00e0 lua<\/strong><\/p>\n<p style=\"text-align: justify;\">Um fato curioso que poucos sabem \u00e9 que uma bandeira do Vaticano viajou para a lua no Apollo 11. Os Museus Vaticanos guardam essa pequena bandeira com alguns fragmentos da superf\u00edcie lunar.<\/p>\n<p style=\"text-align: justify;\">Foi o ent\u00e3o presidente dos EUA, Richard Nixon, que entregou esta ins\u00edgnia ao Vaticano, e junto dela est\u00e1 uma placa onde se pode ler: &#8220;Esta bandeira viajou para a lua e voltou no Apollo 11, e alguns fragmentos da superf\u00edcie lunar foram trazidos \u00e0 Terra pela primeira tripula\u00e7\u00e3o a pousar na lua.<\/p>\n<p style=\"text-align: justify;\"><strong>5. Figos ou ma\u00e7\u00e3s?<\/strong><\/p>\n<p style=\"text-align: justify;\">A precis\u00e3o e meticulosidade de Michelangelo na cria\u00e7\u00e3o da Capela Sistina \u00e9 bem conhecida. De fato, a \u00e1rvore da qual Eva colhe o fruto proibido n\u00e3o \u00e9 uma macieira, mas \u00e9 poss\u00edvel ver as folhas de uma figueira.<\/p>\n<p style=\"text-align: justify;\">O livro de G\u00eanesis n\u00e3o fala que o fruto provado por Eva e Ad\u00e3o foi uma ma\u00e7\u00e3.<\/p>\n<p style=\"text-align: justify;\">No texto do G\u00eanesis, o tipo de fruto (<em>tappuah<\/em>) n\u00e3o especifica o fruto que Eva colhe, por\u00e9m mais adiante fala-se que, ao descobrirem sua nudez, Ad\u00e3o e Eva se cobrem com folhas de figueira, e \u00e9 por isso que algumas tradi\u00e7\u00f5es dizem que o fruto proibido foi o figo.<\/p>\n<p style=\"text-align: justify;\"><strong>6. Tarefa enorme<\/strong><\/p>\n<p style=\"text-align: justify;\">Michelangelo inicialmente recusou o trabalho na Capela Sistina por causa da magnitude do trabalho e porque achava que seus rivais esperavam que ele fracassasse.<\/p>\n<p style=\"text-align: justify;\">O artista finalmente pintou um total de 460 metros quadrados da Capela Sistina. A Cria\u00e7\u00e3o de Ad\u00e3o, pintada na ab\u00f3bada desta capela, \u00e9 uma das pinturas mais conhecidas do mundo, estudada por especialistas de todo o mundo durante d\u00e9cadas.<\/p>\n<p style=\"text-align: justify;\"><strong>7. Uma passagem secreta<\/strong><\/p>\n<p style=\"text-align: justify;\">Uma parte do museu \u00e9 o chamado\u00a0<em>Passetto di Borgo<\/em>, uma passagem que leva ao Castel Sant&#8217;Angelo.<\/p>\n<p style=\"text-align: justify;\">O papa Clemente VII conseguiu escapar por esta passagem dos soldados do imperador Carlos V que pretendia acabar com sua\u00a0vida\u00a0entrando na Cidade do Vaticano em 1527.<\/p>\n<p style=\"text-align: justify;\"><strong>8. O guardi\u00e3o do museu<\/strong><\/p>\n<p style=\"text-align: justify;\">Gianni Crea \u00e9 o encarregado de abrir todas as portas e salas dos Museus do Vaticano todas as manh\u00e3s. Ele usa um total de 2.797 chaves.<\/p>\n<p style=\"text-align: justify;\">Al\u00e9m disso, durante um conclave, ele \u00e9 respons\u00e1vel por fechar todos os acessos \u00e0 Capela Sistina para garantir o sigilo na elei\u00e7\u00e3o do papa.<\/p>\n<p style=\"text-align: justify;\">A chave \u00e9 guardada em um ba\u00fa fechado que ele entrega \u00e0 Gendarmeria, que a devolveria novamente a Gianni para abrir as portas quando houver fuma\u00e7a branca e o novo papa for o escolhido.<\/p>\n<p style=\"text-align: justify;\"><strong>9. A \u201cSala das L\u00e1grimas\u201d<\/strong><\/p>\n<p style=\"text-align: justify;\">H\u00e1 uma sala dentro da Capela Sistina chamada \u201cSala das L\u00e1grimas\u201d (<em>Stanza del Pianto<\/em>).<\/p>\n<p style=\"text-align: justify;\">Fica \u00e0 esquerda do altar debaixo do Ju\u00edzo Final e \u00e9 assim chamada porque o novo papa, uma vez eleito, \u00e9 conduzido a esta pequena sala antes de sair para saudar os fi\u00e9is que o esperam na pra\u00e7a de S\u00e3o Pedro.<\/p>\n<p style=\"text-align: justify;\"><strong>10. Quatro anos de vida<\/strong><\/p>\n<p style=\"text-align: justify;\">Estima-se que se uma pessoa gastar um minuto para ver cada obra nesses museus, precisar\u00e1 de 4 anos inteiros de sua vida.<\/p>\n","protected":false},"excerpt":{"rendered":"<p>Hoje, 18 de maio, \u00e9 o Dia Internacional dos Museus. Por isso, contamos algumas das curiosidades de uma das maiores cole\u00e7\u00f5es de arte do mundo, os Museus Vaticanos. 1. Seu tamanho Conhecido como \u201co Museu dos museus\u201d, cont\u00e9m a maior cole\u00e7\u00e3o de arte do mundo e fica na Cidade do Vaticano. Seus longos corredores e [&hellip;]<\/p>\n","protected":false},"author":1,"featured_media":81782,"comment_status":"open","ping_status":"closed","sticky":false,"template":"","format":"standard","meta":{"footnotes":""},"categories":[4,13],"tags":[],"class_list":["post-81781","post","type-post","status-publish","format-standard","has-post-thumbnail","hentry","category-cotidiano","category-featured"],"_links":{"self":[{"href":"https:\/\/catolicanet.net\/wp-cnet\/wp-json\/wp\/v2\/posts\/81781","targetHints":{"allow":["GET"]}}],"collection":[{"href":"https:\/\/catolicanet.net\/wp-cnet\/wp-json\/wp\/v2\/posts"}],"about":[{"href":"https:\/\/catolicanet.net\/wp-cnet\/wp-json\/wp\/v2\/types\/post"}],"author":[{"embeddable":true,"href":"https:\/\/catolicanet.net\/wp-cnet\/wp-json\/wp\/v2\/users\/1"}],"replies":[{"embeddable":true,"href":"https:\/\/catolicanet.net\/wp-cnet\/wp-json\/wp\/v2\/comments?post=81781"}],"version-history":[{"count":1,"href":"https:\/\/catolicanet.net\/wp-cnet\/wp-json\/wp\/v2\/posts\/81781\/revisions"}],"predecessor-version":[{"id":81783,"href":"https:\/\/catolicanet.net\/wp-cnet\/wp-json\/wp\/v2\/posts\/81781\/revisions\/81783"}],"wp:featuredmedia":[{"embeddable":true,"href":"https:\/\/catolicanet.net\/wp-cnet\/wp-json\/wp\/v2\/media\/81782"}],"wp:attachment":[{"href":"https:\/\/catolicanet.net\/wp-cnet\/wp-json\/wp\/v2\/media?parent=81781"}],"wp:term":[{"taxonomy":"category","embeddable":true,"href":"https:\/\/catolicanet.net\/wp-cnet\/wp-json\/wp\/v2\/categories?post=81781"},{"taxonomy":"post_tag","embeddable":true,"href":"https:\/\/catolicanet.net\/wp-cnet\/wp-json\/wp\/v2\/tags?post=81781"}],"curies":[{"name":"wp","href":"https:\/\/api.w.org\/{rel}","templated":true}]}}