{"id":81763,"date":"2023-05-18T10:06:02","date_gmt":"2023-05-18T13:06:02","guid":{"rendered":"https:\/\/catolicanet.net\/wp-cnet\/?p=81763"},"modified":"2023-05-18T12:07:36","modified_gmt":"2023-05-18T15:07:36","slug":"athletica-vaticana-no-giro-ditalia-para-as-criancas-do-hospital-menino-jesus","status":"publish","type":"post","link":"https:\/\/catolicanet.net\/wp-cnet\/athletica-vaticana-no-giro-ditalia-para-as-criancas-do-hospital-menino-jesus\/","title":{"rendered":"Athletica Vaticana no Giro d&#8217;Italia para as crian\u00e7as do Hospital Menino Jesus"},"content":{"rendered":"<figure class=\"article__image\"><span class=\"didascalia_img\">Os ciclistas de Athletica Vaticana\u00a0<\/span><\/figure>\n<div class=\"article__meta audioInside\" data-mediatype=\"\">\n<div class=\"article__subTitle\" style=\"text-align: justify;\">Seis ciclistas da Vatican Cycling andar\u00e3o de bicicleta no cora\u00e7\u00e3o de Roma para apoiar o Centro de Cuidados Paliativos Pedi\u00e1tricos do Hospital Menino Jesus de Passoscuro.<\/div>\n<div class=\"title__separator\" style=\"text-align: justify;\"><\/div>\n<div class=\"article__text\">\n<p style=\"text-align: justify;\"><b>Giampaolo Mattei \u2013 Vatican News<\/b><\/p>\n<p style=\"text-align: justify;\">Seis atletas da Athletica Vaticana &#8211; Vatican Cycling participar\u00e3o do Giro d&#8217;Italia-E (competi\u00e7\u00e3o de ciclismo de estrada por etapas), no domingo, 28 de maio, no centro de Roma. Partindo de Castel Sant&#8217;Angelo e terminando nos F\u00f3runs Imperiais onde, algumas horas depois, chegar\u00e1 a camisa rosa com os ciclistas do Giro d&#8217;Italia.<\/p>\n<div style=\"text-align: justify;\">\n<div class=\"article__embed article__embed--unwrap article__embed--dark\">\n<div class=\"article__innerTitle\">Ou\u00e7a e compartilhe<\/div>\n<div>\n<!--[if lt IE 9]><script>document.createElement('audio');<\/script><![endif]-->\n<audio class=\"wp-audio-shortcode\" id=\"audio-81763-1\" preload=\"none\" style=\"width: 100%;\" controls=\"controls\"><source type=\"audio\/mpeg\" src=\"https:\/\/media.vaticannews.va\/media\/audio\/s1\/2023\/05\/18\/13\/137074544_F137074544.mp3?_=1\" \/><a href=\"https:\/\/media.vaticannews.va\/media\/audio\/s1\/2023\/05\/18\/13\/137074544_F137074544.mp3\">https:\/\/media.vaticannews.va\/media\/audio\/s1\/2023\/05\/18\/13\/137074544_F137074544.mp3<\/a><\/audio>\n<\/div>\n<\/div>\n<\/div>\n<h2 style=\"text-align: justify;\">Experi\u00eancia esportiva e solid\u00e1ria<\/h2>\n<p style=\"text-align: justify;\">A &#8220;equipe do Papa&#8221;, que faz parte da Uni\u00e3o Cicl\u00edstica Internacional, pedalar\u00e1 para apoiar a experi\u00eancia esportiva e solid\u00e1ria do &#8220;Giro d&#8217;Italia dos cuidados paliativos pedi\u00e1tricos&#8221;, evento apresentado, em 16 de maio, no Minist\u00e9rio da Sa\u00fade italiano, que &#8211; at\u00e9 18 de junho &#8211; promove a aten\u00e7\u00e3o a este servi\u00e7o particular nas fronteiras da vida. O Vatican Cycling colabora h\u00e1 algum tempo com o Centro de Cuidados Paliativos Pedi\u00e1tricos aberto pelo Hospital Menino Jesus em Passoscuro, perto de Roma, dirigido por Michele Salata.<\/p>\n<h2 style=\"text-align: justify;\">Em nome de Laudato si&#8217; e Fratelli tutti<\/h2>\n<p style=\"text-align: justify;\">\u00c9 a mesma vis\u00e3o esportiva &#8211; inclusiva e cultural solid\u00e1ria &#8211; que anima o Giro d&#8217;Italia-E, evento de ciclismo que permite aos ciclistas treinados enfrentarem as subidas normalmente reservadas aos campe\u00f5es, organizado de 6 a 28 de maio, pela Rcs Sport (companhia do setor esportivo), nas mesmas estradas do atual Giro d&#8217;Italia, que abra\u00e7a os valores b\u00e1sicos da Federa\u00e7\u00e3o Cicl\u00edstica do Vaticano, tamb\u00e9m atrav\u00e9s da conscientiza\u00e7\u00e3o para a mobilidade sustent\u00e1vel ligada ao meio ambiente (nas etapas do Giro-E foi montada a &#8220;Aldeia da Sustentabilidade&#8221;, em Roma, na Piazza del Popolo), ou seja, respeitar as pessoas e a natureza no esp\u00edrito das enc\u00edclicas do Papa Francisco\u00a0<i>Laudato si&#8217; e Fratelli tutti<\/i>.<\/p>\n<h2 style=\"text-align: justify;\">Os cuidados paliativos s\u00e3o um direito<\/h2>\n<p style=\"text-align: justify;\">&#8220;Na It\u00e1lia, mais de 35 mil crian\u00e7as precisam de cuidados paliativos pedi\u00e1tricos, mas apenas algumas recebem esse tipo de assist\u00eancia&#8221;, explicam os respons\u00e1veis da Funda\u00e7\u00e3o Maruzza, que coordena a iniciativa do giro cicl\u00edstico. \u201cS\u00e3o necess\u00e1rios uma mudan\u00e7a de abordagem, o desenvolvimento de uma cultura generalizada e partilhada de cuidados paliativos pedi\u00e1tricos na sociedade civil e na comunidade cient\u00edfica e a cria\u00e7\u00e3o de redes de profissionais especificamente formados\u201d. Tamb\u00e9m atrav\u00e9s da experi\u00eancia esportiva pretende-se reafirmar que \u201cos cuidados paliativos pedi\u00e1tricos s\u00e3o um direito\u201d, s\u00e3o personalizados de acordo com as necessidades da crian\u00e7a e promovem o seu desenvolvimento, abrangendo o n\u00facleo familiar, com o objetivo de respeitar a dignidade da pessoa em todo o processo de tratamento.<\/p>\n<h2 style=\"text-align: justify;\">Etapa em Roma<\/h2>\n<p style=\"text-align: justify;\">Somente bicicletas de corrida com pedal assistido, aprovadas para uma velocidade m\u00e1xima de 25 km\/h, podem participar do Giro-E. Gra\u00e7as \u00e0s bicicletas el\u00e9tricas, que permitem que ciclistas normalmente treinados enfrentem at\u00e9 mesmo as lend\u00e1rias &#8220;subidas dos campe\u00f5es&#8221;, o Giro-E d\u00e1 a oportunidade de viver plenamente a &#8220;corrida rosa&#8221;, da qual segue o percurso e a chegada (mudam o ponto de partida e a quilometragem). Em particular, a etapa de Roma ser\u00e1 disputada num anel no Lungotevere, num grupo compacto, exceto alguns trechos com provas especiais, e no final na via dos F\u00f3runs Imperiais.<\/p>\n<\/div>\n<\/div>\n","protected":false},"excerpt":{"rendered":"<p>Os ciclistas de Athletica Vaticana\u00a0 Seis ciclistas da Vatican Cycling andar\u00e3o de bicicleta no cora\u00e7\u00e3o de Roma para apoiar o Centro de Cuidados Paliativos Pedi\u00e1tricos do Hospital Menino Jesus de Passoscuro. Giampaolo Mattei \u2013 Vatican News Seis atletas da Athletica Vaticana &#8211; Vatican Cycling participar\u00e3o do Giro d&#8217;Italia-E (competi\u00e7\u00e3o de ciclismo de estrada por etapas), [&hellip;]<\/p>\n","protected":false},"author":1,"featured_media":81764,"comment_status":"open","ping_status":"closed","sticky":false,"template":"","format":"standard","meta":{"footnotes":""},"categories":[3],"tags":[],"class_list":["post-81763","post","type-post","status-publish","format-standard","has-post-thumbnail","hentry","category-vaticano"],"_links":{"self":[{"href":"https:\/\/catolicanet.net\/wp-cnet\/wp-json\/wp\/v2\/posts\/81763","targetHints":{"allow":["GET"]}}],"collection":[{"href":"https:\/\/catolicanet.net\/wp-cnet\/wp-json\/wp\/v2\/posts"}],"about":[{"href":"https:\/\/catolicanet.net\/wp-cnet\/wp-json\/wp\/v2\/types\/post"}],"author":[{"embeddable":true,"href":"https:\/\/catolicanet.net\/wp-cnet\/wp-json\/wp\/v2\/users\/1"}],"replies":[{"embeddable":true,"href":"https:\/\/catolicanet.net\/wp-cnet\/wp-json\/wp\/v2\/comments?post=81763"}],"version-history":[{"count":1,"href":"https:\/\/catolicanet.net\/wp-cnet\/wp-json\/wp\/v2\/posts\/81763\/revisions"}],"predecessor-version":[{"id":81765,"href":"https:\/\/catolicanet.net\/wp-cnet\/wp-json\/wp\/v2\/posts\/81763\/revisions\/81765"}],"wp:featuredmedia":[{"embeddable":true,"href":"https:\/\/catolicanet.net\/wp-cnet\/wp-json\/wp\/v2\/media\/81764"}],"wp:attachment":[{"href":"https:\/\/catolicanet.net\/wp-cnet\/wp-json\/wp\/v2\/media?parent=81763"}],"wp:term":[{"taxonomy":"category","embeddable":true,"href":"https:\/\/catolicanet.net\/wp-cnet\/wp-json\/wp\/v2\/categories?post=81763"},{"taxonomy":"post_tag","embeddable":true,"href":"https:\/\/catolicanet.net\/wp-cnet\/wp-json\/wp\/v2\/tags?post=81763"}],"curies":[{"name":"wp","href":"https:\/\/api.w.org\/{rel}","templated":true}]}}