{"id":81733,"date":"2023-05-17T10:29:21","date_gmt":"2023-05-17T13:29:21","guid":{"rendered":"https:\/\/catolicanet.net\/wp-cnet\/?p=81733"},"modified":"2023-05-17T15:30:26","modified_gmt":"2023-05-17T18:30:26","slug":"a-comissao-especial-para-o-enfrentamento-ao-trafico-humano-ceeth-da-cnbb-se-une-a-campanha-faca-bonito","status":"publish","type":"post","link":"https:\/\/catolicanet.net\/wp-cnet\/a-comissao-especial-para-o-enfrentamento-ao-trafico-humano-ceeth-da-cnbb-se-une-a-campanha-faca-bonito\/","title":{"rendered":"A COMISS\u00c3O ESPECIAL PARA O ENFRENTAMENTO AO TR\u00c1FICO HUMANO (CEETH) DA CNBB SE UNE A CAMPANHA \u201cFA\u00c7A BONITO\u201d"},"content":{"rendered":"<p style=\"text-align: justify;\">A viol\u00eancia sexual contra crian\u00e7as e adolescentes no Brasil registra, em m\u00e9dia, 130 casos por dia. Pesquisa do Instituto Brasileiro de Geografia e Estat\u00edstica (IBGE), publicada em 2022, apontou que um em cada sete adolescentes j\u00e1 sofreu algum tipo de viol\u00eancia sexual.<\/p>\n<p style=\"text-align: justify;\">A Comiss\u00e3o Especial para o Enfrentamento ao Tr\u00e1fico Humano (CEETH) da Confer\u00eancia Nacional dos Bispos do Brasil (CNBB) se une a campanha coletiva \u201cFa\u00e7a Bonito\u201d que est\u00e1 em seu 23\u00ba ano de mobiliza\u00e7\u00e3o. O Dia 18 de Maio \u2013 \u201cDia Nacional de Combate ao Abuso e \u00e0 Explora\u00e7\u00e3o Sexual de Crian\u00e7as e Adolescentes\u201d, \u00e9 institu\u00eddo pela Lei Federal 9.970\/00.<\/p>\n<h3 style=\"text-align: justify;\">Direitos das crian\u00e7as e adolescentes<\/h3>\n<p style=\"text-align: justify;\">O Artigo 227 da Constitui\u00e7\u00e3o Federal descreve que: \u00c9 dever da fam\u00edlia, da sociedade e do Estado assegurar \u00e0 crian\u00e7a e ao adolescente, com absoluta prioridade, o direito \u00e0 vida, \u00e0 sa\u00fade, \u00e0 alimenta\u00e7\u00e3o, \u00e0 educa\u00e7\u00e3o, ao lazer, \u00e0 profissionaliza\u00e7\u00e3o, \u00e0 cultura, \u00e0 dignidade, ao respeito, \u00e0 liberdade e \u00e0 conviv\u00eancia familiar e comunit\u00e1ria, al\u00e9m de coloc\u00e1-los a salvo de toda forma de neglig\u00eancia, discrimina\u00e7\u00e3o, explora\u00e7\u00e3o, viol\u00eancia, crueldade e opress\u00e3o.<\/p>\n<p style=\"text-align: justify;\">Embora o artigo esclare\u00e7a estes direitos fundamentais, crian\u00e7as e adolescentes sofrem viol\u00eancias diariamente no Brasil e s\u00e3o v\u00edtimas de uma das modalidades do Tr\u00e1fico de Pessoas para a explora\u00e7\u00e3o sexual. Uma das formas de enfrentar essa realidade perversa que deixa sequelas grav\u00edssimas \u00e9 a informa\u00e7\u00e3o e a forma\u00e7\u00e3o. Em 2022 foi sancionada a Lei 14.432\/22, que institui a campanha Maio Laranja. Uma conquista tamb\u00e9m para o enfrentamento ao Tr\u00e1fico de Pessoas, a lei tem como objetivo promover a\u00e7\u00f5es de enfrentamento \u00e0 viol\u00eancia sexual contra crian\u00e7as e adolescentes.<\/p>\n<p style=\"text-align: justify;\">Participe, fa\u00e7a bonito e junte-se \u00e0 campanha em defesa da vida e seguran\u00e7a das crian\u00e7as e adolescentes do Brasil.<\/p>\n","protected":false},"excerpt":{"rendered":"<p>A viol\u00eancia sexual contra crian\u00e7as e adolescentes no Brasil registra, em m\u00e9dia, 130 casos por dia. Pesquisa do Instituto Brasileiro de Geografia e Estat\u00edstica (IBGE), publicada em 2022, apontou que um em cada sete adolescentes j\u00e1 sofreu algum tipo de viol\u00eancia sexual. A Comiss\u00e3o Especial para o Enfrentamento ao Tr\u00e1fico Humano (CEETH) da Confer\u00eancia Nacional [&hellip;]<\/p>\n","protected":false},"author":1,"featured_media":81734,"comment_status":"open","ping_status":"closed","sticky":false,"template":"","format":"standard","meta":{"footnotes":""},"categories":[7],"tags":[],"class_list":["post-81733","post","type-post","status-publish","format-standard","has-post-thumbnail","hentry","category-cnbb"],"_links":{"self":[{"href":"https:\/\/catolicanet.net\/wp-cnet\/wp-json\/wp\/v2\/posts\/81733","targetHints":{"allow":["GET"]}}],"collection":[{"href":"https:\/\/catolicanet.net\/wp-cnet\/wp-json\/wp\/v2\/posts"}],"about":[{"href":"https:\/\/catolicanet.net\/wp-cnet\/wp-json\/wp\/v2\/types\/post"}],"author":[{"embeddable":true,"href":"https:\/\/catolicanet.net\/wp-cnet\/wp-json\/wp\/v2\/users\/1"}],"replies":[{"embeddable":true,"href":"https:\/\/catolicanet.net\/wp-cnet\/wp-json\/wp\/v2\/comments?post=81733"}],"version-history":[{"count":1,"href":"https:\/\/catolicanet.net\/wp-cnet\/wp-json\/wp\/v2\/posts\/81733\/revisions"}],"predecessor-version":[{"id":81735,"href":"https:\/\/catolicanet.net\/wp-cnet\/wp-json\/wp\/v2\/posts\/81733\/revisions\/81735"}],"wp:featuredmedia":[{"embeddable":true,"href":"https:\/\/catolicanet.net\/wp-cnet\/wp-json\/wp\/v2\/media\/81734"}],"wp:attachment":[{"href":"https:\/\/catolicanet.net\/wp-cnet\/wp-json\/wp\/v2\/media?parent=81733"}],"wp:term":[{"taxonomy":"category","embeddable":true,"href":"https:\/\/catolicanet.net\/wp-cnet\/wp-json\/wp\/v2\/categories?post=81733"},{"taxonomy":"post_tag","embeddable":true,"href":"https:\/\/catolicanet.net\/wp-cnet\/wp-json\/wp\/v2\/tags?post=81733"}],"curies":[{"name":"wp","href":"https:\/\/api.w.org\/{rel}","templated":true}]}}