{"id":81716,"date":"2023-05-17T10:18:00","date_gmt":"2023-05-17T13:18:00","guid":{"rendered":"https:\/\/catolicanet.net\/wp-cnet\/?p=81716"},"modified":"2023-05-17T15:24:52","modified_gmt":"2023-05-17T18:24:52","slug":"assembleia-do-celam-encontro-recebe-mensagem-do-papa-francisco-e-recorda-intuicoes-do-quadrienio","status":"publish","type":"post","link":"https:\/\/catolicanet.net\/wp-cnet\/assembleia-do-celam-encontro-recebe-mensagem-do-papa-francisco-e-recorda-intuicoes-do-quadrienio\/","title":{"rendered":"ASSEMBLEIA DO CELAM: ENCONTRO RECEBE MENSAGEM DO PAPA FRANCISCO E RECORDA INTUI\u00c7\u00d5ES DO QUADRI\u00caNIO"},"content":{"rendered":"<p style=\"text-align: justify;\">A 39\u00aa Assembleia Geral Ordin\u00e1ria do Conselho Episcopal Latino Americano e Caribenho (Celam) foi aberta na manh\u00e3 de ter\u00e7a-feira, 16 de maio, em Porto Rico. Na sess\u00e3o de abertura, o arcebispo de Trujillo e presidente do organismo continental, dom Miguel Cabrejos Vidarte, recordou intui\u00e7\u00f5es do quadri\u00eanio como a escuta do povo de Deus no contexto sinodal. Tamb\u00e9m no primeiro dia de encontro foi apresentada a carta do Papa Francisco \u00e0 assembleia, com votos de \u201cabundantes frutos em favor da Igreja que peregrina na Am\u00e9rica Latina e no Caribe\u201d.<\/p>\n<h3 style=\"text-align: justify;\">Escuta e sinodalidade<\/h3>\n<p style=\"text-align: justify;\">Dom Miguel Cabrejos insistiu em sua fala inaugural que escutar o Povo de Deus \u00e9 escutar verdadeiramente o que o Esp\u00edrito diz \u00e0 Igreja. Segundo ele, a op\u00e7\u00e3o de escutar, consultar o Povo de Deus depende deste redescobrimento e \u201ca escuta rec\u00edproca \u00e9 o elemento constitutivo de uma Igreja sinodal\u201d.<\/p>\n<p style=\"text-align: justify;\">Dom Cabrejos destacou que a atual etapa eclesial pode gerar um novo modo de proceder na Igreja, que tenha sempre seu ponto de partida e tamb\u00e9m seu ponto de chegada no Povo de Deus, porque \u201csomos um, trabalhamos juntos e estamos em miss\u00e3o permanente, enviados por Cristo\u201d.<\/p>\n<p style=\"text-align: justify;\">Refletindo sobre o tema da assembleia, ressaltou que a comunh\u00e3o, a eclesialidade e a sinodalidade na Am\u00e9rica Latina e no Caribe \u201coferecem a oportunidade de enriquecer sua pr\u00f3pria identidade como Igreja, contextualizar a Sinodalidade dentro da Igreja e fazer da sinodalidade uma realidade verdadeiramente aut\u00eantica\u201d na vida eclesial.<\/p>\n<h3 style=\"text-align: justify;\">Mensagem do Papa<\/h3>\n<p style=\"text-align: justify;\">Por meio do secret\u00e1rio de Estado do Vaticano, cardeal Pietro Parolin, o Papa Francisco enviou uma mensagem ao presidente do Celam por ocasi\u00e3o da 39\u00aa Assembleia Geral Ordin\u00e1ria do organismo continental.<\/p>\n<p style=\"text-align: justify;\">Francisco desejou \u201cque essa Assembleia renda abundantes frutos em favor da Igreja que peregrina na Am\u00e9rica Latina e no Caribe, para que esteja sempre disposta ao servi\u00e7o, sobretudo dos pobres e descartados, discernindo as inspira\u00e7\u00f5es do Esp\u00edrito Santo, em sinodalidade com todo o povo santo de Deus\u201d.<\/p>\n<h3 style=\"text-align: justify;\">Balan\u00e7o e agradecimento<\/h3>\n<p style=\"text-align: justify;\">No decorrer do dia, foram apresentados balan\u00e7os das a\u00e7\u00f5es do Celam nos \u00faltimos quatro anos, com destaque para a renova\u00e7\u00e3o e reestrutura\u00e7\u00e3o do Conselho. Esses processos foram traduzidos na cria\u00e7\u00e3o dos quatro Centros Pastorais (Centro de Gest\u00e3o do Conhecimento, Centro de Programas e Redes de A\u00e7\u00e3o Pastoral, Centro de Forma\u00e7\u00e3o \u2013 Cebitepal e Centro para a Comunica\u00e7\u00e3o) e na conclus\u00e3o das obras e inaugura\u00e7\u00e3o da nova sede do Celam, em Bogot\u00e1, Col\u00f4mbia, no ano de 2022. Tamb\u00e9m ganharam destaque a I Assembleia Eclesial da Am\u00e9rica Latina e do Caribe e o processo do S\u00ednodo 2021-2024.<\/p>\n<div class=\"ast-oembed-container\" style=\"text-align: justify;\"><iframe loading=\"lazy\" title=\"Celam, un Camino de Renovacio\u0301n y Reestructuracio\u0301n en Clave Sinodal: La nueva sede\" src=\"https:\/\/www.youtube.com\/embed\/2Mbz8cDCLV4?feature=oembed\" width=\"1200\" height=\"675\" frameborder=\"0\" allowfullscreen=\"allowfullscreen\" data-mce-fragment=\"1\"><\/iframe><\/div>\n<p style=\"text-align: justify;\">\n<p style=\"text-align: justify;\">Ao final do dia, durante a celebra\u00e7\u00e3o eucar\u00edstica, dom Miguel Cabrejos manifestou gratid\u00e3o, alegria e reconhecimento sincero pelas in\u00fameras contribui\u00e7\u00f5es recebidas das diferentes inst\u00e2ncias da Igreja univesal \u00e0 gest\u00e3o da atual presid\u00eancia do Celam.<\/p>\n<p><img decoding=\"async\" class=\"aligncenter\" src=\"https:\/\/adn.celam.org\/wp-content\/uploads\/2023\/05\/Misa-958x633.png\" \/><\/p>\n<p>&nbsp;<\/p>\n<pre>Com informa\u00e7\u00f5es e imagens de ADN Celam<\/pre>\n","protected":false},"excerpt":{"rendered":"<p>A 39\u00aa Assembleia Geral Ordin\u00e1ria do Conselho Episcopal Latino Americano e Caribenho (Celam) foi aberta na manh\u00e3 de ter\u00e7a-feira, 16 de maio, em Porto Rico. Na sess\u00e3o de abertura, o arcebispo de Trujillo e presidente do organismo continental, dom Miguel Cabrejos Vidarte, recordou intui\u00e7\u00f5es do quadri\u00eanio como a escuta do povo de Deus no contexto [&hellip;]<\/p>\n","protected":false},"author":1,"featured_media":81717,"comment_status":"open","ping_status":"closed","sticky":false,"template":"","format":"standard","meta":{"footnotes":""},"categories":[7,13],"tags":[],"class_list":["post-81716","post","type-post","status-publish","format-standard","has-post-thumbnail","hentry","category-cnbb","category-featured"],"_links":{"self":[{"href":"https:\/\/catolicanet.net\/wp-cnet\/wp-json\/wp\/v2\/posts\/81716","targetHints":{"allow":["GET"]}}],"collection":[{"href":"https:\/\/catolicanet.net\/wp-cnet\/wp-json\/wp\/v2\/posts"}],"about":[{"href":"https:\/\/catolicanet.net\/wp-cnet\/wp-json\/wp\/v2\/types\/post"}],"author":[{"embeddable":true,"href":"https:\/\/catolicanet.net\/wp-cnet\/wp-json\/wp\/v2\/users\/1"}],"replies":[{"embeddable":true,"href":"https:\/\/catolicanet.net\/wp-cnet\/wp-json\/wp\/v2\/comments?post=81716"}],"version-history":[{"count":1,"href":"https:\/\/catolicanet.net\/wp-cnet\/wp-json\/wp\/v2\/posts\/81716\/revisions"}],"predecessor-version":[{"id":81718,"href":"https:\/\/catolicanet.net\/wp-cnet\/wp-json\/wp\/v2\/posts\/81716\/revisions\/81718"}],"wp:featuredmedia":[{"embeddable":true,"href":"https:\/\/catolicanet.net\/wp-cnet\/wp-json\/wp\/v2\/media\/81717"}],"wp:attachment":[{"href":"https:\/\/catolicanet.net\/wp-cnet\/wp-json\/wp\/v2\/media?parent=81716"}],"wp:term":[{"taxonomy":"category","embeddable":true,"href":"https:\/\/catolicanet.net\/wp-cnet\/wp-json\/wp\/v2\/categories?post=81716"},{"taxonomy":"post_tag","embeddable":true,"href":"https:\/\/catolicanet.net\/wp-cnet\/wp-json\/wp\/v2\/tags?post=81716"}],"curies":[{"name":"wp","href":"https:\/\/api.w.org\/{rel}","templated":true}]}}