{"id":81691,"date":"2023-05-21T09:02:19","date_gmt":"2023-05-21T12:02:19","guid":{"rendered":"https:\/\/catolicanet.net\/wp-cnet\/?p=81691"},"modified":"2023-05-15T12:03:13","modified_gmt":"2023-05-15T15:03:13","slug":"solenidade-da-ascensao-do-senhor-2","status":"publish","type":"post","link":"https:\/\/catolicanet.net\/wp-cnet\/solenidade-da-ascensao-do-senhor-2\/","title":{"rendered":"Solenidade da Ascens\u00e3o do Senhor"},"content":{"rendered":"<p style=\"text-align: center;\"><em>57\u00ba Dia Mundial das Comunica\u00e7\u00f5es Sociais<\/em><\/p>\n<p style=\"text-align: justify;\"><em>\u00a0<\/em>Celebramos, neste domingo, o s\u00e9timo Domingo da P\u00e1scoa. E, no Brasil, comemoramos a solenidade da Ascens\u00e3o do Senhor ao c\u00e9u, solenidade transferida da quinta-feira anterior. Tamb\u00e9m comemoramos neste domingo o 57\u00b0 Dia Mundial das Comunica\u00e7\u00f5es Sociais, que tem como tema: Falar com o cora\u00e7\u00e3o: \u201cTestemunhando a verdade no amor\u201d (Ef 4, 15). Somos enviados por Jesus a sair e anunciar a boa nova (o evangelho), pois todos n\u00f3s somos chamados a ser comunicadores \u00a0\u00a0bem, ou seja, comunicadores do evangelho de Cristo.<\/p>\n<p style=\"text-align: justify;\">Jesus volta ao Pai, mas n\u00e3o nos deixa \u00f3rf\u00e3os, envia o Esp\u00edrito Santo, o Par\u00e1clito, o defensor, que nos faz sentir a sua presen\u00e7a no meio de n\u00f3s. O Esp\u00edrito Santo conduz e guia a Igreja e recebemos o dom do Esp\u00edrito Santo no batismo e confirmamos na Crisma. \u00c9 por meio do Esp\u00edrito Santo que sa\u00edmos em miss\u00e3o e nos tornamos anunciadores da boa nova. Por meio desse mesmo Esp\u00edrito, \u00e9 que se tem o perd\u00e3o dos pecados e a Eucaristia. \u00c9 esse mesmo Esp\u00edrito que nos re\u00fane em comunidade para ouvir a sua palavra e partilhar a eucaristia.<\/p>\n<p style=\"text-align: justify;\">A Sant\u00edssima Trindade \u00e9 uma comunh\u00e3o de amor, onde o Pai est\u00e1 totalmente voltado para o Filho, o Filho totalmente voltado para o Pai e o Esp\u00edrito Santo voltado para o Pai e o Filho. Do mesmo modo que quem v\u00ea o Pai, v\u00ea o Filho, quem v\u00ea o Filho v\u00ea o Pai e, consequentemente, v\u00ea neles o Esp\u00edrito Santo. Essa comunh\u00e3o de amor da Sant\u00edssima Trindade deve inspirar as nossas comunidades a viverem em plena comunh\u00e3o. A comunh\u00e3o Eucar\u00edstica deve nos levar \u00e0 comunh\u00e3o com os irm\u00e3os.<\/p>\n<p style=\"text-align: justify;\">No Evangelho deste domingo Jesus envia os disc\u00edpulos em miss\u00e3o para anunciarem a Boa Nova e fazer a sua Igreja crescer. Do mesmo modo que Ele enviou os disc\u00edpulos, Ele envia cada um de n\u00f3s hoje. E do mesmo modo que os disc\u00edpulos, somos chamados a testemunhar o evangelho aos nossos irm\u00e3os e irm\u00e3s.<\/p>\n<p style=\"text-align: justify;\">A primeira leitura da missa deste domingo \u00e9 do livro de Atos dos Ap\u00f3stolos (<em>At 1,1-11). <\/em>O livro de Atos dos Ap\u00f3stolos foi escrito por Lucas, mesmo autor do terceiro Evangelho, por isso inicia o livro falando \u201c<em>No meu primeiro livro, \u00f3 Te\u00f3filo\u201d. <\/em>Lucas se dirige a Te\u00f3filo dizendo tudo o que havia dito sobre Jesus em seu Evangelho, como se deu a sua vida p\u00fablica, paix\u00e3o, morte e ressurrei\u00e7\u00e3o e, ap\u00f3s a ressurrei\u00e7\u00e3o, como se deu a sua apari\u00e7\u00e3o aos disc\u00edpulos. Lucas, nesse in\u00edcio do livro de Atos dos Ap\u00f3stolos, relata a Ascens\u00e3o de Jesus ao c\u00e9u e a partir da\u00ed com pentecostes tem in\u00edcio a Igreja primitiva.<\/p>\n<p style=\"text-align: justify;\">No vers\u00edculo oito, Lucas diz: <em>\u201cMas recebereis o poder do Esp\u00edrito Santo que descer\u00e1 sobre v\u00f3s, para serdes minhas testemunhas em Jerusal\u00e9m, em toda a Jud\u00e9ia e na Samaria, e at\u00e9 os confins da terra\u201d. <\/em>Esse mesmo Esp\u00edrito que Jesus deixou com os disc\u00edpulos antes de voltar para o Pai, continua a acompanhar a Igreja nos dias de hoje. \u00c9 gra\u00e7as a esse Esp\u00edrito Santo que a Igreja continua \u201cviva\u201d, anunciando o Evangelho e sendo sinal de Jesus Cristo nos dias de hoje. Jesus deixa com os disc\u00edpulos a for\u00e7a do Esp\u00edrito Santo que o movia para a vida p\u00fablica, a partir daquele momento, os disc\u00edpulos fariam tudo aquilo que Jesus fez.<\/p>\n<p style=\"text-align: justify;\">O salmo responsorial \u00e9 o <em>46 (47), <\/em>que diz em seu refr\u00e3o: \u201c<em>Por entre aclama\u00e7\u00f5es Deus se elevou, o Senhor subiu ao toque da trombeta\u201d. <\/em>O Senhor se elevou ao c\u00e9u, mas continua a interceder por toda a humanidade. Uma das formas de falarmos com Deus e nos encontrarmos espiritualmente com Ele, \u00e9 atrav\u00e9s da recita\u00e7\u00e3o dos salmos. Deus \u00e9 de todos os povos e n\u00e3o de um s\u00f3, Ele pertence a todos que o buscam de cora\u00e7\u00e3o sincero.<\/p>\n<p style=\"text-align: justify;\">A segunda leitura deste domingo \u00e9 da carta de S\u00e3o Paulo aos Ef\u00e9sios <em>(Ef 1, 17-23). <\/em>Paulo roga a Deus que envie aos habitantes de \u00c9feso o Esp\u00edrito de sabedoria e entendimento, para que revele a todos o quanto Deus os ama a ponto de ter enviado o seu filho para que morresse na cruz para salvar a todos. E, ainda, n\u00e3o ficou na cruz, ressuscitou e foi elevado aos c\u00e9us.<\/p>\n<p style=\"text-align: justify;\">Deus fez de Jesus a cabe\u00e7a da Igreja e cada um de n\u00f3s somos os membros. Ele possui a plenitude universal e conduzir\u00e1 cada um ao encontro com Deus na eternidade. Como diz S\u00e3o Jo\u00e3o em seu Evangelho: <em>Ele \u00e9 o caminho, a verdade e a vida. <\/em>Jesus nos mostrou a intimidade divina e o caminho do amor.<\/p>\n<p style=\"text-align: justify;\">O Evangelho deste domingo \u00e9 de Mateus <em>(Mt 28,16-20). <\/em>O Evangelho relata quando os disc\u00edpulos foram para a Galileia ao monte que Jesus lhes tinha indicado. Quando os disc\u00edpulos viram Jesus, prostraram-se diante dele. Mesmo assim, alguns ainda tinham d\u00favidas em seu cora\u00e7\u00e3o. Na verdade, estava se cumprindo tudo aquilo que Jesus havia dito, Ele iria morrer, depois do terceiro dia ressuscitaria e voltaria ao Pai. Ele abriu o caminho para todos n\u00f3s. Do mesmo modo que Ele ressuscitou, n\u00f3s tamb\u00e9m ressuscitaremos.<\/p>\n<p style=\"text-align: justify;\">Jesus transmite aos ap\u00f3stolos toda a autoridade que Ele possu\u00eda, para que eles fizessem as mesmas coisas que Ele fazia. Autoridade n\u00e3o no sentido de mandar ou de poder, mas Jesus transmite a eles a autoridade que vem do Esp\u00edrito Santo, para que eles pudessem edificar a Igreja. A partir desse \u201c\u00faltimo\u201d encontro com Jesus, eles foram enviados a anunciar a boa nova do Evangelho e chamar mais disc\u00edpulos para que a Igreja crescesse sempre mais.<\/p>\n<p style=\"text-align: justify;\">A partir desse momento, Jesus n\u00e3o estaria mais presente fisicamente com os disc\u00edpulos, mas estaria sempre presente espiritualmente. Como Ele mesmo disse aos disc\u00edpulos, \u201c<em>eu estarei convosco todos os dias at\u00e9 ao fim do mundo\u201d.<\/em> A ida de Jesus ao c\u00e9u n\u00e3o \u00e9 definitiva, Ele voltar\u00e1 e resgatar\u00e1 todos n\u00f3s.<\/p>\n<p style=\"text-align: justify;\">Tenhamos a certeza de que Jesus est\u00e1 conosco e podemos encontr\u00e1-lo na Eucaristia e repitamos sempre: <em>\u201cAnunciamos Senhor a vossa morte e proclamamos a vossa ressurrei\u00e7\u00e3o, vinde Senhor Jesus\u201d. <\/em>No batismo, recebemos o Esp\u00edrito Santo e recebemos de Jesus a mesma autoridade que Ele deu aos ap\u00f3stolos<em>: \u201cide pelo mundo inteiro e a todos anunciai o evangelho\u201d.<\/em><\/p>\n","protected":false},"excerpt":{"rendered":"<p>57\u00ba Dia Mundial das Comunica\u00e7\u00f5es Sociais \u00a0Celebramos, neste domingo, o s\u00e9timo Domingo da P\u00e1scoa. E, no Brasil, comemoramos a solenidade da Ascens\u00e3o do Senhor ao c\u00e9u, solenidade transferida da quinta-feira anterior. Tamb\u00e9m comemoramos neste domingo o 57\u00b0 Dia Mundial das Comunica\u00e7\u00f5es Sociais, que tem como tema: Falar com o cora\u00e7\u00e3o: \u201cTestemunhando a verdade no amor\u201d [&hellip;]<\/p>\n","protected":false},"author":5,"featured_media":55819,"comment_status":"open","ping_status":"closed","sticky":false,"template":"","format":"standard","meta":{"footnotes":""},"categories":[9],"tags":[],"class_list":["post-81691","post","type-post","status-publish","format-standard","has-post-thumbnail","hentry","category-artigos"],"_links":{"self":[{"href":"https:\/\/catolicanet.net\/wp-cnet\/wp-json\/wp\/v2\/posts\/81691","targetHints":{"allow":["GET"]}}],"collection":[{"href":"https:\/\/catolicanet.net\/wp-cnet\/wp-json\/wp\/v2\/posts"}],"about":[{"href":"https:\/\/catolicanet.net\/wp-cnet\/wp-json\/wp\/v2\/types\/post"}],"author":[{"embeddable":true,"href":"https:\/\/catolicanet.net\/wp-cnet\/wp-json\/wp\/v2\/users\/5"}],"replies":[{"embeddable":true,"href":"https:\/\/catolicanet.net\/wp-cnet\/wp-json\/wp\/v2\/comments?post=81691"}],"version-history":[{"count":1,"href":"https:\/\/catolicanet.net\/wp-cnet\/wp-json\/wp\/v2\/posts\/81691\/revisions"}],"predecessor-version":[{"id":81692,"href":"https:\/\/catolicanet.net\/wp-cnet\/wp-json\/wp\/v2\/posts\/81691\/revisions\/81692"}],"wp:featuredmedia":[{"embeddable":true,"href":"https:\/\/catolicanet.net\/wp-cnet\/wp-json\/wp\/v2\/media\/55819"}],"wp:attachment":[{"href":"https:\/\/catolicanet.net\/wp-cnet\/wp-json\/wp\/v2\/media?parent=81691"}],"wp:term":[{"taxonomy":"category","embeddable":true,"href":"https:\/\/catolicanet.net\/wp-cnet\/wp-json\/wp\/v2\/categories?post=81691"},{"taxonomy":"post_tag","embeddable":true,"href":"https:\/\/catolicanet.net\/wp-cnet\/wp-json\/wp\/v2\/tags?post=81691"}],"curies":[{"name":"wp","href":"https:\/\/api.w.org\/{rel}","templated":true}]}}