{"id":81686,"date":"2023-05-22T08:59:53","date_gmt":"2023-05-22T11:59:53","guid":{"rendered":"https:\/\/catolicanet.net\/wp-cnet\/?p=81686"},"modified":"2023-05-15T12:00:42","modified_gmt":"2023-05-15T15:00:42","slug":"santa-rita-de-cassia-7","status":"publish","type":"post","link":"https:\/\/catolicanet.net\/wp-cnet\/santa-rita-de-cassia-7\/","title":{"rendered":"Santa Rita de C\u00e1ssia"},"content":{"rendered":"<p style=\"text-align: justify;\">Rita de C\u00e1ssia nasceu em 1381, na Prov\u00edncia de Roccaporena, no alto das montanhas, perto de C\u00e1ssia, regi\u00e3o de Umbria, na It\u00e1lia. Era filha \u00fanica de Antonio Lotti e Amata Ferri, casal de muita ora\u00e7\u00e3o e que todos gostavam. Eles n\u00e3o sabiam ler e escrever, mas ensinavam a filha o principal, a f\u00e9 em Jesus Cristo e em Nossa Senhora. Eles contavam, tamb\u00e9m, sobre a hist\u00f3ria dos santos e santas, o que contribuiu muito para a sua forma\u00e7\u00e3o.<\/p>\n<p style=\"text-align: justify;\">Santa Rita de C\u00e1ssia queria ser religiosa, mas seus pais queriam que ela se casasse e lhe arranjaram um marido, como era costume na \u00e9poca. O marido escolhido foi Paolo Ferdinando, n\u00e3o foi uma boa escolha, pois Paolo era infiel no matrim\u00f4nio e tinha o h\u00e1bito de beber demais. Por causa dele, Santa Rita sofreu muito por 18 anos, per\u00edodo em que foi casada com ele. Eles tiveram dois filhos e Rita sempre teve muita paci\u00eancia e resigna\u00e7\u00e3o em todo o per\u00edodo de sofrimento.<\/p>\n<p style=\"text-align: justify;\">Apesar do sofrimento, ela nunca deixou de rezar por ele e por sua convers\u00e3o, com o passar do tempo e com a ora\u00e7\u00e3o insistente de Rita, ela conseguiu transformar aquele homem rude e bruto. Paolo se converteu e mudou a sua vida conjugal de uma forma muito grande, tanto que as amigas de Rita vinham lhe pedir conselhos.<\/p>\n<p style=\"text-align: justify;\">Paolo, apesar de convertido, havia deixado na cidade algumas \u201crixas\u201d e inimizades e alguns grupos tramavam se vingar. Dessa forma, um dia ele saiu para trabalhar e n\u00e3o voltou mais. Santa Rita sentiu em seu cora\u00e7\u00e3o que algo de pior deveria ter acontecido, no dia seguinte, ele foi encontrado morto, tinha sido assassinado, os dois filhos de Santa Rita queriam vingar a morte do pai. Santa Rita rezava a Deus para que n\u00e3o deixasse eles cometerem tal ato, que seria um pecado mortal. Logo, os dois ficaram muito doentes, de forma incur\u00e1vel, antes deles morrerem, Santa Rita rezava com eles e ajudou os dois a se converterem ao amor de Deus e ao perd\u00e3o. A gra\u00e7a foi t\u00e3o grande que eles conseguiram perdoar os assassinos do pai e morreram.<\/p>\n<p style=\"text-align: justify;\">A morte dos filhos de Santa Rita quebrou uma corrente de \u00f3dio e vingan\u00e7a que poderia durar anos, causando muitos sofrimentos e mortes. Ap\u00f3s a morte dos dois, Santa Rita teve a certeza de que eles estavam no c\u00e9u. Dessa forma, a persist\u00eancia da ora\u00e7\u00e3o de Santa Rita tinha valido a pena.<\/p>\n<p style=\"text-align: justify;\">Santa Rita, estando sozinha, quis entrar para o Convento das Agostinianas, obedecendo assim, o chamado que tinha desde menina. As irm\u00e3s, por\u00e9m, tinham muitas d\u00favidas a respeito da sua voca\u00e7\u00e3o, pois n\u00e3o sabiam se era verdadeiramente o desejo dela, ou porque havia ficado vi\u00fava. Como o marido havia sido assassinado e os filhos morrido de peste, por tudo isso, as irm\u00e3s n\u00e3o quiseram aceitar Rita.<\/p>\n<p style=\"text-align: justify;\">Certa noite, enquanto dormia, Rita teve um sonho e nesse sonho ouviu o Senhor a chamando pelo nome tr\u00eas vezes. Ela abriu a porta e estavam ali S\u00e3o Nicolau, S\u00e3o Francisco e S\u00e3o Jo\u00e3o Batista, eles pediram que ela os seguisse e depois de andarem um pouco pelas ruas, os santos desapareceram e Rita sentiu um suave empurr\u00e3o. Ela caiu em \u00eaxtase e, de repente, quando voltou a si, estava dentro do mosteiro e o mosteiro estava com as portas fechadas, ou seja, Deus operou um milagre na vida de Santa Rita e a colocou dentro do mosteiro. Com isso, as freiras n\u00e3o puderam lhe negar a entrada, pois entenderam que se tratava de uma obra divina. Rita viveu ali por 40 anos.<\/p>\n<p style=\"text-align: justify;\">Um dos milagres atribu\u00eddos \u00e0 Santa Rita \u00e9 que a madre superiora do convento, duvidando da voca\u00e7\u00e3o de Rita de C\u00e1ssia, mandou que ela regasse um peda\u00e7o de madeira seca que estava no jardim do convento, ela deveria fazer aquilo por um ano. Rita obedeceu com paci\u00eancia e amor. Depois de um ano, para a surpresa de todos, o milagre aconteceu, aquele peda\u00e7o de madeira seco se transformou numa bela videira que d\u00e1 uvas at\u00e9 hoje.<\/p>\n<p style=\"text-align: justify;\">Um outro milagre atribu\u00eddo \u00e0 santa \u00e9 que ela pediu a Jesus, orando aos p\u00e9s da cruz, que pudesse sentir um pouco da dor que Ele sentiu em sua crucifica\u00e7\u00e3o. Ent\u00e3o, um dos espinhos da coroa de Jesus cravou-se em sua cabe\u00e7a e Santa Rita sentiu um pouco daquela dor terr\u00edvel que Jesus havia sentido. O espinho fez uma ferida na testa de Santa Rita, de tal forma que ela tinha que ficar distante das outras irm\u00e3s. Com isso, ela intensificou as suas ora\u00e7\u00f5es e jejuns. Santa Rita ficou com a ferida por 15 anos, teve um \u00fanico momento que a chaga foi curada, quando a irm\u00e3 foi a Roma, no ano santo, por\u00e9m quando voltou ao mosteiro, a ferida se abriu novamente.<\/p>\n<p style=\"text-align: justify;\">No dia 22 de maio de 1457, o sino do convento come\u00e7ou a tocar sozinho, Santa Rita estava com 76 anos, sua ferida havia cicatrizado e seu corpo come\u00e7ou a exalar cheiro de rosas. Uma freira chamada Catarina Mancini, que tinha um bra\u00e7o paralisado, ao abra\u00e7ar Santa Rita em seu leito de morte, ficou curada. Esse j\u00e1 era o terceiro milagre atribu\u00eddo \u00e0 Santa Rita. No lugar da ferida que ela tinha na testa, apareceu uma mancha vermelha que exalava um perfume celestial que encantou a todos. Logo, apareceu uma multid\u00e3o para v\u00ea-la. Ent\u00e3o tiveram que levar o seu corpo para a Igreja e l\u00e1 est\u00e1 at\u00e9 hoje, exalando suave perfume, que a todos impressiona.<\/p>\n<p style=\"text-align: justify;\">Santa Rita de C\u00e1ssia foi beatificada no ano de 1627, em Roma, pelo Papa Urbano VIII. Sua canoniza\u00e7\u00e3o ocorreu em 1900, no dia 24 de maio, pelo Papa Leao XIII e sua festa ficou fixada no calend\u00e1rio no dia 22 de maio de cada ano. A primeira Igreja dedicada \u00e0 Santa Rita no Brasil \u00e9 precisamente a Igreja de Santa Rita, no Centro do Rio de Janeiro.<\/p>\n<p style=\"text-align: justify;\">Estamos no m\u00eas que celebramos o Dia das M\u00e3es! Que as nossas m\u00e3es possam espelhar a sua vida nas virtudes matrimoniais de Santa Rita: ora\u00e7\u00e3o constante pela convers\u00e3o do marido e dos filhos e, sobretudo, viver na gra\u00e7a de Deus. Ser m\u00e3e vale a pena, na escola de Santa Rita de C\u00e1ssia!<\/p>\n<p style=\"text-align: justify;\">Celebremos com alegria a mem\u00f3ria lit\u00fargica de Santa Rita, e que ela seja um exemplo para n\u00f3s de f\u00e9 e persist\u00eancia na ora\u00e7\u00e3o. Temos que rezar sempre e pedir com f\u00e9 aquilo que queremos, pois na hora certa a gra\u00e7a vir\u00e1. Santa Rita \u00e9 considerada a santa das causas dif\u00edceis, entreguemos a ela todas as nossas causas e com f\u00e9 alcan\u00e7aremos o que quisermos. Am\u00e9m.<\/p>\n<p style=\"text-align: justify;\">Ora\u00e7\u00e3o a Santa Rita de C\u00e1ssia:<\/p>\n<p style=\"text-align: justify;\"><em>\u00d3 Poderosa e Gloriosa Santa Rita de C\u00e1ssia, eis, a vossos p\u00e9s, uma alma desamparada que, necessitando de aux\u00edlio, a v\u00f3s recorre com a doce esperan\u00e7a de ser atendida por v\u00f3s que tem o t\u00edtulo de Santa dos casos imposs\u00edveis e desesperados. \u00d3 cara Santa, interessai-vos pela minha causa, intercedei junto a Deus para que me conceda a gra\u00e7a, de que tanto necessito, (fazer o pedido). N\u00e3o permitais que tenha de me afastar de vossos p\u00e9s sem ser atendido. Se houver em mim algum obst\u00e1culo que impe\u00e7a de alcan\u00e7ar a gra\u00e7a que imploro, auxiliai-me para que o afaste. Envolvei o meu pedido em vossos preciosos m\u00e9ritos e apresentai-o a vosso celeste esposo, Jesus, em uni\u00e3o com a vossa prece. \u00d3 Santa Rita, eu ponho em v\u00f3s toda a minha confian\u00e7a. Por vosso interm\u00e9dio, espero tranquilamente a gra\u00e7a que vos pe\u00e7o. Santa Rita, advogada dos imposs\u00edveis, rogai por n\u00f3s.<\/em><\/p>\n","protected":false},"excerpt":{"rendered":"<p>Rita de C\u00e1ssia nasceu em 1381, na Prov\u00edncia de Roccaporena, no alto das montanhas, perto de C\u00e1ssia, regi\u00e3o de Umbria, na It\u00e1lia. Era filha \u00fanica de Antonio Lotti e Amata Ferri, casal de muita ora\u00e7\u00e3o e que todos gostavam. Eles n\u00e3o sabiam ler e escrever, mas ensinavam a filha o principal, a f\u00e9 em Jesus [&hellip;]<\/p>\n","protected":false},"author":5,"featured_media":55819,"comment_status":"open","ping_status":"closed","sticky":false,"template":"","format":"standard","meta":{"footnotes":""},"categories":[9],"tags":[],"class_list":["post-81686","post","type-post","status-publish","format-standard","has-post-thumbnail","hentry","category-artigos"],"_links":{"self":[{"href":"https:\/\/catolicanet.net\/wp-cnet\/wp-json\/wp\/v2\/posts\/81686","targetHints":{"allow":["GET"]}}],"collection":[{"href":"https:\/\/catolicanet.net\/wp-cnet\/wp-json\/wp\/v2\/posts"}],"about":[{"href":"https:\/\/catolicanet.net\/wp-cnet\/wp-json\/wp\/v2\/types\/post"}],"author":[{"embeddable":true,"href":"https:\/\/catolicanet.net\/wp-cnet\/wp-json\/wp\/v2\/users\/5"}],"replies":[{"embeddable":true,"href":"https:\/\/catolicanet.net\/wp-cnet\/wp-json\/wp\/v2\/comments?post=81686"}],"version-history":[{"count":1,"href":"https:\/\/catolicanet.net\/wp-cnet\/wp-json\/wp\/v2\/posts\/81686\/revisions"}],"predecessor-version":[{"id":81687,"href":"https:\/\/catolicanet.net\/wp-cnet\/wp-json\/wp\/v2\/posts\/81686\/revisions\/81687"}],"wp:featuredmedia":[{"embeddable":true,"href":"https:\/\/catolicanet.net\/wp-cnet\/wp-json\/wp\/v2\/media\/55819"}],"wp:attachment":[{"href":"https:\/\/catolicanet.net\/wp-cnet\/wp-json\/wp\/v2\/media?parent=81686"}],"wp:term":[{"taxonomy":"category","embeddable":true,"href":"https:\/\/catolicanet.net\/wp-cnet\/wp-json\/wp\/v2\/categories?post=81686"},{"taxonomy":"post_tag","embeddable":true,"href":"https:\/\/catolicanet.net\/wp-cnet\/wp-json\/wp\/v2\/tags?post=81686"}],"curies":[{"name":"wp","href":"https:\/\/api.w.org\/{rel}","templated":true}]}}