{"id":81628,"date":"2023-05-15T09:20:20","date_gmt":"2023-05-15T12:20:20","guid":{"rendered":"https:\/\/catolicanet.net\/wp-cnet\/?p=81628"},"modified":"2023-05-15T11:22:33","modified_gmt":"2023-05-15T14:22:33","slug":"papa-francisco-o-verdadeiro-amigo-corrige-sem-julgar","status":"publish","type":"post","link":"https:\/\/catolicanet.net\/wp-cnet\/papa-francisco-o-verdadeiro-amigo-corrige-sem-julgar\/","title":{"rendered":"Papa Francisco: o verdadeiro amigo corrige sem julgar"},"content":{"rendered":"<figure class=\"article__image\"><span class=\"didascalia_img\">Papa Francisco &#8211; Regina Caeli\u00a0 (VATICAN MEDIA Divisione Foto)<\/span><\/figure>\n<div class=\"article__meta videoInside\" data-mediatype=\"\">\n<div class=\"article__subTitle\" style=\"text-align: justify;\">O Papa Francisco rezou neste domingo o Regina Caeli com os fi\u00e9is e peregrinos reunidos na Pra\u00e7a S\u00e3o Pedrro. Falando do Esp\u00edrito Santo, disse que \u00e9 advogado e consolador, &#8220;porque \u00e9 um verdadeiro amigo, fiel, que n\u00e3o esconde nada\u201d.<\/div>\n<div class=\"title__separator\" style=\"text-align: justify;\"><\/div>\n<div class=\"article__text\">\n<p style=\"text-align: justify;\"><b>Silvonei Jos\u00e9 \u2013 Vatican News<\/b><\/p>\n<p style=\"text-align: justify;\">\u201cO verdadeiro amigo \u00e9 exigente, sugere como mudar e o faz sem julgar ou infundir desconfian\u00e7a\u201d: foi o que recordou neste domingo (14\/05) o Papa Francisco na sua alocu\u00e7\u00e3o que precedeu a ora\u00e7\u00e3o do Regina Caeli com os fi\u00e9is reunidos na Pra\u00e7a S\u00e3o Pedro. O modelo \u00e9 o do Esp\u00edrito Santo, advogado e consolador, &#8220;porque \u00e9 um verdadeiro amigo, fiel, que n\u00e3o esconde nada, que sugere o que mudar e como crescer. Mas, quando nos corrige, nunca nos humilha e nunca infunde desconfian\u00e7a; pelo contr\u00e1rio, nos transmite a certeza de que com Deus podemos conseguir, sempre. Essa \u00e9 a sua proximidade.&#8221;<\/p>\n<div style=\"text-align: justify;\">\n<div class=\"article__embed article__embed--unwrap article__embed--dark\">\n<div class=\"article__innerTitle\">Ou\u00e7a e compartilhe<\/div>\n<div>\n<!--[if lt IE 9]><script>document.createElement('audio');<\/script><![endif]-->\n<audio class=\"wp-audio-shortcode\" id=\"audio-81628-1\" preload=\"none\" style=\"width: 100%;\" controls=\"controls\"><source type=\"audio\/mpeg\" src=\"https:\/\/media.vaticannews.va\/media\/audio\/s1\/2023\/05\/14\/13\/137066476_F137066476.mp3?_=1\" \/><a href=\"https:\/\/media.vaticannews.va\/media\/audio\/s1\/2023\/05\/14\/13\/137066476_F137066476.mp3\">https:\/\/media.vaticannews.va\/media\/audio\/s1\/2023\/05\/14\/13\/137066476_F137066476.mp3<\/a><\/audio>\n<\/div>\n<\/div>\n<\/div>\n<p style=\"text-align: justify;\">O Evangelho deste sexto domingo da P\u00e1scoa, &#8211; disse Francisco &#8211; fala-nos do Esp\u00edrito Santo, que Jesus chama de\u00a0<i>Par\u00e1clito<\/i>.\u00a0<i>Par\u00e1clito\u00a0<\/i>\u00e9 uma palavra grega que significa ao mesmo tempo\u00a0<i>consolador<\/i>\u00a0e\u00a0<i>advogado.<\/i><\/p>\n<p style=\"text-align: justify;\"><i>\u201cOu seja, o Esp\u00edrito Santo n\u00e3o nos deixa sozinhos, ele est\u00e1 ao nosso lado, como um advogado que ajuda o acusado ficando ao seu lado. E ele nos sugere como nos defendermos diante daqueles que nos acusam&#8221;.<\/i><\/p>\n<div style=\"text-align: justify;\">\n<div class=\"article__embed article__embed--unwrap article__embed--photo\">\n<figure><picture><img decoding=\"async\" class=\"loaded\" src=\"https:\/\/www.vaticannews.va\/content\/dam\/vaticannews\/agenzie\/images\/srv\/2023\/05\/14\/2023-05-14-regina-caeli\/1684059505505.JPG\/_jcr_content\/renditions\/cq5dam.thumbnail.cropped.750.422.jpeg\" alt=\"Papa Francisco\" data-original=\"\/content\/dam\/vaticannews\/agenzie\/images\/srv\/2023\/05\/14\/2023-05-14-regina-caeli\/1684059505505.JPG\/_jcr_content\/renditions\/cq5dam.thumbnail.cropped.750.422.jpeg\" data-was-processed=\"true\" \/><\/picture><\/figure>\n<div class=\"photo_embed--Title\">Papa Francisco<\/div>\n<\/div>\n<\/div>\n<p style=\"text-align: justify;\">Falando da sua\u00a0<i>proximidade<\/i>\u00a0o Esp\u00edrito Santo, diz Jesus, &#8220;permanece junto de v\u00f3s e est\u00e1 em v\u00f3s&#8221;.<\/p>\n<p style=\"text-align: justify;\"><i>\u201cO Esp\u00edrito Santo quer estar conosco: n\u00e3o \u00e9 um h\u00f3spede de passagem que vem nos fazer uma visita de cortesia. Ele \u00e9 um companheiro de vida, uma presen\u00e7a est\u00e1vel, \u00e9 Esp\u00edrito e deseja habitar em nosso esp\u00edrito. Ele \u00e9 paciente e est\u00e1 conosco mesmo quando ca\u00edmos. Permanece porque realmente nos ama: n\u00e3o finge que nos ama para depois nos deixar sozinhos nas dificuldades&#8221;.<\/i><\/p>\n<p style=\"text-align: justify;\">Ao contr\u00e1rio, &#8211; continuou Francisco -, se nos encontrarmos em prova\u00e7\u00e3o, o Esp\u00edrito Santo nos consola, trazendo-nos o perd\u00e3o e a for\u00e7a de Deus. E quando ele nos confronta com nossos erros e nos corrige, ele o faz com gentileza: em sua voz que fala ao cora\u00e7\u00e3o h\u00e1 sempre o timbre da ternura e o calor do amor.<\/p>\n<div style=\"text-align: justify;\">\n<div class=\"article__embed article__embed--unwrap article__embed--photo\">\n<figure><picture><img decoding=\"async\" class=\"loaded\" src=\"https:\/\/www.vaticannews.va\/content\/dam\/vaticannews\/agenzie\/images\/srv\/2023\/05\/14\/2023-05-14-regina-caeli\/1684059532816.JPG\/_jcr_content\/renditions\/cq5dam.thumbnail.cropped.750.422.jpeg\" alt=\"Fi\u00e9is na Pra\u00e7a S\u00e3o Pedro\" data-original=\"\/content\/dam\/vaticannews\/agenzie\/images\/srv\/2023\/05\/14\/2023-05-14-regina-caeli\/1684059532816.JPG\/_jcr_content\/renditions\/cq5dam.thumbnail.cropped.750.422.jpeg\" data-was-processed=\"true\" \/><\/picture><\/figure>\n<div class=\"photo_embed--Title\">Fi\u00e9is na Pra\u00e7a S\u00e3o Pedro<\/div>\n<\/div>\n<\/div>\n<p style=\"text-align: justify;\">Francisco disse que o segundo aspecto do Esp\u00edrito Santo \u00e9 ser nosso\u00a0<i>advogado<\/i>,<i>\u00a0nos defende<\/i>\u00a0diante daqueles que nos acusam:\u00a0<i>\u201cdiante de n\u00f3s mesmos, quando n\u00e3o nos amamos e n\u00e3o nos perdoamos, chegando ao ponto de nos dizermos que somos fracassados e que n\u00e3o servimos para nada; diante do mundo, que descarta aqueles que n\u00e3o correspondem aos seus esquemas e modelos; diante do diabo, que \u00e9 por excel\u00eancia o &#8220;acusador&#8221; e o divisor e faz de tudo para que nos sintamos incapazes e infelizes\u201d.<\/i><\/p>\n<p style=\"text-align: justify;\">Diante de todos esses pensamentos acusadores, o Esp\u00edrito Santo nos sugere como devemos responder. De que maneira? Perguntou o Papa.<\/p>\n<p style=\"text-align: justify;\">O Par\u00e1clito, diz Jesus, \u00e9 Aquele que &#8220;nos recorda tudo o que Jesus nos disse&#8221;. Ele nos recorda, portanto, as palavras do Evangelho e, assim, nos permite responder ao diabo acusador n\u00e3o com palavras nossas, mas com as palavras do pr\u00f3prio Senhor.<\/p>\n<div style=\"text-align: justify;\">\n<div class=\"article__embed article__embed--unwrap article__embed--photo\">\n<figure><picture><img decoding=\"async\" class=\"loaded\" src=\"https:\/\/www.vaticannews.va\/content\/dam\/vaticannews\/agenzie\/images\/srv\/2023\/05\/14\/2023-05-14-regina-caeli\/1684059521484.JPG\/_jcr_content\/renditions\/cq5dam.thumbnail.cropped.750.422.jpeg\" alt=\"Pra\u00e7a S\u00e3o Pedro durante o Regina Caeli\" data-original=\"\/content\/dam\/vaticannews\/agenzie\/images\/srv\/2023\/05\/14\/2023-05-14-regina-caeli\/1684059521484.JPG\/_jcr_content\/renditions\/cq5dam.thumbnail.cropped.750.422.jpeg\" data-was-processed=\"true\" \/><\/picture><\/figure>\n<div class=\"photo_embed--Title\">Pra\u00e7a S\u00e3o Pedro durante o Regina Caeli<\/div>\n<\/div>\n<\/div>\n<p style=\"text-align: justify;\"><i>\u201cSe invocarmos o Esp\u00edrito, aprenderemos a acolher e recordar a realidade mais importante da vida, que nos protege das acusa\u00e7\u00f5es do mal: somos filhos amados de Deus\u201d.<\/i><\/p>\n<p style=\"text-align: justify;\">Na conclus\u00e3o de suas palavras Francisco pediu que nos perguntemos hoje: invocamos o Esp\u00edrito Santo, rezamos a Ele com frequ\u00eancia? N\u00e3o nos esque\u00e7amos d\u2019Ele, que est\u00e1 perto de n\u00f3s, ou melhor, dentro de n\u00f3s! E depois, ouvimos sua voz, seja quando nos encoraja, seja quanto quando nos corrige? Respondemos com as palavras de Jesus \u00e0s acusa\u00e7\u00f5es do mal, aos &#8220;tribunais&#8221; da vida? Lembramo-nos de que somos filhos amados de Deus? Que Maria nos torne d\u00f3ceis \u00e0 voz do Esp\u00edrito Santo e sens\u00edveis \u00e0 sua presen\u00e7a.<\/p>\n<div>\n<div class=\"article__embed article__embed--unwrap article__embed--dark\">\n<div class=\"embed-container\"><iframe id=\"428848439\" title=\"Regina Caeli 14 de maio de 2023 Papa Francisco\" src=\"https:\/\/www.youtube.com\/embed\/uzLUFm8uuWg?wmode=opaque&amp;rel=0&amp;autohide=1&amp;showinfo=0&amp;wmode=transparent&amp;modestbranding=1&amp;enablejsapi=1&amp;origin=https:\/\/www.vaticannews.va&amp;start=&amp;end=\" allowfullscreen=\"allowfullscreen\" data-gtm-yt-inspected-7=\"true\" data-gtm-yt-inspected-12=\"true\" data-gtm-yt-inspected-7781034_9=\"true\"><\/iframe><\/div>\n<div class=\"article__innerTitle\">Regina Caeli<\/div>\n<\/div>\n<\/div>\n<\/div>\n<\/div>\n","protected":false},"excerpt":{"rendered":"<p>Papa Francisco &#8211; Regina Caeli\u00a0 (VATICAN MEDIA Divisione Foto) O Papa Francisco rezou neste domingo o Regina Caeli com os fi\u00e9is e peregrinos reunidos na Pra\u00e7a S\u00e3o Pedrro. Falando do Esp\u00edrito Santo, disse que \u00e9 advogado e consolador, &#8220;porque \u00e9 um verdadeiro amigo, fiel, que n\u00e3o esconde nada\u201d. Silvonei Jos\u00e9 \u2013 Vatican News \u201cO verdadeiro [&hellip;]<\/p>\n","protected":false},"author":1,"featured_media":81629,"comment_status":"open","ping_status":"closed","sticky":false,"template":"","format":"standard","meta":{"footnotes":""},"categories":[3],"tags":[],"class_list":["post-81628","post","type-post","status-publish","format-standard","has-post-thumbnail","hentry","category-vaticano"],"_links":{"self":[{"href":"https:\/\/catolicanet.net\/wp-cnet\/wp-json\/wp\/v2\/posts\/81628","targetHints":{"allow":["GET"]}}],"collection":[{"href":"https:\/\/catolicanet.net\/wp-cnet\/wp-json\/wp\/v2\/posts"}],"about":[{"href":"https:\/\/catolicanet.net\/wp-cnet\/wp-json\/wp\/v2\/types\/post"}],"author":[{"embeddable":true,"href":"https:\/\/catolicanet.net\/wp-cnet\/wp-json\/wp\/v2\/users\/1"}],"replies":[{"embeddable":true,"href":"https:\/\/catolicanet.net\/wp-cnet\/wp-json\/wp\/v2\/comments?post=81628"}],"version-history":[{"count":1,"href":"https:\/\/catolicanet.net\/wp-cnet\/wp-json\/wp\/v2\/posts\/81628\/revisions"}],"predecessor-version":[{"id":81630,"href":"https:\/\/catolicanet.net\/wp-cnet\/wp-json\/wp\/v2\/posts\/81628\/revisions\/81630"}],"wp:featuredmedia":[{"embeddable":true,"href":"https:\/\/catolicanet.net\/wp-cnet\/wp-json\/wp\/v2\/media\/81629"}],"wp:attachment":[{"href":"https:\/\/catolicanet.net\/wp-cnet\/wp-json\/wp\/v2\/media?parent=81628"}],"wp:term":[{"taxonomy":"category","embeddable":true,"href":"https:\/\/catolicanet.net\/wp-cnet\/wp-json\/wp\/v2\/categories?post=81628"},{"taxonomy":"post_tag","embeddable":true,"href":"https:\/\/catolicanet.net\/wp-cnet\/wp-json\/wp\/v2\/tags?post=81628"}],"curies":[{"name":"wp","href":"https:\/\/api.w.org\/{rel}","templated":true}]}}