{"id":81618,"date":"2023-05-10T10:57:37","date_gmt":"2023-05-10T13:57:37","guid":{"rendered":"https:\/\/catolicanet.net\/wp-cnet\/?p=81618"},"modified":"2023-05-11T15:58:31","modified_gmt":"2023-05-11T18:58:31","slug":"docil-primeira-dama","status":"publish","type":"post","link":"https:\/\/catolicanet.net\/wp-cnet\/docil-primeira-dama\/","title":{"rendered":"D\u00f3cil Primeira Dama!"},"content":{"rendered":"<p style=\"margin: 0cm; margin-bottom: .0001pt;\"><span style=\"font-family: 'Lato','sans-serif';\">Soneto<\/span><\/p>\n<p style=\"margin: 0cm; margin-bottom: .0001pt; max-width: -webkit-fill-available;\"><span style=\"font-family: 'Lato','sans-serif';\">Lia, querida, docilidade da 1\u00aa Dama!<\/span><\/p>\n<p style=\"margin: 0cm; margin-bottom: .0001pt; max-width: -webkit-fill-available;\"><span style=\"font-family: 'Lato','sans-serif';\">Enorme disposi\u00e7\u00e3o: uma exig\u00eancia <\/span><\/p>\n<p style=\"margin: 0cm; margin-bottom: .0001pt; max-width: -webkit-fill-available;\"><span style=\"font-family: 'Lato','sans-serif';\">O povo quer te ver com coer\u00eancia.<\/span><\/p>\n<p style=\"margin: 0cm; margin-bottom: .0001pt; max-width: -webkit-fill-available;\"><span style=\"font-family: 'Lato','sans-serif';\">Numa s\u00f3 voz e vibrante, conclama!<\/span><\/p>\n<p style=\"margin: 0cm; margin-bottom: .0001pt; max-width: -webkit-fill-available;\"><span style=\"font-family: 'Lato','sans-serif';\">\u00a0<\/span><\/p>\n<p style=\"margin: 0cm; margin-bottom: .0001pt; max-width: -webkit-fill-available;\"><span style=\"font-family: 'Lato','sans-serif';\">Parab\u00e9ns pela dupla fun\u00e7\u00e3o: dama e m\u00e3e!<\/span><\/p>\n<p style=\"margin: 0cm; margin-bottom: .0001pt; max-width: -webkit-fill-available;\"><span style=\"font-family: 'Lato','sans-serif';\">Nota-se no povo cearense satisfa\u00e7\u00e3o.<\/span><\/p>\n<p style=\"margin: 0cm; margin-bottom: .0001pt; max-width: -webkit-fill-available;\"><span style=\"font-family: 'Lato','sans-serif';\">Pelos vulner\u00e1veis, sua obstinada a\u00e7\u00e3o.<\/span><\/p>\n<p style=\"margin: 0cm; margin-bottom: .0001pt; max-width: -webkit-fill-available;\"><span style=\"font-family: 'Lato','sans-serif';\">De voc\u00ea, posso atestar na via de Bel\u00e9m!<\/span><\/p>\n<p style=\"margin: 0cm; margin-bottom: .0001pt; max-width: -webkit-fill-available;\"><span style=\"font-family: 'Lato','sans-serif';\">\u00a0<\/span><\/p>\n<p style=\"margin: 0cm; margin-bottom: .0001pt; max-width: -webkit-fill-available;\"><span style=\"font-family: 'Lato','sans-serif';\">H\u00e1 30 anos, n\u00f3s no col\u00e9gio: prontid\u00e3o!<\/span><\/p>\n<p style=\"margin: 0cm; margin-bottom: .0001pt; max-width: -webkit-fill-available;\"><span style=\"font-family: 'Lato','sans-serif';\">Quem diria! Pe. Geovane, L\u00e9a Livia e Lia!<\/span><\/p>\n<p style=\"margin: 0cm; margin-bottom: .0001pt; max-width: -webkit-fill-available;\"><span style=\"font-family: 'Lato','sans-serif';\">Ao Nossa Senhora das Gra\u00e7as, gratid\u00e3o.<\/span><\/p>\n<p style=\"margin: 0cm; margin-bottom: .0001pt; max-width: -webkit-fill-available;\"><span style=\"font-family: 'Lato','sans-serif';\">\u00a0<\/span><\/p>\n<p style=\"margin: 0cm; margin-bottom: .0001pt; max-width: -webkit-fill-available;\"><span style=\"font-family: 'Lato','sans-serif';\">Lia, n\u00e3o pense em fama, ex\u00edmia 1\u00aa Dama!<\/span><\/p>\n<p style=\"margin: 0cm; margin-bottom: .0001pt; max-width: -webkit-fill-available;\"><span style=\"font-family: 'Lato','sans-serif';\">Oxal\u00e1 outra Evita, num clamor pela vida!<\/span><\/p>\n<p style=\"margin: 0cm; margin-bottom: .0001pt; max-width: -webkit-fill-available;\"><span style=\"font-family: 'Lato','sans-serif';\">No sangue dos cearenses: clamor e amor!<\/span><\/p>\n<p style=\"margin: 0cm; margin-bottom: .0001pt; max-width: -webkit-fill-available;\"><span style=\"font-family: 'Lato','sans-serif';\">Pe. Geovane Saraiva<\/span><\/p>\n","protected":false},"excerpt":{"rendered":"<p>Soneto Lia, querida, docilidade da 1\u00aa Dama! Enorme disposi\u00e7\u00e3o: uma exig\u00eancia O povo quer te ver com coer\u00eancia. Numa s\u00f3 voz e vibrante, conclama! \u00a0 Parab\u00e9ns pela dupla fun\u00e7\u00e3o: dama e m\u00e3e! Nota-se no povo cearense satisfa\u00e7\u00e3o. Pelos vulner\u00e1veis, sua obstinada a\u00e7\u00e3o. De voc\u00ea, posso atestar na via de Bel\u00e9m! \u00a0 H\u00e1 30 anos, n\u00f3s [&hellip;]<\/p>\n","protected":false},"author":6,"featured_media":55824,"comment_status":"open","ping_status":"closed","sticky":false,"template":"","format":"standard","meta":{"footnotes":""},"categories":[9],"tags":[],"class_list":["post-81618","post","type-post","status-publish","format-standard","has-post-thumbnail","hentry","category-artigos"],"_links":{"self":[{"href":"https:\/\/catolicanet.net\/wp-cnet\/wp-json\/wp\/v2\/posts\/81618","targetHints":{"allow":["GET"]}}],"collection":[{"href":"https:\/\/catolicanet.net\/wp-cnet\/wp-json\/wp\/v2\/posts"}],"about":[{"href":"https:\/\/catolicanet.net\/wp-cnet\/wp-json\/wp\/v2\/types\/post"}],"author":[{"embeddable":true,"href":"https:\/\/catolicanet.net\/wp-cnet\/wp-json\/wp\/v2\/users\/6"}],"replies":[{"embeddable":true,"href":"https:\/\/catolicanet.net\/wp-cnet\/wp-json\/wp\/v2\/comments?post=81618"}],"version-history":[{"count":1,"href":"https:\/\/catolicanet.net\/wp-cnet\/wp-json\/wp\/v2\/posts\/81618\/revisions"}],"predecessor-version":[{"id":81619,"href":"https:\/\/catolicanet.net\/wp-cnet\/wp-json\/wp\/v2\/posts\/81618\/revisions\/81619"}],"wp:featuredmedia":[{"embeddable":true,"href":"https:\/\/catolicanet.net\/wp-cnet\/wp-json\/wp\/v2\/media\/55824"}],"wp:attachment":[{"href":"https:\/\/catolicanet.net\/wp-cnet\/wp-json\/wp\/v2\/media?parent=81618"}],"wp:term":[{"taxonomy":"category","embeddable":true,"href":"https:\/\/catolicanet.net\/wp-cnet\/wp-json\/wp\/v2\/categories?post=81618"},{"taxonomy":"post_tag","embeddable":true,"href":"https:\/\/catolicanet.net\/wp-cnet\/wp-json\/wp\/v2\/tags?post=81618"}],"curies":[{"name":"wp","href":"https:\/\/api.w.org\/{rel}","templated":true}]}}