{"id":81612,"date":"2023-05-11T10:52:17","date_gmt":"2023-05-11T13:52:17","guid":{"rendered":"https:\/\/catolicanet.net\/wp-cnet\/?p=81612"},"modified":"2023-05-11T15:54:41","modified_gmt":"2023-05-11T18:54:41","slug":"estarei-sempre-convosco","status":"publish","type":"post","link":"https:\/\/catolicanet.net\/wp-cnet\/estarei-sempre-convosco\/","title":{"rendered":"ESTAREI SEMPRE CONVOSCO"},"content":{"rendered":"<p style=\"text-align: justify;\">Clara a promessa de Jesus: \u201cEu estarei convosco todos os dias at\u00e9 fim dos tempos\u201d (Mt\u00a0 28,16-20). Depois destas palavras os disc\u00edpulos O viram se elevar e desaparecer a seus olhos em uma nuvem. Cristo havia terminado seu percurso nesta terra ao lado de seus ap\u00f3stolos e sua prele\u00e7\u00e3o acabara neste mundo e se d\u00e1 ent\u00e3o\u00a0 sua admir\u00e1vel ascens\u00e3o aos c\u00e9us onde est\u00e1 assentado \u00e0 direita de Deus. Jesus era bem o Messias prometido por todos os profetas. Entretanto, sua partida para o c\u00e9u n\u00e3o significou que tudo estava terminado e que n\u00e3o ser\u00edamos \u00f3rf\u00e3os do Mestre divino. A palavra de Jesus n\u00e3o terminara aqui em baixo na terra. Ela vai continuar mais do que nunca, dado que os onze ap\u00f3stolos receberam a miss\u00e3o de ir pelo mundo inteiro para\u00a0 proclamar a Boa Nova. A palavra de Jesus que durante sua vida terrestre tinha se confinado em Jerusal\u00e9m e na Galileia, n\u00e3o tendo ultrapassado a n\u00e3o ser excepcionalmente as fronteiras do pais, agora ela iria se expandir em todo o imp\u00e9rio romano. O Livro dos Atos dos Ap\u00f3stolos que nos relatam o trabalho das primeiras comunidades crist\u00e3s nos revela que n\u00e3o somente a Palavra de Deus vai atingir o mundo inteiro, mas ela contudo\u00a0n\u00e3o perder\u00e1 nada de sua efic\u00e1cia. Sobretudo\u00a0\u00a0 os ap\u00f3stolos Pedro e\u00a0Paulo n\u00e3o somente anunciam a mensagem de Jesus, mas eles tamb\u00e9m fazem milagres t\u00e3o admir\u00e1veis como aqueles do divino Mestre. Com efeito, eles curam os cegos, os coxos e mesmo at\u00e9 ressuscitam mortos. Os cora\u00e7\u00f5es deveriam se abrir \u00e0 sua luz para fazer compreender a esperan\u00e7a que traz consigo seu apelo, a gl\u00f3ria sem pre\u00e7o da heran\u00e7a que deviam partilhar com os fi\u00e9is e o poder infinito que tocaria os que acreditassem.\u00a0A miseric\u00f3rdia e o poder do Senhor n\u00e3o haviam terminado para os homens, porque Jesus se fora para junto do Pai. Bem, ao contr\u00e1rio, mais que nunca, embora ausente, Jesus continuaria sua obra entre seus disc\u00edpulos, ou mais precisamente pelos seus ap\u00f3stolos. Se as maravilhas e os milagres divinos continuavam a se manifestar aos homens \u00e9 que os disc\u00edpulos com toda a sua Igreja seriam os continuadores da obra de Jesus e, mesmo melhor, a Igreja que \u00e9 o corpo de Cristo e por ela \u00e9 Cristo que continuaria sua obra. \u00c9 certo que Jesus foi elevado corporalmente diante de seus disc\u00edpulo, mas continuaria a lhes falar e agir com eles e por eles de uma maneira inteiramente nova. Eis porque o Evangelho de hoje coloca em seus l\u00e1bios estas palavras: \u201cEu estarei convosco todos os dias at\u00e9 o fim dos tempos\u201d. Mesmo assentado \u00e0 direita do Pai, Cristo continuaria a agir, estando Ele no cora\u00e7\u00e3o de sua Igreja. De uma certa maneira Ele est\u00e1 muito menos ausente do que se possa imaginar. Eis porque Ele deu a entender a seus disc\u00edpulos que seria mais vantajoso que Ele se fosse. Ele estaria, por\u00e9m, com eles at\u00e9 o fim dos temos, at\u00e9 o seu retorno em sua gl\u00f3ria. Cumpre, pois, compreender o mist\u00e9rio da Ascens\u00e3o tendo em vista duas realidades que parecem opostas. De uma parte, nos era proveitoso que Jesus fosse para junto do Pai e de outra parte tamb\u00e9m sua aus\u00eancia aparente, que esconderia sua presen\u00e7a, era \u00fatil, pois se Ele nos deixava fisicamente era para nos estar presente espiritualmente de uma maneira mais eficaz. Toda narrativa dos Atos dos Ap\u00f3stolos tende a demonstrar a veracidade desta dupla afirma\u00e7\u00e3o que parece contradit\u00f3ria. No in\u00edcio dos Atos dos Ap\u00f3stolos, a narrativa que nos \u00e9 feita da primeira comunidade crist\u00e3 nos mostra que os disc\u00edpulos n\u00e3o compreendiam ainda plenamente esta realidade da presen\u00e7a espiritual e ativa de Jesus na sua Igreja. At\u00e9 o dia de Pentecostes os ap\u00f3stolos ficavam fechados em casa, tinham medo. Seria preciso que a promessa de Jesus se realizasse, promessa de lhes enviar o Esp\u00edrito Santo. Esse lhes daria ent\u00e3o n\u00e3o somente a lembran\u00e7a de Jesus e de suas palavras para anunciarem a Boa Nova aos homens, mas seria em seu cora\u00e7\u00e3o e na sua vida a for\u00e7a e o poder do Mestre divino.\u00a0Isto far\u00e1 mais do que cobrir o vazio deixado pela sua partida, pois \u00e9 isto que far\u00e1 da Igreja o Corpo M\u00edstico de Cristo e cobriria espiritualmente a dist\u00e2ncia criada pela partida f\u00edsica de Jesus.\u00a0Espiritualmentev a partida de Cristo e a vinda do Esp\u00edrito Santo fazem que Jesus esteja hoje mais presente em sua Igreja e em cada um de n\u00f3s, porque na Igreja n\u00f3s somos o Corpo de Cristo. Deus Pai lhe a tudo submetido e O colocando no mais alto que tudo Ele fez dele a cabe\u00e7a da Igreja que \u00e9 seu corpo e a Ele Deus O cumula totalmente de sua plenitude. Tornar-se crist\u00e3o ser\u00e1 pois para n\u00f3s, antes de tudo crer,\u00a0que Cristo Jesus n\u00e3o est\u00e1 ausente de nossas vidas.<\/p>\n","protected":false},"excerpt":{"rendered":"<p>Clara a promessa de Jesus: \u201cEu estarei convosco todos os dias at\u00e9 fim dos tempos\u201d (Mt\u00a0 28,16-20). Depois destas palavras os disc\u00edpulos O viram se elevar e desaparecer a seus olhos em uma nuvem. Cristo havia terminado seu percurso nesta terra ao lado de seus ap\u00f3stolos e sua prele\u00e7\u00e3o acabara neste mundo e se d\u00e1 [&hellip;]<\/p>\n","protected":false},"author":7,"featured_media":55813,"comment_status":"open","ping_status":"closed","sticky":false,"template":"","format":"standard","meta":{"footnotes":""},"categories":[9],"tags":[],"class_list":["post-81612","post","type-post","status-publish","format-standard","has-post-thumbnail","hentry","category-artigos"],"_links":{"self":[{"href":"https:\/\/catolicanet.net\/wp-cnet\/wp-json\/wp\/v2\/posts\/81612","targetHints":{"allow":["GET"]}}],"collection":[{"href":"https:\/\/catolicanet.net\/wp-cnet\/wp-json\/wp\/v2\/posts"}],"about":[{"href":"https:\/\/catolicanet.net\/wp-cnet\/wp-json\/wp\/v2\/types\/post"}],"author":[{"embeddable":true,"href":"https:\/\/catolicanet.net\/wp-cnet\/wp-json\/wp\/v2\/users\/7"}],"replies":[{"embeddable":true,"href":"https:\/\/catolicanet.net\/wp-cnet\/wp-json\/wp\/v2\/comments?post=81612"}],"version-history":[{"count":1,"href":"https:\/\/catolicanet.net\/wp-cnet\/wp-json\/wp\/v2\/posts\/81612\/revisions"}],"predecessor-version":[{"id":81613,"href":"https:\/\/catolicanet.net\/wp-cnet\/wp-json\/wp\/v2\/posts\/81612\/revisions\/81613"}],"wp:featuredmedia":[{"embeddable":true,"href":"https:\/\/catolicanet.net\/wp-cnet\/wp-json\/wp\/v2\/media\/55813"}],"wp:attachment":[{"href":"https:\/\/catolicanet.net\/wp-cnet\/wp-json\/wp\/v2\/media?parent=81612"}],"wp:term":[{"taxonomy":"category","embeddable":true,"href":"https:\/\/catolicanet.net\/wp-cnet\/wp-json\/wp\/v2\/categories?post=81612"},{"taxonomy":"post_tag","embeddable":true,"href":"https:\/\/catolicanet.net\/wp-cnet\/wp-json\/wp\/v2\/tags?post=81612"}],"curies":[{"name":"wp","href":"https:\/\/api.w.org\/{rel}","templated":true}]}}