{"id":81609,"date":"2023-05-11T15:51:59","date_gmt":"2023-05-11T18:51:59","guid":{"rendered":"https:\/\/catolicanet.net\/wp-cnet\/?p=81609"},"modified":"2023-05-11T15:51:59","modified_gmt":"2023-05-11T18:51:59","slug":"alegria-de-viver-em-comunidade","status":"publish","type":"post","link":"https:\/\/catolicanet.net\/wp-cnet\/alegria-de-viver-em-comunidade\/","title":{"rendered":"Alegria de viver em comunidade"},"content":{"rendered":"<p style=\"text-align: justify;\">\u00a0\u00a0\u00a0\u00a0\u00a0\u00a0\u00a0\u00a0\u00a0\u00a0\u00a0 Os disc\u00edpulos que testemunharam os acontecimentos relativos a Jesus Cristo, principalmente os fatos pascais, compreenderam que foram abra\u00e7ados pela miseric\u00f3rdia de Deus. Haviam recebido in\u00fameros ensinamentos repletos de sabedoria. Compreenderam que a morte de Jesus na cruz e a sua ressurrei\u00e7\u00e3o \u00e9 o caminho da vida eterna e a resposta mais profunda aos desejos humanos. Compreenderam tamb\u00e9m que n\u00e3o poderiam guardar de forma ego\u00edsta esta riqueza de gra\u00e7as. Havia necessidade de formar comunidades onde pudessem transmitir e viver tudo isto.<\/p>\n<p style=\"text-align: justify;\">\u00a0\u00a0\u00a0\u00a0\u00a0\u00a0\u00a0\u00a0\u00a0\u00a0\u00a0 Os seguidores de Jesus de todos os tempos, atrav\u00e9s da liturgia eucar\u00edstica, tem a oportunidade de visitar as primeiras comunidades crist\u00e3s. Os textos deste domingo aquecem o cora\u00e7\u00e3o e renovam a f\u00e9 em Jesus Cristo. A primeira carta da S\u00e3o Pedro (3,15-18) oferece orienta\u00e7\u00f5es muito s\u00e1bias para os crist\u00e3os viverem numa sociedade plural e, por vezes, hostil \u00e0 presen\u00e7a dos crist\u00e3os. \u201cEstai sempre prontos a dar a raz\u00e3o da vossa esperan\u00e7a a todo aquele que vo-la pedir\u201d, recomenda Pedro. Jesus ocupou a maior parte do tempo ensinando ou pregando. Queria que todos os disc\u00edpulos o seguissem de forma consciente, isto \u00e9, soubessem explicar porque o seguiam e porque aceitavam estes ensinamentos. Toda comunidade crist\u00e3 necessita de prega\u00e7\u00e3o, de ensinamento. Por isso, existe catequese de Inicia\u00e7\u00e3o \u00e0 vida crist\u00e3 para os sacramentos do Batismo, Crisma, Eucaristia. Existe prepara\u00e7\u00e3o para o Sacramento do Matrim\u00f4nio, al\u00e9m de outras forma\u00e7\u00f5es, cursos e faculdade de teologia. Enfim, cada fiel \u00e9 convidado a explicar, com as suas capacidades, porque acredita em Jesus Cristo e participa da Igreja.<\/p>\n<p style=\"text-align: justify;\">\u00a0\u00a0\u00a0\u00a0\u00a0\u00a0\u00a0\u00a0\u00a0\u00a0\u00a0 A pergunta pelas raz\u00f5es da f\u00e9 pode ser feita de forma agressiva e Pedro diz como deve ser dada a resposta: \u201cFazei-o, por\u00e9m, com mansid\u00e3o e respeito e com boa consci\u00eancia\u201d. Foi este o modo como Jesus respondia \u00e0s perguntas que lhe eram feitas. A virtude da mansid\u00e3o revela paz e liberdade interior, acolhimento, controle das emo\u00e7\u00f5es, da irritabilidade. Respeito \u00e9 a atitude de quem reconhece a dignidade inviol\u00e1vel de quem pergunta. Boa consci\u00eancia revela que n\u00e3o se pode responder contra a consci\u00eancia ou dar uma resposta que fere a verdade da f\u00e9. Isto \u00e9, quem responde n\u00e3o pode negar o que cr\u00ea e quem \u00e9.<\/p>\n<p style=\"text-align: justify;\">\u00a0\u00a0\u00a0\u00a0\u00a0\u00a0\u00a0\u00a0\u00a0\u00a0\u00a0 Pedro tamb\u00e9m \u00e9 muito realista e sabe que nem todas as situa\u00e7\u00f5es se resolver\u00e3o a contento, por isso ainda acrescenta: \u201cPois \u00e9 melhor sofrer praticando o bem, se esta for a vontade de Deus, do que praticando o mal. Com efeito, tamb\u00e9m Cristo morreu, uma vez por todas, por causa dos pecados, o justo, pelos injustos, a fim de nos conduzir a Deus\u201d. Responder ao mal e \u00e0 viol\u00eancia com a mesma moeda \u00e9 aumentar os males no mundo.<\/p>\n<p style=\"text-align: justify;\">\u00a0\u00a0\u00a0\u00a0\u00a0\u00a0\u00a0\u00a0\u00a0\u00a0\u00a0 Jesus sabendo da fragilidade de seus seguidores, isto \u00e9, de n\u00e3o viverem aquilo que acreditam e ensinam proporcionou mais meios de cuidado da comunidade, conforme o Evangelho dominical (Jo\u00e3o 14,15-21). Insiste que devem guardar os seus mandamentos pois eles revelam o amor, a guarda e o cuidado de Deus. Jesus tamb\u00e9m promete \u201cum outro Defensor, para que permane\u00e7a sempre convosco\u201d. \u201cN\u00e3o vos deixarei \u00f3rf\u00e3os. Eu virei a v\u00f3s\u201d.<\/p>\n<p style=\"text-align: justify;\">\u00a0\u00a0\u00a0\u00a0\u00a0\u00a0\u00a0\u00a0\u00a0\u00a0\u00a0 Os Atos dos Ap\u00f3stolos (8,5-8.14-17) testemunha a repercuss\u00e3o de uma comunidade crist\u00e3 na cidade. \u201cEra grande a alegria naquela cidade\u201d. Os fi\u00e9is ouviam o ensinamento de Filipe sobre Jesus Cristo, os marginalizados eram atendidos, reinava um clima de ora\u00e7\u00e3o pelos habitantes da cidade. Tudo se completa quando Pedro e Jo\u00e3o imp\u00f5em as m\u00e3os e \u201celes receberam o Esp\u00edrito Santo\u201d.<\/p>\n","protected":false},"excerpt":{"rendered":"<p>\u00a0\u00a0\u00a0\u00a0\u00a0\u00a0\u00a0\u00a0\u00a0\u00a0\u00a0 Os disc\u00edpulos que testemunharam os acontecimentos relativos a Jesus Cristo, principalmente os fatos pascais, compreenderam que foram abra\u00e7ados pela miseric\u00f3rdia de Deus. Haviam recebido in\u00fameros ensinamentos repletos de sabedoria. Compreenderam que a morte de Jesus na cruz e a sua ressurrei\u00e7\u00e3o \u00e9 o caminho da vida eterna e a resposta mais profunda aos desejos [&hellip;]<\/p>\n","protected":false},"author":18,"featured_media":55821,"comment_status":"open","ping_status":"closed","sticky":false,"template":"","format":"standard","meta":{"footnotes":""},"categories":[9],"tags":[],"class_list":["post-81609","post","type-post","status-publish","format-standard","has-post-thumbnail","hentry","category-artigos"],"_links":{"self":[{"href":"https:\/\/catolicanet.net\/wp-cnet\/wp-json\/wp\/v2\/posts\/81609","targetHints":{"allow":["GET"]}}],"collection":[{"href":"https:\/\/catolicanet.net\/wp-cnet\/wp-json\/wp\/v2\/posts"}],"about":[{"href":"https:\/\/catolicanet.net\/wp-cnet\/wp-json\/wp\/v2\/types\/post"}],"author":[{"embeddable":true,"href":"https:\/\/catolicanet.net\/wp-cnet\/wp-json\/wp\/v2\/users\/18"}],"replies":[{"embeddable":true,"href":"https:\/\/catolicanet.net\/wp-cnet\/wp-json\/wp\/v2\/comments?post=81609"}],"version-history":[{"count":1,"href":"https:\/\/catolicanet.net\/wp-cnet\/wp-json\/wp\/v2\/posts\/81609\/revisions"}],"predecessor-version":[{"id":81610,"href":"https:\/\/catolicanet.net\/wp-cnet\/wp-json\/wp\/v2\/posts\/81609\/revisions\/81610"}],"wp:featuredmedia":[{"embeddable":true,"href":"https:\/\/catolicanet.net\/wp-cnet\/wp-json\/wp\/v2\/media\/55821"}],"wp:attachment":[{"href":"https:\/\/catolicanet.net\/wp-cnet\/wp-json\/wp\/v2\/media?parent=81609"}],"wp:term":[{"taxonomy":"category","embeddable":true,"href":"https:\/\/catolicanet.net\/wp-cnet\/wp-json\/wp\/v2\/categories?post=81609"},{"taxonomy":"post_tag","embeddable":true,"href":"https:\/\/catolicanet.net\/wp-cnet\/wp-json\/wp\/v2\/tags?post=81609"}],"curies":[{"name":"wp","href":"https:\/\/api.w.org\/{rel}","templated":true}]}}