{"id":81579,"date":"2023-05-11T10:19:03","date_gmt":"2023-05-11T13:19:03","guid":{"rendered":"https:\/\/catolicanet.net\/wp-cnet\/?p=81579"},"modified":"2023-05-11T15:21:51","modified_gmt":"2023-05-11T18:21:51","slug":"jubileu-2025-sao-esperadas-35-milhoes-de-pessoas-na-santa-se-organizadores-lancam-site-e-cartao-do-peregrino","status":"publish","type":"post","link":"https:\/\/catolicanet.net\/wp-cnet\/jubileu-2025-sao-esperadas-35-milhoes-de-pessoas-na-santa-se-organizadores-lancam-site-e-cartao-do-peregrino\/","title":{"rendered":"JUBILEU 2025: S\u00c3O ESPERADAS 35 MILH\u00d5ES DE PESSOAS NA SANTA S\u00c9; ORGANIZADORES LAN\u00c7AM SITE E CART\u00c3O DO PEREGRINO"},"content":{"rendered":"<p style=\"text-align: justify;\">S\u00e3o esperados pelo menos 32 milh\u00f5es de peregrinos em Roma para o Jubileu 2025 para celebrar o ano santo animados pelo tema: \u201cperegrinos da Esperan\u00e7a\u201d. A confirma\u00e7\u00e3o foi feita pelo pr\u00f3-prefeito do Dicast\u00e9rio para a Evangeliza\u00e7\u00e3o, dom Rino Fisichella, em coletiva de imprensa nesta semana, dia 9, cujo objetivo foi apresentar a fase de prepara\u00e7\u00e3o e tamb\u00e9m detalhes do Ano Jubilar que ser\u00e1 aberto em dezembro de 2024. A data de in\u00edcio com a abertura da Porta Santa da Bas\u00edlica de S\u00e3o Pedro, bem como a data de encerramento, ser\u00e3o divulgadas na Bula de Proclama\u00e7\u00e3o que ser\u00e1 publicada exatamente daqui a um ano, em 9 de maio de 2024.<\/p>\n<p style=\"text-align: justify;\">Dom Fisichella explicou que foi encomendado um estudo \u00e0 faculdade de Sociologia da Universidade Roma 3, solicitando proje\u00e7\u00f5es para o n\u00famero de peregrinos esperados para o Jubileu. Os dados, j\u00e1 compartilhados com o governo, revelam que a capital italiana deve receber pelo menos 32 milh\u00f5es de peregrinos. \u201c\u00c9 claro que, vendo como estava Roma em janeiro e fevereiro deste ano, que normalmente era vazia e agora est\u00e1 transbordando, talvez essas estimativas tamb\u00e9m possam estar sujeitas a mudan\u00e7as. Por enquanto, vamos nos ater aos estudos feitos\u201d, disse dom Fisichella.<\/p>\n<h3 style=\"text-align: justify;\">Fase preparat\u00f3ria entre Santa S\u00e9 e It\u00e1lia<\/h3>\n<p style=\"text-align: justify;\">O pr\u00f3-prefeito do Dicast\u00e9rio, ao se referir a projetos que visam facilitar o acolhimento aos milh\u00f5es de peregrinos, disse que j\u00e1 h\u00e1 v\u00e1rios meses a Santa S\u00e9 e o governo italiano \u2013 como a pr\u00f3pria regi\u00e3o do Lazio e a prefeitura de Roma \u2013 v\u00eam promovendo encontros quinzenais para tratar das interven\u00e7\u00f5es na cidade. Um deles aconteceu em 19 de abril, no Pal\u00e1cio Apost\u00f3lico, inclusive com a participa\u00e7\u00e3o da primeira-ministra do pa\u00eds, Giorgia Meloni.<\/p>\n<p style=\"text-align: justify;\">As reuni\u00f5es s\u00e3o para resolver problemas t\u00edpicos ligados ao acolhimento (como seguran\u00e7a, sa\u00fade, transporte e voluntariado, por exemplo), mas tamb\u00e9m para analisar as obras estruturais necess\u00e1rias para tornar a cidade mais moderna, inclusiva e sustent\u00e1vel. Dom Fisichella confirmou, assim, que o percurso entre o Castel Sant\u2019Angelo e o in\u00edcio da Via della Conciliazione, que d\u00e1 acesso \u00e0 Pra\u00e7a S\u00e3o Pedro e por onde ainda h\u00e1 circula\u00e7\u00e3o de ve\u00edculos, ser\u00e1 fechada para criar uma grande \u00e1rea para os pedestres.<\/p>\n<p style=\"text-align: justify;\">As obras devem come\u00e7ar em julho, em trabalhos di\u00e1rios de 24h, com a esperan\u00e7a de que em 8 de dezembro de 2024 as maiores interven\u00e7\u00f5es j\u00e1 estejam conclu\u00eddas, comentou ele, ao acrescentar: \u201ccertamente entendemos as dificuldades que ser\u00e3o enfrentadas pelos cidad\u00e3os e turistas, que ser\u00e3o for\u00e7ados a usar rotas alternativas para se locomover pela cidade, devido \u00e0 presen\u00e7a dos canteiros de obras\u201d.<\/p>\n<h3 style=\"text-align: justify;\">Exposi\u00e7\u00f5es itinerantes de arte em hospitais e c\u00e1rceres<\/h3>\n<p style=\"text-align: justify;\">Uma fase preparat\u00f3ria t\u00e9cnica \u2013 igualmente necess\u00e1ria, refor\u00e7ou dom Fisichella, mas que caminha paralela \u00e0quela ligada \u00e0 celebra\u00e7\u00e3o do evento jubilar. Por isso a institui\u00e7\u00e3o de quatro comiss\u00f5es preparat\u00f3rias (pastoral, cultural, de comunica\u00e7\u00e3o e ecum\u00eanica), de um comit\u00ea t\u00e9cnico e de comiss\u00f5es de delegados das dioceses italianas e das Confer\u00eancias Episcopais. O nosso objetivo, disse ele, \u00e9 que \u201co peregrino se torne turista, assim como o turista possa ficar fascinado pela experi\u00eancia de ser peregrino\u201d.<\/p>\n<p style=\"text-align: justify;\">O an\u00fancio, ent\u00e3o, da primeira grande exposi\u00e7\u00e3o que poder\u00e1 ser conferida gratuitamente de setembro a in\u00edcio de outubro deste ano na Igreja Sant\u2019Agnese in Agone, na Piazza Navona: a mostra do artista espanhol renascentista El Greco. \u201cS\u00e3o obras que nunca deixaram a Espanha e que foram colocadas \u00e0 disposi\u00e7\u00e3o justamente para essa circunst\u00e2ncia, quase que para dar in\u00edcio oficial \u00e0s iniciativas culturais\u201d, disse entusiasta dom Fisichella. Manifesta\u00e7\u00f5es do g\u00eanero, acrescentou ele, que na sua maioria ser\u00e3o de acesso gratuito e poder\u00e3o se tornar itinerantes j\u00e1 que devem sair de igrejas e ir a hospitais e c\u00e1rceres num verdadeiro movimento para valorizar os \u201cPeregrinos de esperan\u00e7a\u201d, como \u00e9 o lema do Jubileu 2025, levando a mensagem da esperan\u00e7a a diferentes lugares.<\/p>\n<h3 style=\"text-align: justify;\">Site, App e Cart\u00e3o do Peregrino<\/h3>\n<p style=\"text-align: justify;\">O novo site do Jubileu 2025 \u2013 o\u00a0<a href=\"https:\/\/www.iubilaeum2025.va\/pt.html\" target=\"_blank\" rel=\"noopener\">www.iubilaeum2025.va<\/a>\u00a0foi aberto ao grande p\u00fablico em 9 l\u00ednguas a partir do dia 10 de maio. A partir de setembro o portal dar\u00e1 a possibilidade de j\u00e1 se fazer a inscri\u00e7\u00e3o aos eventos e \u00e0 peregrina\u00e7\u00e3o \u00e0 Porta Santa, enalteceu o subsecret\u00e1rio do Dicast\u00e9rio, dom Graham Bell, tamb\u00e9m presente na coletiva de imprensa. Com acesso \u00e0 p\u00e1gina pessoal na \u00c1rea do Peregrino, vai dar para obter o Cart\u00e3o do Peregrino, em vers\u00e3o digital, e com dupla fun\u00e7\u00e3o: vai ajudar a administrar os milh\u00f5es de peregrinos presentes em Roma, al\u00e9m de oferecer servi\u00e7os com descontos nos setores de transporte, hot\u00e9is e restaurantes.<\/p>\n<p style=\"text-align: justify;\">O aplicativo do Jubileu 2025, jovem e \u00e1gil, dispon\u00edvel para Android e IOS \u2013 o iubilaeum2025, tamb\u00e9m estar\u00e1 ativo a partir de setembro deste ano, como inclusive os perfis sociais no YouTube, Instagram, Facebook, Twitter e na pr\u00f3pria plataforma de v\u00eddeos curtos, o TikTok.<\/p>\n<p style=\"text-align: justify;\">J\u00e1 em 1\u00ba de junho ser\u00e1 aberto o Centro para Peregrinos na Via della Conciliazione 7, em Roma. No Info Point para o Jubileu, fi\u00e9is e turistas poder\u00e3o pedir informa\u00e7\u00f5es sobre como participar, como tornar-se volunt\u00e1rio ou sobre como organizar a pr\u00f3pria peregrina\u00e7\u00e3o em 2025.<\/p>\n<h3 style=\"text-align: justify;\">Hino oficial do Jubileu 2025<\/h3>\n<p style=\"text-align: justify;\">Durante a coletiva de imprensa tamb\u00e9m foi anunciado o vencedor do concurso internacional para o hino oficial do Jubileu de 2025 entre 270 inscritos provenientes de 38 pa\u00edses: o maestro Francesco Meneghello, da cidade italiana de Mantova. O texto \u00e9 de Pierangelo Sequeri. Para a ocasi\u00e3o, o coro da Capela Sistina gravou uma pr\u00e9via para ser divulgada aos presentes.<\/p>\n<p style=\"text-align: justify;\"><a href=\"https:\/\/www.facebook.com\/evangelizatio.it\/\" target=\"_blank\" rel=\"noopener\">Dom Fisichella<\/a>\u00a0finalizou a apresenta\u00e7\u00e3o afirmando que \u201ctodos n\u00f3s desejamos que o an\u00fancio de esperan\u00e7a que prov\u00e9m do pr\u00f3ximo Jubileu possa ser real, concreto e tang\u00edvel por meio de tantos sinais de solidariedade que ajudar\u00e3o a recuperar uma perspectiva mais serena e confiante nas rela\u00e7\u00f5es pessoais e interpessoais, levando uma contribui\u00e7\u00e3o para um mundo mais humano e uma transmiss\u00e3o de gera\u00e7\u00e3o em gera\u00e7\u00e3o da tradi\u00e7\u00e3o viva da nossa f\u00e9\u201d.<\/p>\n<p style=\"text-align: justify;\"><strong>Com informa\u00e7\u00f5es e foto:<\/strong>\u00a0<a href=\"https:\/\/www.vaticannews.va\/pt\/vaticano\/news\/2023-05\/jubileu-2025-coletiva-de-imprensa-9-maio-2023-novidades.html\" target=\"_blank\" rel=\"noopener\">VaticanNews<\/a><\/p>\n","protected":false},"excerpt":{"rendered":"<p>S\u00e3o esperados pelo menos 32 milh\u00f5es de peregrinos em Roma para o Jubileu 2025 para celebrar o ano santo animados pelo tema: \u201cperegrinos da Esperan\u00e7a\u201d. A confirma\u00e7\u00e3o foi feita pelo pr\u00f3-prefeito do Dicast\u00e9rio para a Evangeliza\u00e7\u00e3o, dom Rino Fisichella, em coletiva de imprensa nesta semana, dia 9, cujo objetivo foi apresentar a fase de prepara\u00e7\u00e3o [&hellip;]<\/p>\n","protected":false},"author":1,"featured_media":81580,"comment_status":"open","ping_status":"closed","sticky":false,"template":"","format":"standard","meta":{"footnotes":""},"categories":[7,13],"tags":[],"class_list":["post-81579","post","type-post","status-publish","format-standard","has-post-thumbnail","hentry","category-cnbb","category-featured"],"_links":{"self":[{"href":"https:\/\/catolicanet.net\/wp-cnet\/wp-json\/wp\/v2\/posts\/81579","targetHints":{"allow":["GET"]}}],"collection":[{"href":"https:\/\/catolicanet.net\/wp-cnet\/wp-json\/wp\/v2\/posts"}],"about":[{"href":"https:\/\/catolicanet.net\/wp-cnet\/wp-json\/wp\/v2\/types\/post"}],"author":[{"embeddable":true,"href":"https:\/\/catolicanet.net\/wp-cnet\/wp-json\/wp\/v2\/users\/1"}],"replies":[{"embeddable":true,"href":"https:\/\/catolicanet.net\/wp-cnet\/wp-json\/wp\/v2\/comments?post=81579"}],"version-history":[{"count":1,"href":"https:\/\/catolicanet.net\/wp-cnet\/wp-json\/wp\/v2\/posts\/81579\/revisions"}],"predecessor-version":[{"id":81581,"href":"https:\/\/catolicanet.net\/wp-cnet\/wp-json\/wp\/v2\/posts\/81579\/revisions\/81581"}],"wp:featuredmedia":[{"embeddable":true,"href":"https:\/\/catolicanet.net\/wp-cnet\/wp-json\/wp\/v2\/media\/81580"}],"wp:attachment":[{"href":"https:\/\/catolicanet.net\/wp-cnet\/wp-json\/wp\/v2\/media?parent=81579"}],"wp:term":[{"taxonomy":"category","embeddable":true,"href":"https:\/\/catolicanet.net\/wp-cnet\/wp-json\/wp\/v2\/categories?post=81579"},{"taxonomy":"post_tag","embeddable":true,"href":"https:\/\/catolicanet.net\/wp-cnet\/wp-json\/wp\/v2\/tags?post=81579"}],"curies":[{"name":"wp","href":"https:\/\/api.w.org\/{rel}","templated":true}]}}