{"id":81560,"date":"2023-05-10T09:18:18","date_gmt":"2023-05-10T12:18:18","guid":{"rendered":"https:\/\/catolicanet.net\/wp-cnet\/?p=81560"},"modified":"2023-05-10T14:19:02","modified_gmt":"2023-05-10T17:19:02","slug":"como-a-mae-catolica-pode-ensinar-o-filho-a-perdoar-e-cultivar-a-paz","status":"publish","type":"post","link":"https:\/\/catolicanet.net\/wp-cnet\/como-a-mae-catolica-pode-ensinar-o-filho-a-perdoar-e-cultivar-a-paz\/","title":{"rendered":"Como a m\u00e3e cat\u00f3lica pode ensinar o filho a perdoar e cultivar a paz?"},"content":{"rendered":"<h2 class=\"subtitle\" style=\"text-align: justify;\">A tarefa n\u00e3o \u00e9 f\u00e1cil: afinal, a melhor forma de ensinar \u00e9 mediante o exemplo<\/h2>\n<p style=\"text-align: justify;\">Acapacidade de perdoar est\u00e1 no cora\u00e7\u00e3o do cristianismo. Cristo, afinal, literalmente encarna o perd\u00e3o de Deus ao encarnar-Se. Ele explicita, ao extremo, o quanto Deus deseja que nos reconciliemos com o Seu amor.<\/p>\n<p style=\"text-align: justify;\">A import\u00e2ncia do perd\u00e3o vai al\u00e9m da perspectiva religiosa. Toda a melhor psicologia j\u00e1 desenvolvida pela humanidade destaca o perd\u00e3o como essencial para os relacionamentos saud\u00e1veis. Portanto, ensinar a perdoar \u00e9 uma das mais essenciais miss\u00f5es de todo pai e m\u00e3e cat\u00f3licos.<\/p>\n<div class=\"wp-block-aleteia-heading3\" style=\"text-align: justify;\">\n<h3>Exemplos da B\u00edblia<\/h3>\n<\/div>\n<div class=\"block-image-copyrigth-wrap\" style=\"text-align: justify;\">\n<figure class=\"wp-block-image size-large\"><img loading=\"lazy\" decoding=\"async\" class=\"wp-image-385863\" src=\"https:\/\/wp.pt.aleteia.org\/wp-content\/uploads\/sites\/5\/2021\/03\/web3-PRODIGAL-SON-RETURN-WIKI.jpg?w=1024\" sizes=\"auto, (max-width: 1200px) 100vw, 1200px\" srcset=\"https:\/\/wp.pt.aleteia.org\/wp-content\/uploads\/sites\/5\/2021\/03\/web3-PRODIGAL-SON-RETURN-WIKI.jpg 1200w, https:\/\/wp.pt.aleteia.org\/wp-content\/uploads\/sites\/5\/2021\/03\/web3-PRODIGAL-SON-RETURN-WIKI.jpg?resize=150,75 150w, https:\/\/wp.pt.aleteia.org\/wp-content\/uploads\/sites\/5\/2021\/03\/web3-PRODIGAL-SON-RETURN-WIKI.jpg?resize=300,150 300w, https:\/\/wp.pt.aleteia.org\/wp-content\/uploads\/sites\/5\/2021\/03\/web3-PRODIGAL-SON-RETURN-WIKI.jpg?resize=768,384 768w, https:\/\/wp.pt.aleteia.org\/wp-content\/uploads\/sites\/5\/2021\/03\/web3-PRODIGAL-SON-RETURN-WIKI.jpg?resize=1024,512 1024w, https:\/\/wp.pt.aleteia.org\/wp-content\/uploads\/sites\/5\/2021\/03\/web3-PRODIGAL-SON-RETURN-WIKI.jpg?resize=620,310 620w, https:\/\/wp.pt.aleteia.org\/wp-content\/uploads\/sites\/5\/2021\/03\/web3-PRODIGAL-SON-RETURN-WIKI.jpg?resize=460,230 460w, https:\/\/wp.pt.aleteia.org\/wp-content\/uploads\/sites\/5\/2021\/03\/web3-PRODIGAL-SON-RETURN-WIKI.jpg?resize=220,110 220w, https:\/\/wp.pt.aleteia.org\/wp-content\/uploads\/sites\/5\/2021\/03\/web3-PRODIGAL-SON-RETURN-WIKI.jpg?resize=236,118 236w, https:\/\/wp.pt.aleteia.org\/wp-content\/uploads\/sites\/5\/2021\/03\/web3-PRODIGAL-SON-RETURN-WIKI.jpg?resize=940,470 940w, https:\/\/wp.pt.aleteia.org\/wp-content\/uploads\/sites\/5\/2021\/03\/web3-PRODIGAL-SON-RETURN-WIKI.jpg?resize=1140,570 1140w, https:\/\/wp.pt.aleteia.org\/wp-content\/uploads\/sites\/5\/2021\/03\/web3-PRODIGAL-SON-RETURN-WIKI.jpg?resize=375,188 375w, https:\/\/wp.pt.aleteia.org\/wp-content\/uploads\/sites\/5\/2021\/03\/web3-PRODIGAL-SON-RETURN-WIKI.jpg?resize=630,315 630w\" alt=\"Par\u00e1bola do filho pr\u00f3digo\" width=\"1200\" height=\"600\" \/><figcaption class=\"wp-element-caption\">Par\u00e1bola do filho pr\u00f3digo<\/figcaption><\/figure>\n<div class=\"copyright-text\"><a href=\"https:\/\/commons.wikimedia.org\/wiki\/File:Prodigals_Return_by_Sir_Edward_John_Poynter,_1869.jpg#\/media\/File:'Prodigal's_Return'_by_Sir_Edward_John_Poynter,_1869.jpg\" target=\"_blank\" rel=\"noopener\">Public Domain<\/a><\/div>\n<\/div>\n<p style=\"text-align: justify;\">Tanto no Antigo quanto no Novo Testamento, a B\u00edblia refor\u00e7a em in\u00fameras passagens que Deus perdoa os nossos desamores. Al\u00e9m disso, a Escritura nos recorda que n\u00f3s mesmos precisamos perdoar para restaurar a paz em nosso cora\u00e7\u00e3o. Exemplos sublimes podem ser apreciados na hist\u00f3ria de\u00a0<a title=\"\" href=\"https:\/\/pt.wikipedia.org\/wiki\/Jos%C3%A9_(filho_de_Jacob)\" target=\"_blank\" rel=\"noopener\">Jos\u00e9 do Egito<\/a>\u00a0e na magn\u00edfica par\u00e1bola do filho pr\u00f3digo, narrada magistralmente por Jesus.<\/p>\n<div class=\"wp-block-aleteia-heading3\" style=\"text-align: justify;\">\n<h3>Distinguir entre erro e pessoa que erra<\/h3>\n<\/div>\n<p style=\"text-align: justify;\">\u00c9 importante que as m\u00e3es cat\u00f3licas ensinem aos filhos que perdoar n\u00e3o significa ignorar a ofensa ou ser leniente com o erro, mas sim libertar-se da dor e do ressentimento que o erro causa. Por isso, \u00e9 fundamental distinguir entre o erro, que deve ser admitido e rejeitado, e a pessoa que erra, pois ela precisa de apoio para corrigir o erro e progredir.<\/p>\n<div class=\"wp-block-aleteia-heading3\" style=\"text-align: justify;\">\n<h3>Cultivar a paz<\/h3>\n<\/div>\n<p style=\"text-align: justify;\">As m\u00e3es tamb\u00e9m podem ensinar os filhos a cultivarem a paz em todos os seus relacionamentos, sejam familiares, de amizade, sociais, afetivos. Este cultivo requer paci\u00eancia, empatia e compaix\u00e3o. Ao ensinar essas virtudes \u00e0s crian\u00e7as, as m\u00e3es literalmente transformam o mundo. No fim das contas, elas criam adultos \u201ctreinados\u201d para evitar atritos, resolver conflitos e recorrer ao di\u00e1logo.<\/p>\n<div class=\"wp-block-aleteia-heading3\" style=\"text-align: justify;\">\n<h3>O desafio do exemplo<\/h3>\n<\/div>\n<div id=\"aleteia-welcome\" style=\"text-align: justify;\">A tarefa n\u00e3o \u00e9 f\u00e1cil. Afinal, a melhor forma de ensinar \u00e9 mediante o exemplo \u2013 e dar exemplo de perd\u00e3o exige pratic\u00e1-lo constantemente em primeira pessoa. Isto inclui o perd\u00e3o e a paci\u00eancia constante para com os pr\u00f3prios filhos e familiares. Acontece que, nos rompantes de estresse, isto pode ser particularmente desafiador \u2013 mas os frutos valem a pena.<\/div>\n<div class=\"wp-block-aleteia-heading3\" style=\"text-align: justify;\">\n<h3>O fruto da ora\u00e7\u00e3o<\/h3>\n<\/div>\n<p style=\"text-align: justify;\">Por fim, mas de crucial import\u00e2ncia, a ora\u00e7\u00e3o \u00e9 uma ferramenta poderosa para cultivar a paz e a capacidade de perdoar. A ora\u00e7\u00e3o em fam\u00edlia, especialmente, pode ser uma oportunidade de ouro para pedir a Deus as for\u00e7as necess\u00e1rias para perdoar e amar os outros, todos os dias.<\/p>\n","protected":false},"excerpt":{"rendered":"<p>A tarefa n\u00e3o \u00e9 f\u00e1cil: afinal, a melhor forma de ensinar \u00e9 mediante o exemplo Acapacidade de perdoar est\u00e1 no cora\u00e7\u00e3o do cristianismo. Cristo, afinal, literalmente encarna o perd\u00e3o de Deus ao encarnar-Se. Ele explicita, ao extremo, o quanto Deus deseja que nos reconciliemos com o Seu amor. A import\u00e2ncia do perd\u00e3o vai al\u00e9m da [&hellip;]<\/p>\n","protected":false},"author":1,"featured_media":81561,"comment_status":"open","ping_status":"closed","sticky":false,"template":"","format":"standard","meta":{"footnotes":""},"categories":[4],"tags":[],"class_list":["post-81560","post","type-post","status-publish","format-standard","has-post-thumbnail","hentry","category-cotidiano"],"_links":{"self":[{"href":"https:\/\/catolicanet.net\/wp-cnet\/wp-json\/wp\/v2\/posts\/81560","targetHints":{"allow":["GET"]}}],"collection":[{"href":"https:\/\/catolicanet.net\/wp-cnet\/wp-json\/wp\/v2\/posts"}],"about":[{"href":"https:\/\/catolicanet.net\/wp-cnet\/wp-json\/wp\/v2\/types\/post"}],"author":[{"embeddable":true,"href":"https:\/\/catolicanet.net\/wp-cnet\/wp-json\/wp\/v2\/users\/1"}],"replies":[{"embeddable":true,"href":"https:\/\/catolicanet.net\/wp-cnet\/wp-json\/wp\/v2\/comments?post=81560"}],"version-history":[{"count":1,"href":"https:\/\/catolicanet.net\/wp-cnet\/wp-json\/wp\/v2\/posts\/81560\/revisions"}],"predecessor-version":[{"id":81562,"href":"https:\/\/catolicanet.net\/wp-cnet\/wp-json\/wp\/v2\/posts\/81560\/revisions\/81562"}],"wp:featuredmedia":[{"embeddable":true,"href":"https:\/\/catolicanet.net\/wp-cnet\/wp-json\/wp\/v2\/media\/81561"}],"wp:attachment":[{"href":"https:\/\/catolicanet.net\/wp-cnet\/wp-json\/wp\/v2\/media?parent=81560"}],"wp:term":[{"taxonomy":"category","embeddable":true,"href":"https:\/\/catolicanet.net\/wp-cnet\/wp-json\/wp\/v2\/categories?post=81560"},{"taxonomy":"post_tag","embeddable":true,"href":"https:\/\/catolicanet.net\/wp-cnet\/wp-json\/wp\/v2\/tags?post=81560"}],"curies":[{"name":"wp","href":"https:\/\/api.w.org\/{rel}","templated":true}]}}