{"id":81533,"date":"2023-05-10T09:49:07","date_gmt":"2023-05-10T12:49:07","guid":{"rendered":"https:\/\/catolicanet.net\/wp-cnet\/?p=81533"},"modified":"2023-05-10T13:50:08","modified_gmt":"2023-05-10T16:50:08","slug":"maio-com-maria-iniciativa-da-edicoes-cnbb-promove-conhecimento-sobre-a-mae-de-deus-pela-leitura","status":"publish","type":"post","link":"https:\/\/catolicanet.net\/wp-cnet\/maio-com-maria-iniciativa-da-edicoes-cnbb-promove-conhecimento-sobre-a-mae-de-deus-pela-leitura\/","title":{"rendered":"\u201cMAIO COM MARIA\u201d: INICIATIVA DA EDI\u00c7\u00d5ES CNBB PROMOVE CONHECIMENTO SOBRE A M\u00c3E DE DEUS PELA LEITURA"},"content":{"rendered":"<p style=\"text-align: justify;\">Uma tradi\u00e7\u00e3o j\u00e1 estabelecida na Igreja prop\u00f5e celebrar com mais \u00eanfase a devo\u00e7\u00e3o a Maria, M\u00e3e de Jesus, durante o m\u00eas de maio. E para promover maior conhecimento sobre Nossa Senhora, a Edi\u00e7\u00f5es CNBB tem promovido a iniciativa \u201cMaio com Maria\u201d, com a\u00e7\u00f5es nas redes sociais e na oferta de publica\u00e7\u00f5es com desconto.<\/p>\n<p style=\"text-align: justify;\">Tr\u00eas datas motivam as celebra\u00e7\u00f5es marianas realizadas nas comunidades e par\u00f3quias de todo o pa\u00eds: o dia de Nossa Senhora de F\u00e1tima, 13; o dia de Nossa Senhora Auxiliadora, 24; e, mais recentemente, a mem\u00f3ria de Maria, M\u00e3e da Igreja, na segunda-feira ap\u00f3s Pentecostes, neste ano a 29 de maio.<\/p>\n<p style=\"text-align: justify;\">O intuito da iniciativa da Edi\u00e7\u00f5es CNBB neste M\u00eas Mariano \u00e9 recordar Maria como modelo de escuta, de profundidade no discernimento, de coragem na f\u00e9 e de dedica\u00e7\u00e3o ao servi\u00e7o. Al\u00e9m das formas j\u00e1 comuns que s\u00e3o encontradas nas par\u00f3quias e nas fam\u00edlias, como ora\u00e7\u00f5es di\u00e1rias, medita\u00e7\u00e3o do ter\u00e7o, entroniza\u00e7\u00e3o e coroa\u00e7\u00e3o da imagem de Nossa Senhora, a motiva\u00e7\u00e3o \u00e9 somar a essas a\u00e7\u00f5es iniciativas de aprofundamento espiritual e eclesiol\u00f3gico.<\/p>\n<h3 style=\"text-align: justify;\">Leitura espiritual sobre a Virgem<\/h3>\n<p style=\"text-align: justify;\">Para ler e rezar a partir da presen\u00e7a de Maria na hist\u00f3ria da salva\u00e7\u00e3o, a motiva\u00e7\u00e3o \u00e9 reflitir, por meio da leitura orante dos Evangelhos, dos quais Maria \u00e9 personagem fundamental.<\/p>\n<p style=\"text-align: justify;\">A Edi\u00e7\u00f5es CNBB sugere ainda visitar escritos de grandes santos da Igreja e estudiosos das Sagradas Escrituras para aprofundar essa reflex\u00e3o. Pode ajudar nesse caminho a obra \u201cMaio com Maria\u201d, publica\u00e7\u00e3o que apresenta Maria aos fi\u00e9is com 31 encontros com fundamento na B\u00edblia, nos pronunciamentos dos Papas, nos escritos dos santos e no Magist\u00e9rio da Igreja.<\/p>\n<p style=\"text-align: justify;\">Durante este m\u00eas, duas cole\u00e7\u00f5es marianas est\u00e3o com 15% de desconto na Edi\u00e7\u00f5es CNBB. Confira quais s\u00e3o:<\/p>\n<h4>Cole\u00e7\u00e3o \u201cTheot\u00f3kos\u201d<\/h4>\n<p><img loading=\"lazy\" decoding=\"async\" class=\"alignleft\" src=\"https:\/\/images.tcdn.com.br\/img\/img_prod\/1076813\/a_virgem_maria_segundo_o_papa_francisco_theotokos_vol_14_329_1_f765d6da7db5a1d60d6b15a6ebd653dd.png\" width=\"300\" height=\"314\" \/>Tem o prop\u00f3sito de difundir o conhecimento sobre o papel da Virgem Maria no Mist\u00e9rio de Cristo e da Igreja. Em todos os volumes da cole\u00e7\u00e3o, \u00e9 poss\u00edvel entender melhor a constata\u00e7\u00e3o de Maria como \u201cmembro eminente e inteiramente singular da Igreja\u201d.<\/p>\n<p>Essa cole\u00e7\u00e3o conta com escritos de S\u00e3o Jo\u00e3o Paulo II, S\u00e3o Pio IX, Papa Pio X, Papa Bento XVI, Papa Francisco e v\u00e1rias outras autoridades da Igreja!<\/p>\n<p><a href=\"https:\/\/www.edicoescnbb.com.br\/colecoes\/colecao-theotokos-\" target=\"_blank\" rel=\"noopener\">Adquira a Cole\u00e7\u00e3o \u201cTheot\u00f3kos\u201d no site da Edi\u00e7\u00f5es CNBB com 15% de desconto!<\/a><\/p>\n<p>&nbsp;<\/p>\n<h4>Cole\u00e7\u00e3o \u201cM\u00e3e de Deus\u201d<\/h4>\n<p><img loading=\"lazy\" decoding=\"async\" class=\"alignleft\" src=\"https:\/\/images.tcdn.com.br\/img\/img_prod\/1076813\/colecao_mae_de_deus_vol_01_maria_na_piedade_popular_357_1_c3237cfb468da6d078d374f1fdab2fcc.png\" width=\"243\" height=\"254\" \/>Com a miss\u00e3o de estimular \u201ca a\u00e7\u00e3o evangelizadora da Igreja, chamada a fazer de todos os seus membros disc\u00edpulos e mission\u00e1rios de Cristo, Caminho, Verdade e Vida, para que nele nossos povos tenham vida\u201d (Documento de Aparecida, n. 1), est\u00e1 cole\u00e7\u00e3o pretende explorar o sentido da forma\u00e7\u00e3o de um disc\u00edpulo mission\u00e1rio de Cristo levando em conta a presen\u00e7a e o papel desempenhado na Igreja pela Virgem Maria, \u201cm\u00e1xima realiza\u00e7\u00e3o da exist\u00eancia crist\u00e3 (\u2026), disc\u00edpula mais perfeita do Senhor (\u2026) primeiro membro da comunidade dos fi\u00e9is em Cristo\u201d.<\/p>\n<p><a href=\"https:\/\/www.edicoescnbb.com.br\/colecoes\/colecao-mae-de-deus\" target=\"_blank\" rel=\"noopener\">Adquira a Cole\u00e7\u00e3o \u201cM\u00e3e de Deus\u201d no site da Edi\u00e7\u00f5es CNBB com 15% de desconto!<\/a><\/p>\n","protected":false},"excerpt":{"rendered":"<p>Uma tradi\u00e7\u00e3o j\u00e1 estabelecida na Igreja prop\u00f5e celebrar com mais \u00eanfase a devo\u00e7\u00e3o a Maria, M\u00e3e de Jesus, durante o m\u00eas de maio. E para promover maior conhecimento sobre Nossa Senhora, a Edi\u00e7\u00f5es CNBB tem promovido a iniciativa \u201cMaio com Maria\u201d, com a\u00e7\u00f5es nas redes sociais e na oferta de publica\u00e7\u00f5es com desconto. Tr\u00eas datas [&hellip;]<\/p>\n","protected":false},"author":1,"featured_media":81534,"comment_status":"open","ping_status":"closed","sticky":false,"template":"","format":"standard","meta":{"footnotes":""},"categories":[7,13],"tags":[],"class_list":["post-81533","post","type-post","status-publish","format-standard","has-post-thumbnail","hentry","category-cnbb","category-featured"],"_links":{"self":[{"href":"https:\/\/catolicanet.net\/wp-cnet\/wp-json\/wp\/v2\/posts\/81533","targetHints":{"allow":["GET"]}}],"collection":[{"href":"https:\/\/catolicanet.net\/wp-cnet\/wp-json\/wp\/v2\/posts"}],"about":[{"href":"https:\/\/catolicanet.net\/wp-cnet\/wp-json\/wp\/v2\/types\/post"}],"author":[{"embeddable":true,"href":"https:\/\/catolicanet.net\/wp-cnet\/wp-json\/wp\/v2\/users\/1"}],"replies":[{"embeddable":true,"href":"https:\/\/catolicanet.net\/wp-cnet\/wp-json\/wp\/v2\/comments?post=81533"}],"version-history":[{"count":1,"href":"https:\/\/catolicanet.net\/wp-cnet\/wp-json\/wp\/v2\/posts\/81533\/revisions"}],"predecessor-version":[{"id":81535,"href":"https:\/\/catolicanet.net\/wp-cnet\/wp-json\/wp\/v2\/posts\/81533\/revisions\/81535"}],"wp:featuredmedia":[{"embeddable":true,"href":"https:\/\/catolicanet.net\/wp-cnet\/wp-json\/wp\/v2\/media\/81534"}],"wp:attachment":[{"href":"https:\/\/catolicanet.net\/wp-cnet\/wp-json\/wp\/v2\/media?parent=81533"}],"wp:term":[{"taxonomy":"category","embeddable":true,"href":"https:\/\/catolicanet.net\/wp-cnet\/wp-json\/wp\/v2\/categories?post=81533"},{"taxonomy":"post_tag","embeddable":true,"href":"https:\/\/catolicanet.net\/wp-cnet\/wp-json\/wp\/v2\/tags?post=81533"}],"curies":[{"name":"wp","href":"https:\/\/api.w.org\/{rel}","templated":true}]}}