{"id":81521,"date":"2023-05-10T09:42:14","date_gmt":"2023-05-10T12:42:14","guid":{"rendered":"https:\/\/catolicanet.net\/wp-cnet\/?p=81521"},"modified":"2023-05-10T13:43:31","modified_gmt":"2023-05-10T16:43:31","slug":"o-papa-guerras-e-miserias-levam-ao-declinio-da-solidariedade-fraterna","status":"publish","type":"post","link":"https:\/\/catolicanet.net\/wp-cnet\/o-papa-guerras-e-miserias-levam-ao-declinio-da-solidariedade-fraterna\/","title":{"rendered":"O Papa: guerras e mis\u00e9rias levam ao decl\u00ednio da solidariedade fraterna"},"content":{"rendered":"<figure class=\"article__image\" style=\"text-align: justify;\"><span class=\"didascalia_img\">O apelo do Papa: aliviar o sofrimento de quem passa fome\u00a0 (AFP or licensors)<\/span><\/figure>\n<div class=\"article__meta audioInside\" data-mediatype=\"\">\n<div class=\"article__subTitle\" style=\"text-align: justify;\">Francisco recebeu os participantes da confer\u00eancia crises alimentar e humanit\u00e1ria, e falou sobre a urg\u00eancia de aliviar o sofrimento de quem passa fome. O seu pensamento tamb\u00e9m se voltou para a Ucr\u00e2nia. O Papa recordou que &#8220;a corrup\u00e7\u00e3o pol\u00edtica ou econ\u00f4mica e a explora\u00e7\u00e3o da terra, nossa Casa comum, impedem a produ\u00e7\u00e3o alimentar, amea\u00e7am os sistemas agr\u00edcolas e amea\u00e7am perigosamente o abastecimento nutricional de popula\u00e7\u00f5es inteiras&#8221;.<\/div>\n<div class=\"title__separator\" style=\"text-align: justify;\"><\/div>\n<div class=\"article__text\">\n<p style=\"text-align: justify;\"><b>Mariangela Jaguraba \u2013 Vatican News<\/b><\/p>\n<p style=\"text-align: justify;\">Antes da Audi\u00eancia Geral, desta quarta-feira (10\/05), o Papa Francisco recebeu, na sala adjacente \u00e0 Sala Paulo VI, os participantes da confer\u00eancia promovida pela Pontif\u00edcia Academia das Ci\u00eancias intitulada \u201cCrises alimentar e humanit\u00e1ria: ci\u00eancia e pol\u00edticas para sua preven\u00e7\u00e3o e mitiga\u00e7\u00e3o\u201d.<\/p>\n<div style=\"text-align: justify;\">\n<div class=\"article__embed article__embed--unwrap article__embed--dark\">\n<div class=\"article__innerTitle\">Ou\u00e7a e compartilhe<\/div>\n<div>\n<!--[if lt IE 9]><script>document.createElement('audio');<\/script><![endif]-->\n<audio class=\"wp-audio-shortcode\" id=\"audio-81521-1\" preload=\"none\" style=\"width: 100%;\" controls=\"controls\"><source type=\"audio\/mpeg\" src=\"https:\/\/media.vaticannews.va\/media\/audio\/s1\/2023\/05\/10\/11\/137058252_F137058252.mp3?_=1\" \/><a href=\"https:\/\/media.vaticannews.va\/media\/audio\/s1\/2023\/05\/10\/11\/137058252_F137058252.mp3\">https:\/\/media.vaticannews.va\/media\/audio\/s1\/2023\/05\/10\/11\/137058252_F137058252.mp3<\/a><\/audio>\n<\/div>\n<\/div>\n<\/div>\n<p style=\"text-align: justify;\">&#8220;O tema escolhido \u00e9 oportuno n\u00e3o s\u00f3 para o debate acad\u00eamico, mas tamb\u00e9m porque faz um apelo \u00e0s autoridades e pr\u00e1ticas pol\u00edticas, a fim de aliviar o sofrimento de muitos dos nossos irm\u00e3os e irm\u00e3s que n\u00e3o t\u00eam uma alimenta\u00e7\u00e3o saud\u00e1vel e n\u00e3o t\u00eam acesso a alimentos suficientes&#8221;, disse Francisco no in\u00edcio de seu discurso, recordando o que um estudioso lhe disse alguns meses atr\u00e1s: &#8220;Se as armas n\u00e3o fossem produzidas por um ano, a fome no mundo acabaria&#8221;.<\/p>\n<h2 style=\"text-align: justify;\"><i>\u00a0<\/i>O\u00a0decl\u00ednio da solidariedade fraterna<\/h2>\n<p style=\"text-align: justify;\"><i>Este \u00e9 um desafio urgente, porque muitas vezes situa\u00e7\u00f5es marcadas por cat\u00e1strofes naturais, mas tamb\u00e9m por conflitos armados, penso sobretudo na guerra da Ucr\u00e2nia, a corrup\u00e7\u00e3o pol\u00edtica ou econ\u00f4mica e a explora\u00e7\u00e3o da terra, nossa Casa comum, impedem a produ\u00e7\u00e3o alimentar, amea\u00e7am os sistemas agr\u00edcolas e amea\u00e7am perigosamente o abastecimento nutricional de popula\u00e7\u00f5es inteiras. Ao mesmo tempo, essas v\u00e1rias crises foram agravadas pelos efeitos duradouros da pandemia da Covid-19, e vemos o decl\u00ednio da solidariedade fraterna. \u00c9 um fato: guerras e mis\u00e9rias levam ao decl\u00ednio da solidariedade fraterna, e esse decl\u00ednio \u00e9 determinado pelas reivindica\u00e7\u00f5es ego\u00edstas inerentes a alguns modelos econ\u00f4micos atuais.<\/i><\/p>\n<p style=\"text-align: justify;\">Segundo o Papa, &#8220;uma crise tamb\u00e9m pode se tornar uma oportunidade, uma ocasi\u00e3o prop\u00edcia para reconhecer e aprender com os erros do passado&#8221;. Neste sentido, Francisco espera que esta confer\u00eancia ajude &#8220;a todos a sa\u00edrem melhores das crises que estamos vivendo, n\u00e3o s\u00f3 apostando nas solu\u00e7\u00f5es t\u00e9cnicas, mas sobretudo recordando que \u00e9 essencial desenvolver uma atitude de solidariedade universal baseada na fraternidade, no amor e na compreens\u00e3o rec\u00edproca&#8221;.<\/p>\n<h2 style=\"text-align: justify;\">N\u00e3o podemos sair de uma crise sozinhos<\/h2>\n<p style=\"text-align: justify;\">A este prop\u00f3sito, &#8220;a Igreja apoia e encoraja todos os esfor\u00e7os n\u00e3o s\u00f3 para nutrir os outros ou responder \u00e0s crises, mas tamb\u00e9m para promover o desenvolvimento humano integral, a justi\u00e7a entre os povos e a solidariedade internacional, fortalecendo assim o bem comum da sociedade&#8221;.<\/p>\n<p style=\"text-align: justify;\">A seguir, o Papa explicou que crises e conflitos n\u00e3o s\u00e3o a mesma coisa.<\/p>\n<p style=\"text-align: justify;\"><i>Os conflitos s\u00e3o fechados em si mesmos. \u00c9 dif\u00edcil sair de um conflito de forma construtiva. Em vez disso, \u00e9 poss\u00edvel sair das crises, se deve sair, mas com duas condi\u00e7\u00f5es: n\u00e3o podemos sair de uma crise sozinhos, ou sa\u00edmos juntos ou n\u00e3o sa\u00edmos. Isso \u00e9 importante! N\u00e3o se pode sair sozinho, \u00e9 preciso a comunidade, do grupo para sair. Por outro lado, se sai de uma crise para melhorar, sempre para seguir em frente, para progredir.<\/i><\/p>\n<p style=\"text-align: justify;\">Por fim, Francisco agradeceu aos participantes da confer\u00eancia promovida pela Pontif\u00edcia Academia das Ci\u00eancias por &#8220;sua atitude perante esta crise, a fim de sairmos juntos e sairmos melhores&#8221;.<\/p>\n<\/div>\n<\/div>\n","protected":false},"excerpt":{"rendered":"<p>O apelo do Papa: aliviar o sofrimento de quem passa fome\u00a0 (AFP or licensors) Francisco recebeu os participantes da confer\u00eancia crises alimentar e humanit\u00e1ria, e falou sobre a urg\u00eancia de aliviar o sofrimento de quem passa fome. O seu pensamento tamb\u00e9m se voltou para a Ucr\u00e2nia. O Papa recordou que &#8220;a corrup\u00e7\u00e3o pol\u00edtica ou econ\u00f4mica [&hellip;]<\/p>\n","protected":false},"author":1,"featured_media":81522,"comment_status":"open","ping_status":"closed","sticky":false,"template":"","format":"standard","meta":{"footnotes":""},"categories":[3],"tags":[],"class_list":["post-81521","post","type-post","status-publish","format-standard","has-post-thumbnail","hentry","category-vaticano"],"_links":{"self":[{"href":"https:\/\/catolicanet.net\/wp-cnet\/wp-json\/wp\/v2\/posts\/81521","targetHints":{"allow":["GET"]}}],"collection":[{"href":"https:\/\/catolicanet.net\/wp-cnet\/wp-json\/wp\/v2\/posts"}],"about":[{"href":"https:\/\/catolicanet.net\/wp-cnet\/wp-json\/wp\/v2\/types\/post"}],"author":[{"embeddable":true,"href":"https:\/\/catolicanet.net\/wp-cnet\/wp-json\/wp\/v2\/users\/1"}],"replies":[{"embeddable":true,"href":"https:\/\/catolicanet.net\/wp-cnet\/wp-json\/wp\/v2\/comments?post=81521"}],"version-history":[{"count":1,"href":"https:\/\/catolicanet.net\/wp-cnet\/wp-json\/wp\/v2\/posts\/81521\/revisions"}],"predecessor-version":[{"id":81523,"href":"https:\/\/catolicanet.net\/wp-cnet\/wp-json\/wp\/v2\/posts\/81521\/revisions\/81523"}],"wp:featuredmedia":[{"embeddable":true,"href":"https:\/\/catolicanet.net\/wp-cnet\/wp-json\/wp\/v2\/media\/81522"}],"wp:attachment":[{"href":"https:\/\/catolicanet.net\/wp-cnet\/wp-json\/wp\/v2\/media?parent=81521"}],"wp:term":[{"taxonomy":"category","embeddable":true,"href":"https:\/\/catolicanet.net\/wp-cnet\/wp-json\/wp\/v2\/categories?post=81521"},{"taxonomy":"post_tag","embeddable":true,"href":"https:\/\/catolicanet.net\/wp-cnet\/wp-json\/wp\/v2\/tags?post=81521"}],"curies":[{"name":"wp","href":"https:\/\/api.w.org\/{rel}","templated":true}]}}