{"id":81517,"date":"2023-05-10T09:40:37","date_gmt":"2023-05-10T12:40:37","guid":{"rendered":"https:\/\/catolicanet.net\/wp-cnet\/?p=81517"},"modified":"2023-05-10T13:41:55","modified_gmt":"2023-05-10T16:41:55","slug":"dia-da-amizade-copta-catolica-a-presenca-inusitada-de-tawadros-ii-na-audiencia-geral","status":"publish","type":"post","link":"https:\/\/catolicanet.net\/wp-cnet\/dia-da-amizade-copta-catolica-a-presenca-inusitada-de-tawadros-ii-na-audiencia-geral\/","title":{"rendered":"&#8220;Dia da amizade copta-cat\u00f3lica\u201d, a presen\u00e7a inusitada de Tawadros II na Audi\u00eancia Geral"},"content":{"rendered":"<div class=\"mediaContent__inner \">\n<figure class=\"article__image\" style=\"text-align: justify;\"><span class=\"didascalia_img\">Patriarca Tawadros II na Audi\u00eancia Geral<\/span><\/figure>\n<\/div>\n<article class=\"article \">\n<div class=\"article__meta audioInside\" data-mediatype=\"foto\">\n<div class=\"article__subTitle\" style=\"text-align: justify;\">&#8220;Venho at\u00e9 voc\u00eas da Igreja Copta fundada antigamente por uma profecia do livro do profeta Isa\u00edas: &#8220;Naquele dia haver\u00e1 um altar na terra do Egito e uma estela em sua fronteira&#8221;. Foi santificada com a visita da Sagrada Fam\u00edlia, que aben\u00e7oou a terra de leste a oeste, de norte a sul&#8221;, foi um dos trechos das palavras de Tawadros II.<\/div>\n<div class=\"title__separator\" style=\"text-align: justify;\"><\/div>\n<div class=\"article__text\">\n<p style=\"text-align: justify;\"><b>Vatican News<\/b><\/p>\n<div style=\"text-align: justify;\">\n<div class=\"article__embed article__embed--unwrap article__embed--dark\">\n<div class=\"article__innerTitle\">Ou\u00e7a e compartilhe<\/div>\n<div>\n<!--[if lt IE 9]><script>document.createElement('audio');<\/script><![endif]-->\n<audio class=\"wp-audio-shortcode\" id=\"audio-81517-1\" preload=\"none\" style=\"width: 100%;\" controls=\"controls\"><source type=\"audio\/mpeg\" src=\"https:\/\/media.vaticannews.va\/media\/audio\/s1\/2023\/05\/10\/11\/137058218_F137058218.mp3?_=1\" \/><a href=\"https:\/\/media.vaticannews.va\/media\/audio\/s1\/2023\/05\/10\/11\/137058218_F137058218.mp3\">https:\/\/media.vaticannews.va\/media\/audio\/s1\/2023\/05\/10\/11\/137058218_F137058218.mp3<\/a><\/audio>\n<\/div>\n<\/div>\n<\/div>\n<p style=\"text-align: justify;\">A convite do Papa Francisco, a hist\u00f3rica presen\u00e7a do Patriarca Tawadros II na Audi\u00eancia Geral desta quarta-feira, 10 de maio, dia em que se celebra o &#8220;Dia da amizade copta-cat\u00f3lica\u201d. Eis suas palavras:<\/p>\n<p style=\"text-align: justify;\">&#8220;Amado Irm\u00e3o, Sua Santidade o Papa Francisco,<br \/>\nEmin\u00eancias, Senhoras e Senhores,<br \/>\nCristo ressuscitou, ressuscitou verdadeiramente!<\/p>\n<p style=\"text-align: justify;\">Desejo transmitir-vos as minhas felicita\u00e7\u00f5es, tamb\u00e9m em nome dos membros do Santo S\u00ednodo e de todos os organismos da Igreja Ortodoxa Copta pelo 10\u00ba anivers\u00e1rio da vossa elei\u00e7\u00e3o divina como Papa e Bispo de Roma. Aprecio tudo o que voc\u00ea fez durante este tempo de servi\u00e7o ao mundo inteiro em todas as \u00e1reas e rezo para que Cristo o mantenha com boa sa\u00fade e o aben\u00e7oe com uma vida longa.<\/p>\n<p style=\"text-align: justify;\">Agora olho para este lugar e volto com a mem\u00f3ria dez anos, nesta mesma data, e recordo seu caro afeto em receber-me juntamente com a delega\u00e7\u00e3o da Igreja Copta durante a minha primeira visita, e como transcorremos junto com voc\u00ea um tempo santo cheio de amor fraterno com o qual nos encheu.<\/p>\n<p style=\"text-align: justify;\">Este amor tornou-se um lema que celebramosa cada ano no &#8220;&#8216;Dia do Amor Fraterno&#8221;. Falamos por telefone para renov\u00e1-lo todos os anos, e \u00e9 um dia que encarna o esp\u00edrito crist\u00e3o e o amor que nos une no servi\u00e7o a Deus e no servi\u00e7o aos nossos irm\u00e3os e irm\u00e3s na humanidade, para que possamos realizar em n\u00f3s mesmos o que Jo\u00e3o, o amado disse: \u00abAmados, amemo-nos uns aos outros, porque o amor vem de Deus: todo aquele que ama \u00e9 nascido de Deus e conhece a Deus\u00bb (1 Jo 4,7).<\/p>\n<p style=\"text-align: justify;\">Escolhemos o amor, mesmo indo contracorrente em rela\u00e7\u00e3o ao mundo ganancioso e ego\u00edsta; aceitamos o desafio do amor que Cristo nos pede e seremos verdadeiros crist\u00e3os e o mundo se tornar\u00e1 mais humano, porque o mundo inteiro saber\u00e1 que Deus \u00e9 amor e que este \u00e9 o seu nome supremo.<\/p>\n<p style=\"text-align: justify;\">Santo Padre!<\/p>\n<p style=\"text-align: justify;\">Esta data coincide tamb\u00e9m com o 50\u00ba anivers\u00e1rio da visita de Sua Santidade o Papa Shenouda III a Sua Santidade o Papa Paulo VI, tornando-a ainda mais importante e influente para as rela\u00e7\u00f5es entre as nossas Igrejas.<\/p>\n<p style=\"text-align: justify;\">N\u00e3o esque\u00e7o de agradecer com tanta alegria por Sua preciosa visita ao Egito em 2017, que foi uma grande b\u00ean\u00e7\u00e3o para todo o Egito quando disse: \u00abN\u00e3o estamos sozinhos nesta emocionante viagem que, como na vida, nem sempre \u00e9 f\u00e1cil e clara. Atrav\u00e9s dela o Senhor nos exorta a seguir em frente e de agora em diante somos uma imagem viva da Jerusal\u00e9m celeste\u201d.<\/p>\n<p style=\"text-align: justify;\">Caminhemos juntos no caminho da vida, tendo presente que \u00abesta \u00e9 a promessa que nos fez: a vida eterna\u00bb (1 Jo 2, 25), acompanhando-nos e sustentando-nos com a ora\u00e7\u00e3o segundo esta promessa. N\u00e3o obstante as diferen\u00e7as em nossas ra\u00edzes e perten\u00e7as, nos une o amor de Cristo que habita em n\u00f3s e a multid\u00e3o de nossos pais, ap\u00f3stolos e santos nos cerca e nos guia.<\/p>\n<p style=\"text-align: justify;\">Viemos at\u00e9 voc\u00eas da Terra onde o Ap\u00f3stolo Marcos pregou, e sua C\u00e1tedra foi estabelecida em Alexandria para ser uma das sedes apost\u00f3licas mais antigas do mundo, a terra do Egito. A hist\u00f3ria e a civiliza\u00e7\u00e3o dizem que ela pertence \u00e0 natureza: seu pai \u00e9 a hist\u00f3ria e sua m\u00e3e \u00e9 a geografia.<\/p>\n<p style=\"text-align: justify;\">Venho at\u00e9 voc\u00eas da Igreja Copta fundada antigamente por uma profecia do livro do profeta Isa\u00edas: &#8220;Naquele dia haver\u00e1 um altar na terra do Egito e uma estela em sua fronteira&#8221;. Foi santificada com a visita da Sagrada Fam\u00edlia, que aben\u00e7oou a terra de leste a oeste, de norte a sul.<\/p>\n<p style=\"text-align: justify;\">O Egito: a terra de onde o monaquismo crist\u00e3o se difundiu e se estabeleceu com seus santos Ant\u00f4nio, Mac\u00e1rio e Pac\u00f4mio, inspirando a escola de Alexandria, um farol da teologia na hist\u00f3ria, que foi e ainda \u00e9 um lugar sagrado de ora\u00e7\u00e3o diante de Deus. E n\u00f3s acreditamos que est\u00e1 guardado n\u00e3o s\u00f3 nas m\u00e3os de Deus, mas tamb\u00e9m no seu cora\u00e7\u00e3o.<\/p>\n<p style=\"text-align: justify;\">Encontro-me no lugar onde pregaram os ap\u00f3stolos Paulo e Pedro e estou muito feliz em encontrar-me com voc\u00eas nesta magn\u00edfica pra\u00e7a; Contemplo estas colunas que sustentam este lugar, recordando a promessa de Deus aos anjos de Filad\u00e9lfia: &#8220;Colocarei o vencedor como coluna no templo do meu Deus, do qual nunca mais sair\u00e1&#8221; (Ap 3,12). Pe\u00e7o a todos voc\u00eas de ter f\u00e9 nesta promessa, para vencer o mal do mundo, com todas as suas fraquezas como nossos pais nos ensinaram, e viver \u00e0 altura da responsabilidade que temos, e viver como o doce perfume de Cristo neste mundo e reunir-nos por Sua paz.<\/p>\n<p style=\"text-align: justify;\">Neste mundo caminhamos como Ele andou, cantemos com David no seu salmo: &#8220;Segue os meus passos nos teus caminhos e os meus p\u00e9s n\u00e3o vacilar\u00e3o&#8221; (17,5), e invoquemos para o mundo inteiro uma paz que transcende todas as mentes, orando porque chega a todos os lugares e porque \u00e9 a prioridade dos l\u00edderes e dos povos.<\/p>\n<p style=\"text-align: justify;\">Eu oro com voc\u00ea hoje para que Deus possa ouvir nossas ora\u00e7\u00f5es.<\/p>\n<p style=\"text-align: justify;\">Obrigado a todos!&#8221;<\/p>\n<\/div>\n<\/div>\n<\/article>\n","protected":false},"excerpt":{"rendered":"<p>Patriarca Tawadros II na Audi\u00eancia Geral &#8220;Venho at\u00e9 voc\u00eas da Igreja Copta fundada antigamente por uma profecia do livro do profeta Isa\u00edas: &#8220;Naquele dia haver\u00e1 um altar na terra do Egito e uma estela em sua fronteira&#8221;. Foi santificada com a visita da Sagrada Fam\u00edlia, que aben\u00e7oou a terra de leste a oeste, de norte [&hellip;]<\/p>\n","protected":false},"author":1,"featured_media":81518,"comment_status":"open","ping_status":"closed","sticky":false,"template":"","format":"standard","meta":{"footnotes":""},"categories":[3],"tags":[],"class_list":["post-81517","post","type-post","status-publish","format-standard","has-post-thumbnail","hentry","category-vaticano"],"_links":{"self":[{"href":"https:\/\/catolicanet.net\/wp-cnet\/wp-json\/wp\/v2\/posts\/81517","targetHints":{"allow":["GET"]}}],"collection":[{"href":"https:\/\/catolicanet.net\/wp-cnet\/wp-json\/wp\/v2\/posts"}],"about":[{"href":"https:\/\/catolicanet.net\/wp-cnet\/wp-json\/wp\/v2\/types\/post"}],"author":[{"embeddable":true,"href":"https:\/\/catolicanet.net\/wp-cnet\/wp-json\/wp\/v2\/users\/1"}],"replies":[{"embeddable":true,"href":"https:\/\/catolicanet.net\/wp-cnet\/wp-json\/wp\/v2\/comments?post=81517"}],"version-history":[{"count":1,"href":"https:\/\/catolicanet.net\/wp-cnet\/wp-json\/wp\/v2\/posts\/81517\/revisions"}],"predecessor-version":[{"id":81519,"href":"https:\/\/catolicanet.net\/wp-cnet\/wp-json\/wp\/v2\/posts\/81517\/revisions\/81519"}],"wp:featuredmedia":[{"embeddable":true,"href":"https:\/\/catolicanet.net\/wp-cnet\/wp-json\/wp\/v2\/media\/81518"}],"wp:attachment":[{"href":"https:\/\/catolicanet.net\/wp-cnet\/wp-json\/wp\/v2\/media?parent=81517"}],"wp:term":[{"taxonomy":"category","embeddable":true,"href":"https:\/\/catolicanet.net\/wp-cnet\/wp-json\/wp\/v2\/categories?post=81517"},{"taxonomy":"post_tag","embeddable":true,"href":"https:\/\/catolicanet.net\/wp-cnet\/wp-json\/wp\/v2\/tags?post=81517"}],"curies":[{"name":"wp","href":"https:\/\/api.w.org\/{rel}","templated":true}]}}