{"id":81479,"date":"2023-05-06T10:52:21","date_gmt":"2023-05-06T13:52:21","guid":{"rendered":"https:\/\/catolicanet.net\/wp-cnet\/?p=81479"},"modified":"2023-05-09T13:53:10","modified_gmt":"2023-05-09T16:53:10","slug":"5-domingo-da-pascoa-2","status":"publish","type":"post","link":"https:\/\/catolicanet.net\/wp-cnet\/5-domingo-da-pascoa-2\/","title":{"rendered":"5\u00b0 Domingo da P\u00e1scoa"},"content":{"rendered":"<p style=\"text-align: center;\"><em>\u201cEu sou o Caminho, a verdade e a vida\u201d (Jo 14,6)<\/em><\/p>\n<p style=\"text-align: justify;\">Neste m\u00eas de maio, em que lembramos de Nossa Senhora, dia das M\u00e3es e da atualidade do Santo Ros\u00e1rio na santifica\u00e7\u00e3o cotidiana da vida, estamos convidados, como Igreja, a celebrar o Dia do Senhor. Celebramos neste domingo o quinto do Tempo Pascal. Vivemos as alegrias da P\u00e1scoa e aguardamos ansiosamente para daqui a tr\u00eas domingos recebermos o Esp\u00edrito Santo, na solenidade de Pentecostes. Do mesmo modo que Jesus enviou os disc\u00edpulos para a miss\u00e3o, Ele nos envia, hoje, com a for\u00e7a do Esp\u00edrito Santo, para encorajar os desanimados, alegrar os tristes e anunciar a esperan\u00e7a aos que se encontram sem esperan\u00e7a.<\/p>\n<p style=\"text-align: justify;\">O Senhor nos re\u00fane em torno da mesa da Palavra e da Eucaristia e parte o p\u00e3o para n\u00f3s. Primeiro, escutamos e guardamos no cora\u00e7\u00e3o a Palavra e, ap\u00f3s entendermos e guardarmos a Palavra, os nossos olhos se abrem para podermos comungar do Corpo e Sangue de Cristo.<\/p>\n<p style=\"text-align: justify;\">Na liturgia deste domingo, o Senhor nos diz: <em>\u201cN\u00e3o se perturbe o vosso cora\u00e7\u00e3o. Tendes f\u00e9 em Deus, tendes f\u00e9 em mim tamb\u00e9m\u201d (Jo 14,1). <\/em>No contexto dessa frase, Jesus se dirigia aos disc\u00edpulos, quando Ele diz que voltaria ao Pai de maneira definitiva, mas n\u00e3o os deixaria \u00f3rf\u00e3os, enviaria o Esp\u00edrito Santa da parte de Deus que caminharia \u00e0 frente deles. E, ainda, eles deveriam acreditar que assim como Jesus ressuscitou, eles tamb\u00e9m ressuscitariam. Isso vale para n\u00f3s hoje, devemos crer em nosso cora\u00e7\u00e3o, que do mesmo modo que Cristo ressuscitou, n\u00f3s de igual modo ressuscitaremos e que a vida aqui na terra \u00e9 passageira.<\/p>\n<p style=\"text-align: justify;\">A primeira leitura da missa deste domingo \u00e9 de Atos dos Ap\u00f3stolos, como temos acompanhado desde o in\u00edcio do tempo pascal e que retrata justamente os atos dos ap\u00f3stolos, ap\u00f3s a ressurrei\u00e7\u00e3o de Jesus e o in\u00edcio da Igreja primitiva. O trecho do livro dos Atos dos Ap\u00f3stolos deste domingo \u00e9 <em>(At 6,1-7), <\/em>e diz que o n\u00famero dos fi\u00e9is crescia sempre mais. Com isso, os fi\u00e9is de origem grega come\u00e7aram a queixar-se dos fi\u00e9is de origem hebraica, dizendo que as suas vi\u00favas eram deixadas de lado no atendimento di\u00e1rio. Os disc\u00edpulos, ent\u00e3o, decidiram por bem escolher sete pessoas de boa \u00edndole, repletos do Esp\u00edrito Santo, que servissem \u00e0s vi\u00favas, enquanto os ap\u00f3stolos n\u00e3o deixariam de anunciar a Palavra. A proposta agradou toda a multid\u00e3o e eles escolheram Estev\u00e3o, homem cheio de f\u00e9 e do Esp\u00edrito Santo, al\u00e9m de Felipe, Pr\u00f3coro, Nicanor, Timon, P\u00e1rmenas e Nicolau de Antioquia, um pag\u00e3o que seguia a religi\u00e3o dos judeus.<\/p>\n<p style=\"text-align: justify;\">Eles foram apresentados aos ap\u00f3stolos, que oraram e impuseram as m\u00e3os sobre eles. Observamos nessa leitura, em primeiro lugar, o n\u00famero \u201csete\u201d, que significa totalidade e a perfei\u00e7\u00e3o de Deus. Por isso, a decis\u00e3o dos ap\u00f3stolos era perfeita e o Esp\u00edrito Santo estava com os escolhidos. Outro ponto que observamos \u00e9 que os ap\u00f3stolos realizam aquilo que vemos hoje nas ordena\u00e7\u00f5es diaconais, presbiterais e episcopais. Eles imp\u00f5em as m\u00e3os sobre esses homens e ali acontece a efus\u00e3o do Esp\u00edrito Santo, como acontece nas ordena\u00e7\u00f5es. Com isso, a multid\u00e3o de fi\u00e9is foi crescendo mais e mais.<\/p>\n<p style=\"text-align: justify;\">No salmo responsorial <em>32(33), <\/em>o refr\u00e3o desse domingo \u00e9: \u201c<em>Sobre n\u00f3s venha, Senhor, a vossa gra\u00e7a, da mesma forma que em v\u00f3s n\u00f3s esperamos!\u201d <\/em>A gra\u00e7a maior que podemos pedir ao Senhor \u00e9 o dom do Esp\u00edrito Santo. Que o Esp\u00edrito Santo dirija os nossos passos no caminho da santidade para que possamos encontrar o Senhor.<\/p>\n<p style=\"text-align: justify;\">A segunda leitura \u00e9 da primeira carta de S\u00e3o Pedro, que tamb\u00e9m estamos acompanhando desde o in\u00edcio do tempo pascal. Pedro era o l\u00edder do grupo dos ap\u00f3stolos e o primeiro papa da Igreja. O trecho da leitura desse domingo \u00e9 1Pd 2,4-9. Pedro convida a comunidade que o ouve e a cada um de n\u00f3s a nos aproximarmos do Senhor. Ele \u00e9 a pedra viva rejeitada pelos homens. Como pedras vivas, somos chamados a nos distanciar daquilo que desagrada ao Senhor e oferecer sacrif\u00edcios agrad\u00e1veis a Deus. Deus nos tirou das trevas e nos colocou no caminho da luz, por meio da revela\u00e7\u00e3o de Jesus Cristo.<\/p>\n<p style=\"text-align: justify;\">O Evangelho desse domingo \u00e9 de Jo\u00e3o <em>(Jo 14, 1-12).<\/em> Nesse trecho do Evangelho, Jesus prepara os disc\u00edpulos para a sua volta definitiva ao Pai, que se dar\u00e1 logo, mas Ele acalma o cora\u00e7\u00e3o deles dizendo que Ele vai, mas n\u00e3o os deixar\u00e1 \u00f3rf\u00e3os, enviar\u00e1 o Par\u00e1clito, o defensor, o advogado, que caminhar\u00e1 \u00e0 frente deles, que \u00e9 o Esp\u00edrito Santo prometido da parte do Pai. Jesus os envia em miss\u00e3o e d\u00e1 in\u00edcio \u00e0 Igreja primitiva e com a for\u00e7a do Esp\u00edrito Santo, eles poderiam realizar tudo aquilo que Jesus realizava.<\/p>\n<p style=\"text-align: justify;\">Jesus diz, ainda, que iria primeiro para preparar um lugar para os disc\u00edpulos, pois Ele iria primeiro e logo ap\u00f3s iriam os disc\u00edpulos. Jesus disse isso aos ap\u00f3stolos e serve para n\u00f3s, hoje, tamb\u00e9m, pois a nossa vida na terra \u00e9 passageira, ap\u00f3s a nossa passagem aqui viveremos eternamente ao lado de Deus. A vida n\u00e3o termina aqui, mas inicia a vida eterna. Como diz Jesus, tenhamos f\u00e9 em Deus e f\u00e9 n\u2019Ele, tamb\u00e9m.<\/p>\n<p style=\"text-align: justify;\">Tom\u00e9, um dos disc\u00edpulos, conhecido como \u201cD\u00eddimo\u201d, diz a Jesus que n\u00e3o sabia para onde Ele iria e como poderia saber o caminho? E Jesus responde: <em>\u201cEu sou o Caminho, a verdade e a vida\u201d (Jo 14,6). <\/em>Jesus \u00e9 a nossa \u201cporta\u201d de acesso ao Pai, Ele abriu o caminho e, do mesmo modo que Ele voltou para o Pai, n\u00f3s tamb\u00e9m voltaremos.<\/p>\n<p style=\"text-align: justify;\">Jesus \u00e9 a imagem do Pai, e quem o v\u00ea, v\u00ea o Pai, por isso, toda vez que vamos \u00e0 celebra\u00e7\u00e3o da missa, na hora da consagra\u00e7\u00e3o do p\u00e3o e do vinho n\u00f3s o encontramos nos sinais sacramentais. Ao comungarmos, comungamos do Corpo e Sangue de Cristo, que o sacerdote por interm\u00e9dio divino e pela a\u00e7\u00e3o do Esp\u00edrito Santo a consagrou.<\/p>\n<p style=\"text-align: justify;\">Comungamos aqui diariamente e vamos viver no c\u00e9u eternamente, participamos do banquete agora, para depois dessa passagem aqui na terra, participarmos do banquete eterno no c\u00e9u. \u00c9 isso que na liturgia de hoje Jesus nos garante. Busquemos ao Senhor tenazmente e aguardemos com f\u00e9 a vinda do Esp\u00edrito Santo e o nosso encontro definitivo com o Senhor. Am\u00e9m.<\/p>\n","protected":false},"excerpt":{"rendered":"<p>\u201cEu sou o Caminho, a verdade e a vida\u201d (Jo 14,6) Neste m\u00eas de maio, em que lembramos de Nossa Senhora, dia das M\u00e3es e da atualidade do Santo Ros\u00e1rio na santifica\u00e7\u00e3o cotidiana da vida, estamos convidados, como Igreja, a celebrar o Dia do Senhor. Celebramos neste domingo o quinto do Tempo Pascal. Vivemos as [&hellip;]<\/p>\n","protected":false},"author":5,"featured_media":55819,"comment_status":"open","ping_status":"closed","sticky":false,"template":"","format":"standard","meta":{"footnotes":""},"categories":[9],"tags":[],"class_list":["post-81479","post","type-post","status-publish","format-standard","has-post-thumbnail","hentry","category-artigos"],"_links":{"self":[{"href":"https:\/\/catolicanet.net\/wp-cnet\/wp-json\/wp\/v2\/posts\/81479","targetHints":{"allow":["GET"]}}],"collection":[{"href":"https:\/\/catolicanet.net\/wp-cnet\/wp-json\/wp\/v2\/posts"}],"about":[{"href":"https:\/\/catolicanet.net\/wp-cnet\/wp-json\/wp\/v2\/types\/post"}],"author":[{"embeddable":true,"href":"https:\/\/catolicanet.net\/wp-cnet\/wp-json\/wp\/v2\/users\/5"}],"replies":[{"embeddable":true,"href":"https:\/\/catolicanet.net\/wp-cnet\/wp-json\/wp\/v2\/comments?post=81479"}],"version-history":[{"count":1,"href":"https:\/\/catolicanet.net\/wp-cnet\/wp-json\/wp\/v2\/posts\/81479\/revisions"}],"predecessor-version":[{"id":81480,"href":"https:\/\/catolicanet.net\/wp-cnet\/wp-json\/wp\/v2\/posts\/81479\/revisions\/81480"}],"wp:featuredmedia":[{"embeddable":true,"href":"https:\/\/catolicanet.net\/wp-cnet\/wp-json\/wp\/v2\/media\/55819"}],"wp:attachment":[{"href":"https:\/\/catolicanet.net\/wp-cnet\/wp-json\/wp\/v2\/media?parent=81479"}],"wp:term":[{"taxonomy":"category","embeddable":true,"href":"https:\/\/catolicanet.net\/wp-cnet\/wp-json\/wp\/v2\/categories?post=81479"},{"taxonomy":"post_tag","embeddable":true,"href":"https:\/\/catolicanet.net\/wp-cnet\/wp-json\/wp\/v2\/tags?post=81479"}],"curies":[{"name":"wp","href":"https:\/\/api.w.org\/{rel}","templated":true}]}}