{"id":81415,"date":"2023-05-08T09:57:54","date_gmt":"2023-05-08T12:57:54","guid":{"rendered":"https:\/\/catolicanet.net\/wp-cnet\/?p=81415"},"modified":"2023-05-08T12:58:46","modified_gmt":"2023-05-08T15:58:46","slug":"o-jovem-precisa-mostrar-que-a-fe-esta-viva-diz-brasileiro-que-vai-para-a-jmj-2023","status":"publish","type":"post","link":"https:\/\/catolicanet.net\/wp-cnet\/o-jovem-precisa-mostrar-que-a-fe-esta-viva-diz-brasileiro-que-vai-para-a-jmj-2023\/","title":{"rendered":"\u201cO jovem precisa mostrar que a f\u00e9 est\u00e1 viva\u201d, diz brasileiro que vai para a JMJ 2023"},"content":{"rendered":"<h2 class=\"subtitle\" style=\"text-align: justify;\">Peregrino est\u00e1 na expetativa para o encontro com o Papa e com jovens do mundo inteiro<\/h2>\n<p style=\"text-align: justify;\">Oempreendedor brasileiro Jefferson de Oliveira, de 28 anos, vai se juntar a jovens do mundo inteiro na Jornada Mundial da Juventude, a JMJ, que acontece em agosto, em Lisboa. Faltando menos de tr\u00eas meses para o evento, ele est\u00e1 cheio de expectativas para o encontro com o Papa, mas nem sempre foi assim.<\/p>\n<p style=\"text-align: justify;\">No come\u00e7o deste ano, Jefferson quase desistiu da viagem devido a compromissos profissionais e quest\u00f5es financeiras. Os amigos fecharam pacotes para a viagem e ele ficou para tr\u00e1s. Mas, como ele mesmo diz, \u201ca provid\u00eancia divina deu um jeito\u201d. \u201cEu fiquei desanimado por ver que estava se aproximando a jornada e eu n\u00e3o conseguia enxergar a possibilidade de participar. Meu sonho j\u00e1 estava morrendo, mas eu sempre pedia para Deus me ajudar a ir para a JMJ. De tanto eu pedir, ele me concedeu a gra\u00e7a\u201d, afirma Oliveira.<\/p>\n<p style=\"text-align: justify;\">Mesmo em cima da hora, o jovem encontrou na internet uma passagem a\u00e9rea a um pre\u00e7o razo\u00e1vel, conseguiu parcelar o valor sem juros e l\u00e1 vai ele para o outro lado do Atl\u00e2ntico realizar o sonho de, mais uma vez, marcar presen\u00e7a em um dos maiores eventos da Igreja.<\/p>\n<p style=\"text-align: justify;\">Em 2016, Jefferson participou da Jornada Mundial da Juventude da Crac\u00f3via, e os olhos dele ainda brilham ao lembrar de um dos momentos mais emocionantes do encontro. \u201cA vig\u00edlia do s\u00e1bado \u00e0 noite \u00e9 muito bonita. \u00c9 muito lindo ver jovens de todo o mundo cantando e adorando a Jesus. Isso \u00e9 uma experi\u00eancia espetacular!\u201d, afirma.<\/p>\n<div class=\"wp-block-aleteia-heading3\" style=\"text-align: justify;\">\n<h3>Esquenta para a JMJ<\/h3>\n<\/div>\n<p style=\"text-align: justify;\">Para entrar no clima da Jornada Mundial da Juventude de Lisboa, o jovem atendeu ao convite dos organizadores, participou de um concurso de criatividade e ficou entre os dez vencedores do certame. O objetivo era fazer uma releitura do\u00a0<a title=\"\u201cH\u00e1 pressa no ar\u201d, o hino da Jornada Mundial da Juventude 2023\" href=\"https:\/\/pt.aleteia.org\/2021\/01\/28\/ha-pressa-no-ar-o-hino-da-jornada-mundial-da-juventude-2023\/\" target=\"_self\" rel=\"noopener\">hino oficial da JMJ Lisboa<\/a>.<\/p>\n<p style=\"text-align: justify;\">Para ganhar o pr\u00eamio (um kit do evento), ele recorreu a um personagem, um fantoche em forma de gato \u2013 brinquedo de inf\u00e2ncia do jovem empreendedor \u2013 que aterrissou em Lisboa com muita expectativa para o encontro da juventude mundial. Veja abaixo como ficou!<\/p>\n<figure class=\"wp-block-embed is-type-rich is-provider-instagram wp-block-embed-instagram\" data-original=\"false\">\n<div class=\"wp-block-embed__wrapper\" style=\"text-align: justify;\"><iframe id=\"instagram-embed-0\" class=\"instagram-media css-1nvz6g instagram-media-rendered\" src=\"https:\/\/www.instagram.com\/reel\/Cri4oH-PYog\/embed\/?cr=1&amp;v=14&amp;wp=617&amp;rd=https%3A%2F%2Fpt.aleteia.org&amp;rp=%2F2023%2F05%2F08%2Fo-jovem-precisa-mostrar-que-a-fe-esta-viva-diz-brasileiro-que-vai-para-a-jmj-2023%2F#%7B%22ci%22%3A0%2C%22os%22%3A26108.099999999627%7D\" height=\"979\" frameborder=\"0\" scrolling=\"no\" allowfullscreen=\"allowfullscreen\" data-instgrm-payload-id=\"instagram-media-payload-0\" data-mce-fragment=\"1\"><\/iframe>&nbsp;<\/p>\n<\/div>\n<div class=\"wp-block-aleteia-heading3\" style=\"text-align: justify;\">\n<h3>F\u00e9 viva<\/h3>\n<\/div>\n<p style=\"text-align: justify;\">Na reta final dos preparativos para a viagem, o jovem brasileiro n\u00e3o v\u00ea a hora de conhecer novas culturas, praticar e compartilhar a mensagem de que \u201co jovem deve assumir mais o papel da Igreja\u201d.<\/p>\n<p style=\"text-align: justify;\">\u201cEsse \u00e9 um pedido do Papa Francisco e o Papa Jo\u00e3o Paulo II tamb\u00e9m pedia para que o jovem fosse Igreja. Precisamos confiar esse papel ao jovem, para que futuramente a Igreja possa propagar mais o Evangelho de Jesus no mundo. O jovem precisa mostrar que a f\u00e9 est\u00e1 viva\u201d, explica.<\/p>\n<p style=\"text-align: justify;\">Para Jefferson, cada jovem deve fazer a sua parte nessa miss\u00e3o. E ele garante que est\u00e1 fazendo a dele. \u201cEu utilizo as minhas redes sociais para publicar mensagens de evangeliza\u00e7\u00e3o de forma mais bem humorada e tamb\u00e9m mais s\u00e9ria. Al\u00e9m disso, tenho uma marca de camisetas, atrav\u00e9s das quais as pessoas podem espalhar a mensagem de Jesus\u201d, finaliza o jovem brasileiro.<\/p>\n<\/figure>\n","protected":false},"excerpt":{"rendered":"<p>Peregrino est\u00e1 na expetativa para o encontro com o Papa e com jovens do mundo inteiro Oempreendedor brasileiro Jefferson de Oliveira, de 28 anos, vai se juntar a jovens do mundo inteiro na Jornada Mundial da Juventude, a JMJ, que acontece em agosto, em Lisboa. Faltando menos de tr\u00eas meses para o evento, ele est\u00e1 [&hellip;]<\/p>\n","protected":false},"author":1,"featured_media":81416,"comment_status":"open","ping_status":"closed","sticky":false,"template":"","format":"standard","meta":{"footnotes":""},"categories":[4],"tags":[],"class_list":["post-81415","post","type-post","status-publish","format-standard","has-post-thumbnail","hentry","category-cotidiano"],"_links":{"self":[{"href":"https:\/\/catolicanet.net\/wp-cnet\/wp-json\/wp\/v2\/posts\/81415","targetHints":{"allow":["GET"]}}],"collection":[{"href":"https:\/\/catolicanet.net\/wp-cnet\/wp-json\/wp\/v2\/posts"}],"about":[{"href":"https:\/\/catolicanet.net\/wp-cnet\/wp-json\/wp\/v2\/types\/post"}],"author":[{"embeddable":true,"href":"https:\/\/catolicanet.net\/wp-cnet\/wp-json\/wp\/v2\/users\/1"}],"replies":[{"embeddable":true,"href":"https:\/\/catolicanet.net\/wp-cnet\/wp-json\/wp\/v2\/comments?post=81415"}],"version-history":[{"count":1,"href":"https:\/\/catolicanet.net\/wp-cnet\/wp-json\/wp\/v2\/posts\/81415\/revisions"}],"predecessor-version":[{"id":81417,"href":"https:\/\/catolicanet.net\/wp-cnet\/wp-json\/wp\/v2\/posts\/81415\/revisions\/81417"}],"wp:featuredmedia":[{"embeddable":true,"href":"https:\/\/catolicanet.net\/wp-cnet\/wp-json\/wp\/v2\/media\/81416"}],"wp:attachment":[{"href":"https:\/\/catolicanet.net\/wp-cnet\/wp-json\/wp\/v2\/media?parent=81415"}],"wp:term":[{"taxonomy":"category","embeddable":true,"href":"https:\/\/catolicanet.net\/wp-cnet\/wp-json\/wp\/v2\/categories?post=81415"},{"taxonomy":"post_tag","embeddable":true,"href":"https:\/\/catolicanet.net\/wp-cnet\/wp-json\/wp\/v2\/tags?post=81415"}],"curies":[{"name":"wp","href":"https:\/\/api.w.org\/{rel}","templated":true}]}}