{"id":81407,"date":"2023-05-08T09:53:38","date_gmt":"2023-05-08T12:53:38","guid":{"rendered":"https:\/\/catolicanet.net\/wp-cnet\/?p=81407"},"modified":"2023-05-08T12:54:35","modified_gmt":"2023-05-08T15:54:35","slug":"comissao-para-o-laicato-promove-a-comunhao-entre-as-diferentes-expressoes-laicais-carismas-e-servicos-na-igreja-no-brasil","status":"publish","type":"post","link":"https:\/\/catolicanet.net\/wp-cnet\/comissao-para-o-laicato-promove-a-comunhao-entre-as-diferentes-expressoes-laicais-carismas-e-servicos-na-igreja-no-brasil\/","title":{"rendered":"COMISS\u00c3O PARA O LAICATO PROMOVE A COMUNH\u00c3O ENTRE AS DIFERENTES EXPRESS\u00d5ES LAICAIS, CARISMAS E SERVI\u00c7OS NA IGREJA NO BRASIL"},"content":{"rendered":"<p style=\"text-align: justify;\">Uma das marcas do trabalho da Comiss\u00e3o Episcopal Pastoral para o Laicato da Confer\u00eancia Nacional dos Bispos do Brasil (CNBB), desde 2022, vem sendo o avan\u00e7o na consolida\u00e7\u00e3o da comunh\u00e3o entre as diferentes express\u00f5es laicais, carismas e servi\u00e7os na Igreja no Brasil.\u00a0Neste sentido, foi criado em 5 de julho de 2021, ap\u00f3s aprova\u00e7\u00e3o do Conselho Permanente da CNBB, o Grupo de Trabalho (GT) das Express\u00f5es Carism\u00e1ticas Cat\u00f3licas. Na CNBB, o GT \u00e9 ligado \u00e0 Secretaria-Geral da entidade e acolhido na Comiss\u00e3o Episcopal para o Laicato.<\/p>\n<p style=\"text-align: justify;\">O bispo de Tocantin\u00f3polis (TO) e presidente da Comiss\u00e3o para o Laicato da CNBB,\u00a0 dom Giovane Pereira de Melo, explica que o grupo vem se configurando num espa\u00e7o de di\u00e1logo e m\u00fatuo conhecimento entre as diversas express\u00f5es da corrente da Gra\u00e7a e a CNBB.<\/p>\n<blockquote><p>\u201c\u00c9 um encontro entre pessoas (sujeitos eclesiais), uma inst\u00e2ncia de escuta, de sinodalidade, de comunh\u00e3o, dialogo, discernimento e comunh\u00e3o. O GT quer respeitar o papel das igreja locais (dioceses) onde os carismas t\u00eam seu terreno priorit\u00e1rio \u2013 na variedade de minist\u00e9rios, movimentos e espiritualidades\u201d, ressaltou.<\/p><\/blockquote>\n<p style=\"text-align: justify;\">Nas reuni\u00f5es, realizadas desde 2021, o presidente da Comiss\u00e3o para o Laicato informa que os participantes puderam se apresentar e expressar suas impress\u00f5es, abrindo uma interlocu\u00e7\u00e3o fraterna e respons\u00e1vel, num clima de escuta e comunh\u00e3o.<\/p>\n<p style=\"text-align: justify;\">O GT foi composto \u00e9 composto por bispos que acompanham o movimento, em suas diversas realidades, al\u00e9m de convidados que as representam. Foram realizadas cinco reuni\u00f5es, sendo quatro virtuais e uma presencial, tiveram como objetivos fazer a mem\u00f3ria das experi\u00eancias carism\u00e1ticas, dos seus aprendizados e perspectivas comuns, avaliando o caminho percorrido, extraindo algumas propostas de caminho em unidade, como tem pedido o Papa Francisco a promo\u00e7\u00e3o da partilha do Batismo no Esp\u00edrito Santo a toda a Igreja, cuidado aos pobres e a unidade dos crist\u00e3os.<\/p>\n<h3 style=\"text-align: justify;\">Hist\u00f3rico e mem\u00f3ria<\/h3>\n<p style=\"text-align: justify;\"><img loading=\"lazy\" decoding=\"async\" class=\"size-medium wp-image-939850 alignleft\" src=\"https:\/\/www.cnbb.org.br\/wp-content\/uploads\/2023\/03\/GT-Expressoes-Carismaticas-300x225.jpeg\" sizes=\"auto, (max-width: 300px) 100vw, 300px\" srcset=\"https:\/\/www.cnbb.org.br\/wp-content\/uploads\/2023\/03\/GT-Expressoes-Carismaticas-300x225.jpeg 300w, https:\/\/www.cnbb.org.br\/wp-content\/uploads\/2023\/03\/GT-Expressoes-Carismaticas-768x576.jpeg 768w, https:\/\/www.cnbb.org.br\/wp-content\/uploads\/2023\/03\/GT-Expressoes-Carismaticas-500x375.jpeg 500w, https:\/\/www.cnbb.org.br\/wp-content\/uploads\/2023\/03\/GT-Expressoes-Carismaticas-800x600.jpeg 800w, https:\/\/www.cnbb.org.br\/wp-content\/uploads\/2023\/03\/GT-Expressoes-Carismaticas.jpeg 1024w\" alt=\"\" width=\"300\" height=\"225\" \/>Desde o in\u00edcio das atividades do Charis (Catholic Charismatic Renewal International Service), em 9 de junho de 2019, por ocasi\u00e3o da Solenidade de Pentecostes, surgiu a necessidade de um aprofundamento sobre os objetivos que levaram o Papa Francisco a extinguir os dois organismos que coordenavam a Renova\u00e7\u00e3o Carism\u00e1tica Cat\u00f3lica no mundo: Catholic Fraternity (Fraternidade Cat\u00f3lica, que direcionava as Novas Comunidades de experi\u00eancia carism\u00e1tica) e ICCRS (Servico Internacional para a Renova\u00e7\u00e3o Carism\u00e1tica Cat\u00f3lica), fundindo-os em um s\u00f3 servi\u00e7o para toda a Renova\u00e7\u00e3o Carism\u00e1tica, chamada por ele de \u201cCorrente de Gra\u00e7a\u201d.<\/p>\n<p style=\"text-align: justify;\">O secret\u00e1rio-executivo do GT, padre Heldeir Gomes Carneiro, de Palmas (TO), explica que o CHARIS n\u00e3o \u00e9 um organismo de governo, mas um servi\u00e7o de comunh\u00e3o para todas as express\u00f5es carism\u00e1ticas. \u201cDevido \u00e0 essa novidade, a CNBB achou por bem criar esse Grupo de Trabalho das Express\u00f5es Carism\u00e1ticas, dentro da Comiss\u00e3o Pastoral para o Laicato, com o objetivo de entender e buscar a comunh\u00e3o junto aos trabalhos de todo o movimento carism\u00e1tico no Brasil\u201d, disse.<\/p>\n<p style=\"text-align: justify;\">Participam do GT, fi\u00e9is leigos e leigas representantes do movimento Carism\u00e1tico e suas express\u00f5es na Igreja no Brasil (<a href=\"https:\/\/www.rccbrasil.org.br\/portal\/\" target=\"_blank\" rel=\"noopener\">Renova\u00e7\u00e3o Carism\u00e1tica Cat\u00f3lica<\/a>, Novas Comunidades e o<a href=\"https:\/\/www.charis.international\/pt\/servico-internacional-de-comunhao\/\" target=\"_blank\" rel=\"noopener\">\u00a0Servi\u00e7o de Comunh\u00e3o Charis<\/a>), leigos e leigas da Comiss\u00e3o para o Laicato, bispos referenciais\u00a0 e peritos em Direito Can\u00f4nico e Vida Consagrada.\u00a0Nestes encontros, os membros estreitaram la\u00e7os, apresentaram suas perspectivas eclesiais de atua\u00e7\u00e3o e refletiram sobre a configura\u00e7\u00e3o, objetivo e m\u00e9todo do GT.<\/p>\n<h3 style=\"text-align: justify;\">S\u00e3o membros do GT<\/h3>\n<p style=\"text-align: justify;\">O Grupo de Trabalho Grupo das Express\u00f5es Carism\u00e1ticas Cat\u00f3licas \u00e9 composto por 4 bispos:\u00a0 o bispo auxiliar de Bras\u00edlia e referencial da CNBB para a Renova\u00e7\u00e3o Carism\u00e1tica do Brasil, dom Jos\u00e9 Aparecido G. de Almeida; o bispo de Paranava\u00ed (PR) e referencial para o Servi\u00e7o de Comunh\u00e3o Charis, dom Mario Spaki, o bispo de Campos (RJ), respons\u00e1vel no \u00e2mbito da Comiss\u00e3o para o Laicato por acompanhar as novas comunidades, dom Roberto Francisco F. Paz e o bispo de Aragua\u00edna (TO) e presidente da Comiss\u00e3o, dom Giovane Pereira de Melo.<\/p>\n<p style=\"text-align: justify;\">Representantes das express\u00f5es carism\u00e1ticas: coordenador da Comiss\u00e3o Nacional para para as Comunidades Novas, \u00cdtalo Juliani P. Fasanella, coordenadora do Servi\u00e7o de Comunh\u00e3o do Charis no Brasil, K\u00e1tia Roldi Zavaris, o assessor da Comiss\u00e3o Episcopal para o Laicato da CNBB, Laudelino A. dos Santos Azevedo e o presidente do Conselho Nacional da RCC do Brasil, Vinicius Rodrigues Sim\u00f5es. S\u00e3o assessores do grupo: padre Marcial Ma\u00e7aneiro (SCJ), padre Heldeir Gomes Carneiro, seu secret\u00e1rio-executivo e a te\u00f3loga, leiga e professora Rosemary Fernandes da Costa.<\/p>\n<p style=\"text-align: justify;\">Representando a vida consagrada, participaram como convidadas da Confer\u00eancia dos Religiosos do Brasil (CRB), a presidente da organiza\u00e7\u00e3o, irm\u00e3 Eliane Cordeiro e irm\u00e3\u00a0Maria de F\u00e1tima Morais (ASCJ). O assessor da Comiss\u00e3o para a Doutrina da F\u00e9, padre Luiz Henrique Brand\u00e3o Figueiredo, tamb\u00e9m participou das reuni\u00f5es.<\/p>\n","protected":false},"excerpt":{"rendered":"<p>Uma das marcas do trabalho da Comiss\u00e3o Episcopal Pastoral para o Laicato da Confer\u00eancia Nacional dos Bispos do Brasil (CNBB), desde 2022, vem sendo o avan\u00e7o na consolida\u00e7\u00e3o da comunh\u00e3o entre as diferentes express\u00f5es laicais, carismas e servi\u00e7os na Igreja no Brasil.\u00a0Neste sentido, foi criado em 5 de julho de 2021, ap\u00f3s aprova\u00e7\u00e3o do Conselho [&hellip;]<\/p>\n","protected":false},"author":1,"featured_media":81408,"comment_status":"open","ping_status":"closed","sticky":false,"template":"","format":"standard","meta":{"footnotes":""},"categories":[7],"tags":[],"class_list":["post-81407","post","type-post","status-publish","format-standard","has-post-thumbnail","hentry","category-cnbb"],"_links":{"self":[{"href":"https:\/\/catolicanet.net\/wp-cnet\/wp-json\/wp\/v2\/posts\/81407","targetHints":{"allow":["GET"]}}],"collection":[{"href":"https:\/\/catolicanet.net\/wp-cnet\/wp-json\/wp\/v2\/posts"}],"about":[{"href":"https:\/\/catolicanet.net\/wp-cnet\/wp-json\/wp\/v2\/types\/post"}],"author":[{"embeddable":true,"href":"https:\/\/catolicanet.net\/wp-cnet\/wp-json\/wp\/v2\/users\/1"}],"replies":[{"embeddable":true,"href":"https:\/\/catolicanet.net\/wp-cnet\/wp-json\/wp\/v2\/comments?post=81407"}],"version-history":[{"count":1,"href":"https:\/\/catolicanet.net\/wp-cnet\/wp-json\/wp\/v2\/posts\/81407\/revisions"}],"predecessor-version":[{"id":81409,"href":"https:\/\/catolicanet.net\/wp-cnet\/wp-json\/wp\/v2\/posts\/81407\/revisions\/81409"}],"wp:featuredmedia":[{"embeddable":true,"href":"https:\/\/catolicanet.net\/wp-cnet\/wp-json\/wp\/v2\/media\/81408"}],"wp:attachment":[{"href":"https:\/\/catolicanet.net\/wp-cnet\/wp-json\/wp\/v2\/media?parent=81407"}],"wp:term":[{"taxonomy":"category","embeddable":true,"href":"https:\/\/catolicanet.net\/wp-cnet\/wp-json\/wp\/v2\/categories?post=81407"},{"taxonomy":"post_tag","embeddable":true,"href":"https:\/\/catolicanet.net\/wp-cnet\/wp-json\/wp\/v2\/tags?post=81407"}],"curies":[{"name":"wp","href":"https:\/\/api.w.org\/{rel}","templated":true}]}}