{"id":81399,"date":"2023-05-08T09:46:47","date_gmt":"2023-05-08T12:46:47","guid":{"rendered":"https:\/\/catolicanet.net\/wp-cnet\/?p=81399"},"modified":"2023-05-08T12:49:15","modified_gmt":"2023-05-08T15:49:15","slug":"comissao-para-a-juventude-promovo-encontro-regional-para-implantacao-do-projeto-ao-seu-lado","status":"publish","type":"post","link":"https:\/\/catolicanet.net\/wp-cnet\/comissao-para-a-juventude-promovo-encontro-regional-para-implantacao-do-projeto-ao-seu-lado\/","title":{"rendered":"COMISS\u00c3O PARA A JUVENTUDE PROMOVO ENCONTRO REGIONAL PARA IMPLANTA\u00c7\u00c3O DO PROJETO \u201cAO SEU LADO\u201d"},"content":{"rendered":"<p style=\"text-align: justify;\">A Comiss\u00e3o Regional para a Juventude da CNBB Nordeste 2 realiza, nos dias 29 e 30 deste m\u00eas, um encontro para secret\u00e1rios e secret\u00e1rias, respons\u00e1veis e l\u00edderes diocesanos do setor. O evento ser\u00e1 na sede da entidade, no Recife (PE), e tem como objetivo a implanta\u00e7\u00e3o do projeto \u201cAo seu lado\u201d, novo plano de evangeliza\u00e7\u00e3o das juventudes do Brasil para o tri\u00eanio 2023-2025.<\/p>\n<p style=\"text-align: justify;\">Durante os dois dias, os participantes das 21 dioceses presentes em Alagoas, na Para\u00edba, em Pernambuco e no Rio Grande do Norte ter\u00e3o a oportunidade de mergulhar no projeto\u00a0<a role=\"link\" href=\"https:\/\/jovensconectados.org.br\/plano-de-evangelizacao-das-juventudes-do-brasil.html\" target=\"_blank\" rel=\"noreferrer noopener\">Ao seu lado<\/a>, que tem como inspira\u00e7\u00e3o a passagem b\u00edblica dos Disc\u00edpulos de Ema\u00fas (Lc 24,13-35). O plano traz reflex\u00f5es e prop\u00f5e linhas de a\u00e7\u00f5es a partir dos<strong>\u00a0<\/strong>eixos\u00a0<strong>\u201cForma\u00e7\u00e3o\u2019, \u201cVoca\u00e7\u00e3o e Miss\u00e3o\u201d, \u201cEstruturas de Acompanhamento e Assessoria\u201d\u00a0<\/strong>e<strong>\u00a0\u201cCidadania: Casa Comum e Dignidade Humana\u201d<\/strong>.<\/p>\n<div class=\"wp-block-image\" style=\"text-align: justify;\">\n<figure class=\"alignright size-full is-resized\"><a role=\"link\" href=\"https:\/\/jovensconectados.org.br\/plano-de-evangelizacao-das-juventudes-do-brasil.html\" target=\"_blank\" rel=\"noopener\"><img loading=\"lazy\" decoding=\"async\" class=\"wp-image-23627\" src=\"https:\/\/cnbbne2.org.br\/wp-content\/uploads\/2023\/05\/projeto-ao-seu-lado.png\" sizes=\"auto, (max-width: 382px) 100vw, 382px\" srcset=\"https:\/\/cnbbne2.org.br\/wp-content\/uploads\/2023\/05\/projeto-ao-seu-lado.png 768w, https:\/\/cnbbne2.org.br\/wp-content\/uploads\/2023\/05\/projeto-ao-seu-lado-300x212.png 300w\" alt=\"\" width=\"382\" height=\"270\" \/><\/a><\/figure>\n<\/div>\n<p style=\"text-align: justify;\">Com a participa\u00e7\u00e3o da assessora da Comiss\u00e3o Episcopal para a Juventude da CNBB, irm\u00e3 Val\u00e9ria Andrade Leal, ser\u00e1 discutido como esse plano de evangeliza\u00e7\u00e3o para os jovens pode ser incorporado \u00e0 din\u00e2mica do Nordeste 2 e, tamb\u00e9m, qual o futuro da Comiss\u00e3o Regional e da sua estrutura agora com o\u00a0novo referencial, o bispo de Patos (PB), dom Eraldo Bispo da Silva.<\/p>\n<p style=\"text-align: justify;\">\n<p style=\"text-align: justify;\"><a href=\"https:\/\/cnbbne2.org.br\/comissao-para-a-juventude-promove-encontro-regional-para-implantacao-do-projeto-ao-seu-lado-na-cnbb-nordeste-2\/\" target=\"_blank\" rel=\"noopener\">Confira a not\u00edcia na \u00edntegra.<\/a><\/p>\n","protected":false},"excerpt":{"rendered":"<p>A Comiss\u00e3o Regional para a Juventude da CNBB Nordeste 2 realiza, nos dias 29 e 30 deste m\u00eas, um encontro para secret\u00e1rios e secret\u00e1rias, respons\u00e1veis e l\u00edderes diocesanos do setor. O evento ser\u00e1 na sede da entidade, no Recife (PE), e tem como objetivo a implanta\u00e7\u00e3o do projeto \u201cAo seu lado\u201d, novo plano de evangeliza\u00e7\u00e3o [&hellip;]<\/p>\n","protected":false},"author":1,"featured_media":81400,"comment_status":"open","ping_status":"closed","sticky":false,"template":"","format":"standard","meta":{"footnotes":""},"categories":[3],"tags":[],"class_list":["post-81399","post","type-post","status-publish","format-standard","has-post-thumbnail","hentry","category-vaticano"],"_links":{"self":[{"href":"https:\/\/catolicanet.net\/wp-cnet\/wp-json\/wp\/v2\/posts\/81399","targetHints":{"allow":["GET"]}}],"collection":[{"href":"https:\/\/catolicanet.net\/wp-cnet\/wp-json\/wp\/v2\/posts"}],"about":[{"href":"https:\/\/catolicanet.net\/wp-cnet\/wp-json\/wp\/v2\/types\/post"}],"author":[{"embeddable":true,"href":"https:\/\/catolicanet.net\/wp-cnet\/wp-json\/wp\/v2\/users\/1"}],"replies":[{"embeddable":true,"href":"https:\/\/catolicanet.net\/wp-cnet\/wp-json\/wp\/v2\/comments?post=81399"}],"version-history":[{"count":1,"href":"https:\/\/catolicanet.net\/wp-cnet\/wp-json\/wp\/v2\/posts\/81399\/revisions"}],"predecessor-version":[{"id":81401,"href":"https:\/\/catolicanet.net\/wp-cnet\/wp-json\/wp\/v2\/posts\/81399\/revisions\/81401"}],"wp:featuredmedia":[{"embeddable":true,"href":"https:\/\/catolicanet.net\/wp-cnet\/wp-json\/wp\/v2\/media\/81400"}],"wp:attachment":[{"href":"https:\/\/catolicanet.net\/wp-cnet\/wp-json\/wp\/v2\/media?parent=81399"}],"wp:term":[{"taxonomy":"category","embeddable":true,"href":"https:\/\/catolicanet.net\/wp-cnet\/wp-json\/wp\/v2\/categories?post=81399"},{"taxonomy":"post_tag","embeddable":true,"href":"https:\/\/catolicanet.net\/wp-cnet\/wp-json\/wp\/v2\/tags?post=81399"}],"curies":[{"name":"wp","href":"https:\/\/api.w.org\/{rel}","templated":true}]}}