{"id":81373,"date":"2023-05-04T10:34:08","date_gmt":"2023-05-04T13:34:08","guid":{"rendered":"https:\/\/catolicanet.net\/wp-cnet\/?p=81373"},"modified":"2023-05-04T15:35:35","modified_gmt":"2023-05-04T18:35:35","slug":"a-igreja-em-portugal-o-pais-da-jornada-mundial-da-juventude-2023","status":"publish","type":"post","link":"https:\/\/catolicanet.net\/wp-cnet\/a-igreja-em-portugal-o-pais-da-jornada-mundial-da-juventude-2023\/","title":{"rendered":"A Igreja em Portugal, o pa\u00eds da Jornada Mundial da Juventude 2023"},"content":{"rendered":"<h2 class=\"subtitle\" style=\"text-align: justify;\">Cerca de 53% dos jovens portugueses se consideram cat\u00f3licos &#8211; n\u00famero acima do registrado em outros pa\u00edses europeus<\/h2>\n<p style=\"text-align: justify;\">De 1 a 6 de agosto, milh\u00f5es de jovens de v\u00e1rias partes mundo estar\u00e3o em Lisboa para participar da Jornada Mundial da Juventude 2023.<\/p>\n<p style=\"text-align: justify;\">Durante uma semana, eles celebrar\u00e3o a f\u00e9 e ter\u00e3o um encontro especial com o Papa Francisco. Al\u00e9m de discutir aspectos relevantes sobre a religi\u00e3o e o papel da juventude, a JMJ tamb\u00e9m \u00e9 a oportunidade que os jovens t\u00eam de fazer amizades, entrar em contato com culturas diferentes e conhecer a realidade da Igreja local.<\/p>\n<div class=\"wp-block-aleteia-heading3\" style=\"text-align: justify;\">\n<h3>A Igreja em Portugal<\/h3>\n<\/div>\n<p style=\"text-align: justify;\">Portugal tem uma popula\u00e7\u00e3o formada, em sua grande maioria, por cat\u00f3licos. De acordo com os estudos mais recentes, 80% dos portugueses se declaram cat\u00f3licos.<\/p>\n<p style=\"text-align: justify;\">Segundo o Centro de Religi\u00e3o e Sociedade Bento XVI, que desenvolveu um estudo para o S\u00ednodo dos Bispos em 2018, 53% dos jovens portugueses se consideram cat\u00f3licos \u2013 n\u00famero acima do registrado em outros pa\u00edses europeus.<\/p>\n<p style=\"text-align: justify;\">A Igreja Cat\u00f3lica em Portugal \u00e9 constitu\u00edda por 21 dioceses e 4.380 par\u00f3quias. S\u00f3 a diocese de Lisboa, por exemplo, cobre uma \u00e1rea de cerca de 3.000 km\u00b2 e abrange 18 vigararias e 300 par\u00f3quias. Tal diocese tem S\u00e3o Vicente como padroeiro.<\/p>\n<div class=\"wp-block-aleteia-heading3\" style=\"text-align: justify;\">\n<h3>Devo\u00e7\u00f5es<\/h3>\n<\/div>\n<p style=\"text-align: justify;\">Entre as devo\u00e7\u00f5es populares em Portugal, destaca-se a devo\u00e7\u00e3o a\u00a0Nossa Senhora de F\u00e1tima, a Santo Ant\u00f4nio de Lisboa e a S\u00e3o Jo\u00e3o de Brito.<\/p>\n<p style=\"text-align: justify;\">Nossa Senhora da Concei\u00e7\u00e3o \u00e9 a padroeira de Portugal desde 1646.<\/p>\n<div id=\"article-desk-content-p6-ad_2023_05_04_a-igreja-em-portugal-o-pais-da-jornada-mundial-da-juventude-2023\" class=\"css-p8k4vw\" style=\"text-align: justify;\" data-google-query-id=\"CMzc-MSm3P4CFTZIuAQdAR4PDQ\">\n<div id=\"google_ads_iframe_64500793\/PT_DESK_ARTICLE_WELCOME_1X1_0__container__\"><\/div>\n<\/div>\n<div class=\"block-image-copyrigth-wrap\" style=\"text-align: justify;\">\n<figure class=\"wp-block-image size-large\"><img loading=\"lazy\" decoding=\"async\" class=\"wp-image-495634\" src=\"https:\/\/wp.pt.aleteia.org\/wp-content\/uploads\/sites\/5\/2023\/05\/shutterstock_644796925.jpg?w=1024\" sizes=\"auto, (max-width: 1200px) 100vw, 1200px\" srcset=\"https:\/\/wp.pt.aleteia.org\/wp-content\/uploads\/sites\/5\/2023\/05\/shutterstock_644796925.jpg 1200w, https:\/\/wp.pt.aleteia.org\/wp-content\/uploads\/sites\/5\/2023\/05\/shutterstock_644796925.jpg?resize=150,100 150w, https:\/\/wp.pt.aleteia.org\/wp-content\/uploads\/sites\/5\/2023\/05\/shutterstock_644796925.jpg?resize=300,201 300w, https:\/\/wp.pt.aleteia.org\/wp-content\/uploads\/sites\/5\/2023\/05\/shutterstock_644796925.jpg?resize=768,513 768w, https:\/\/wp.pt.aleteia.org\/wp-content\/uploads\/sites\/5\/2023\/05\/shutterstock_644796925.jpg?resize=1024,684 1024w, https:\/\/wp.pt.aleteia.org\/wp-content\/uploads\/sites\/5\/2023\/05\/shutterstock_644796925.jpg?resize=620,414 620w, https:\/\/wp.pt.aleteia.org\/wp-content\/uploads\/sites\/5\/2023\/05\/shutterstock_644796925.jpg?resize=360,240 360w, https:\/\/wp.pt.aleteia.org\/wp-content\/uploads\/sites\/5\/2023\/05\/shutterstock_644796925.jpg?resize=1140,762 1140w, https:\/\/wp.pt.aleteia.org\/wp-content\/uploads\/sites\/5\/2023\/05\/shutterstock_644796925.jpg?resize=375,251 375w, https:\/\/wp.pt.aleteia.org\/wp-content\/uploads\/sites\/5\/2023\/05\/shutterstock_644796925.jpg?resize=1137,760 1137w, https:\/\/wp.pt.aleteia.org\/wp-content\/uploads\/sites\/5\/2023\/05\/shutterstock_644796925.jpg?resize=630,421 630w, https:\/\/wp.pt.aleteia.org\/wp-content\/uploads\/sites\/5\/2023\/05\/shutterstock_644796925.jpg?resize=266,177 266w\" alt=\"Nossa Senhora de F\u00e1tima\" width=\"1200\" height=\"802\" \/><figcaption class=\"wp-element-caption\">Nossa Senhora de F\u00e1tima: uma das grandes devo\u00e7\u00f5es do povo portugu\u00eas.<\/figcaption><\/figure>\n<div class=\"copyright-text\">Ricardo Perna | Shutterstock<\/div>\n<\/div>\n<div class=\"wp-block-aleteia-heading3\" style=\"text-align: justify;\">\n<h3>A capital Lisboa<\/h3>\n<\/div>\n<p style=\"text-align: justify;\">Com mais de 20 s\u00e9culos de hist\u00f3ria, Lisboa \u00e9 uma cidade que encanta os visitantes. A capital, que vai sediar as atividades da JMJ, tem cerca de 550 mil habitantes.<\/p>\n<p style=\"text-align: justify;\">O Patriarcado de Lisboa existe desde o s\u00e9culo IV. Atualmente, o Cardeal-Patriarca de Lisboa \u00e9 D. Manuel Clemente, que foi nomeado em 18 de maio de 2013. Os Bispos Auxiliares s\u00e3o D. Joaquim Mendes, D. Daniel Henriques e D. Am\u00e9rico Aguiar.<\/p>\n<p style=\"text-align: justify;\">O\u00a0<a title=\"\" href=\"https:\/\/www.lisboa2023.org\/pt\" target=\"_blank\" rel=\"noopener\">site oficial da JMJ<\/a>\u00a0lembra que \u201cna mem\u00f3ria portuguesa, Lisboa permanece como a cidade donde, \u2018nos s\u00e9culos XV e XVI, in\u00fameros jovens, incluindo muitos mission\u00e1rios, partiram para terras desconhecidas a fim de partilhar a sua experi\u00eancia de Jesus com outros povos e na\u00e7\u00f5es, destacou o Papa Francisco.\u201d<\/p>\n<div class=\"block-image-copyrigth-wrap\" style=\"text-align: justify;\">\n<figure class=\"wp-block-image size-large\"><img loading=\"lazy\" decoding=\"async\" class=\"wp-image-494602\" src=\"https:\/\/wp.pt.aleteia.org\/wp-content\/uploads\/sites\/5\/2023\/04\/LISBONNE.jpg?w=1024\" sizes=\"auto, (max-width: 1200px) 100vw, 1200px\" srcset=\"https:\/\/wp.pt.aleteia.org\/wp-content\/uploads\/sites\/5\/2023\/04\/LISBONNE.jpg 1200w, https:\/\/wp.pt.aleteia.org\/wp-content\/uploads\/sites\/5\/2023\/04\/LISBONNE.jpg?resize=150,84 150w, https:\/\/wp.pt.aleteia.org\/wp-content\/uploads\/sites\/5\/2023\/04\/LISBONNE.jpg?resize=300,169 300w, https:\/\/wp.pt.aleteia.org\/wp-content\/uploads\/sites\/5\/2023\/04\/LISBONNE.jpg?resize=768,432 768w, https:\/\/wp.pt.aleteia.org\/wp-content\/uploads\/sites\/5\/2023\/04\/LISBONNE.jpg?resize=1024,576 1024w, https:\/\/wp.pt.aleteia.org\/wp-content\/uploads\/sites\/5\/2023\/04\/LISBONNE.jpg?resize=620,348 620w, https:\/\/wp.pt.aleteia.org\/wp-content\/uploads\/sites\/5\/2023\/04\/LISBONNE.jpg?resize=1140,641 1140w, https:\/\/wp.pt.aleteia.org\/wp-content\/uploads\/sites\/5\/2023\/04\/LISBONNE.jpg?resize=375,211 375w, https:\/\/wp.pt.aleteia.org\/wp-content\/uploads\/sites\/5\/2023\/04\/LISBONNE.jpg?resize=630,354 630w\" alt=\"Catedral de Lisboa\" width=\"1200\" height=\"675\" \/><figcaption class=\"wp-element-caption\">Catedral de Lisboa, a capital de Portugal.<\/figcaption><\/figure>\n<div class=\"copyright-text\">Boris Stroujko I Shutterstock<\/div>\n<\/div>\n<div class=\"wp-block-aleteia-heading3\" style=\"text-align: justify;\">\n<h3>F\u00e1tima<\/h3>\n<\/div>\n<p style=\"text-align: justify;\">O Santu\u00e1rio de F\u00e1tima recebe milh\u00f5es de peregrinos todos os anos e ser\u00e1 tamb\u00e9m um ponto de grande visita\u00e7\u00e3o durante a Jornada Mundial da Juventude.<\/p>\n<p style=\"text-align: justify;\">Localizado na regi\u00e3o central de Portugal, o Santu\u00e1rio concretiza um pedido feito por Nossa Senhora, que\u00a0apareceu a tr\u00eas crian\u00e7as em 1917. \u201cQuero dizer-te que fa\u00e7am aqui uma capela em minha honra\u201d, solicitou Nossa Senhora.<\/p>\n<p style=\"text-align: justify;\">A capelinha foi constru\u00edda em 1919, no local das apari\u00e7\u00f5es de Nossa Senhora. De l\u00e1 para c\u00e1, o Santu\u00e1rio cresceu, \u00e0 medida que tamb\u00e9m aumentou o n\u00famero de visitantes.<\/p>\n<p style=\"text-align: justify;\">Clique na galeria abaixo e conhe\u00e7a um pouco do santu\u00e1rio!<\/p>\n<div class=\"wp-block-aleteia-slideshow\"><img loading=\"lazy\" decoding=\"async\" src=\"https:\/\/wp.pt.aleteia.org\/wp-content\/uploads\/sites\/5\/2023\/05\/shutterstock_680149393.jpg?w=620&amp;h=310&amp;crop=1\" alt=\"(slideshow) Santu\u00e1rio de F\u00e1tima\" width=\"620\" height=\"310\" \/><br \/>\n<a href=\"https:\/\/pt.aleteia.org\/slideshow\/slideshow-santuario-de-fatima\/\" target=\"_self\" rel=\"noopener\">Abrir a galeria de fotos<\/a><\/div>\n<p><em>Fonte: lisboa2023.org<\/em><\/p>\n<figure class=\"wp-block-embed is-type-video is-provider-dailymotion wp-block-embed-dailymotion\" data-original=\"false\">\n<div class=\"wp-block-embed__wrapper\"><span class=\"css-ubwxwi\"><iframe loading=\"lazy\" id=\"dailymotion_embedded_x8kidnm_1\" title=\"Dailymotion video player\" src=\"https:\/\/www.dailymotion.com\/embed\/video\/x8kidnm?api=postMessage&amp;autoplay=false&amp;id=dailymotion_embedded_x8kidnm_1&amp;origin=https%3A%2F%2Fpt.aleteia.org&amp;pubtool=jssdk\" width=\"100%\" height=\"100%\" frameborder=\"0\" allowfullscreen=\"allowfullscreen\" data-mce-fragment=\"1\"><\/iframe><\/span><\/div>\n<\/figure>\n<div class=\"wp-block-aleteia-read-also read-also\" data-category=\"Religi\u00e3o\" data-category-english=\"church\"><\/div>\n","protected":false},"excerpt":{"rendered":"<p>Cerca de 53% dos jovens portugueses se consideram cat\u00f3licos &#8211; n\u00famero acima do registrado em outros pa\u00edses europeus De 1 a 6 de agosto, milh\u00f5es de jovens de v\u00e1rias partes mundo estar\u00e3o em Lisboa para participar da Jornada Mundial da Juventude 2023. Durante uma semana, eles celebrar\u00e3o a f\u00e9 e ter\u00e3o um encontro especial com [&hellip;]<\/p>\n","protected":false},"author":1,"featured_media":81374,"comment_status":"open","ping_status":"closed","sticky":false,"template":"","format":"standard","meta":{"footnotes":""},"categories":[4,13],"tags":[],"class_list":["post-81373","post","type-post","status-publish","format-standard","has-post-thumbnail","hentry","category-cotidiano","category-featured"],"_links":{"self":[{"href":"https:\/\/catolicanet.net\/wp-cnet\/wp-json\/wp\/v2\/posts\/81373","targetHints":{"allow":["GET"]}}],"collection":[{"href":"https:\/\/catolicanet.net\/wp-cnet\/wp-json\/wp\/v2\/posts"}],"about":[{"href":"https:\/\/catolicanet.net\/wp-cnet\/wp-json\/wp\/v2\/types\/post"}],"author":[{"embeddable":true,"href":"https:\/\/catolicanet.net\/wp-cnet\/wp-json\/wp\/v2\/users\/1"}],"replies":[{"embeddable":true,"href":"https:\/\/catolicanet.net\/wp-cnet\/wp-json\/wp\/v2\/comments?post=81373"}],"version-history":[{"count":1,"href":"https:\/\/catolicanet.net\/wp-cnet\/wp-json\/wp\/v2\/posts\/81373\/revisions"}],"predecessor-version":[{"id":81375,"href":"https:\/\/catolicanet.net\/wp-cnet\/wp-json\/wp\/v2\/posts\/81373\/revisions\/81375"}],"wp:featuredmedia":[{"embeddable":true,"href":"https:\/\/catolicanet.net\/wp-cnet\/wp-json\/wp\/v2\/media\/81374"}],"wp:attachment":[{"href":"https:\/\/catolicanet.net\/wp-cnet\/wp-json\/wp\/v2\/media?parent=81373"}],"wp:term":[{"taxonomy":"category","embeddable":true,"href":"https:\/\/catolicanet.net\/wp-cnet\/wp-json\/wp\/v2\/categories?post=81373"},{"taxonomy":"post_tag","embeddable":true,"href":"https:\/\/catolicanet.net\/wp-cnet\/wp-json\/wp\/v2\/tags?post=81373"}],"curies":[{"name":"wp","href":"https:\/\/api.w.org\/{rel}","templated":true}]}}