{"id":81349,"date":"2023-05-04T09:35:06","date_gmt":"2023-05-04T12:35:06","guid":{"rendered":"https:\/\/catolicanet.net\/wp-cnet\/?p=81349"},"modified":"2023-05-04T14:37:41","modified_gmt":"2023-05-04T17:37:41","slug":"o-papa-curar-as-feridas-dolorosas-que-ofendem-a-nossa-amada-america-latina","status":"publish","type":"post","link":"https:\/\/catolicanet.net\/wp-cnet\/o-papa-curar-as-feridas-dolorosas-que-ofendem-a-nossa-amada-america-latina\/","title":{"rendered":"O Papa: curar as feridas dolorosas que ofendem a nossa amada Am\u00e9rica Latina"},"content":{"rendered":"<figure class=\"article__image\" style=\"text-align: justify;\"><span class=\"didascalia_img\">O Papa com os participantes do Congresso da Organiza\u00e7\u00e3o de Universidades Cat\u00f3licas da Am\u00e9rica Latina e Caribe \u00a0 (Vatican Media)<\/span><\/figure>\n<div class=\"article__meta \" data-mediatype=\"\">\n<div class=\"article__subTitle\" style=\"text-align: justify;\">Francisco recebeu, no Vaticano, os membros da Organiza\u00e7\u00e3o de Universidades Cat\u00f3licas da Am\u00e9rica Latina e Caribe aos quais disse que &#8220;ser \u201ccat\u00f3lico\u201d significa ter uma vis\u00e3o panor\u00e2mica sobre o mist\u00e9rio de Cristo e do mundo, sobre o mist\u00e9rio do homem e da mulher&#8221;. &#8220;\u00c9 muito triste encontrar intelectuais, homens e mulheres de grande intelig\u00eancia, mas com intelig\u00eancia mutilada&#8221;, disse ele.<\/div>\n<div class=\"title__separator\" style=\"text-align: justify;\"><\/div>\n<div class=\"article__text\">\n<p style=\"text-align: justify;\"><b>Mariangela Jaguraba &#8211; Vatican News<\/b><\/p>\n<p style=\"text-align: justify;\">O Papa Francisco recebeu em audi\u00eancia, nesta quinta-feira (04\/05), na Sala Clementina, no Vaticano, os participantes do Congresso da Organiza\u00e7\u00e3o de Universidades Cat\u00f3licas da Am\u00e9rica Latina e Caribe (ODUCAL), por ocasi\u00e3o de seu 70\u00ba anivers\u00e1rio de funda\u00e7\u00e3o.<\/p>\n<p style=\"text-align: justify;\">A ODUCAL foi fundada, no Chile, por dom Alfredo Silva Santiago, arcebispo de Concepci\u00f3n, com o apoio de outras universidades. \u00c9 composta por 115 universidades, que atualmente representam um milh\u00e3o e quinhentos mil alunos, mais de cento e dez mil professores e mais de cinco mil programas acad\u00eamicos de diferentes n\u00edveis. \u00c9 a maior organiza\u00e7\u00e3o dentro da Federa\u00e7\u00e3o Internacional de Universidades Cat\u00f3licas (FIUC). A organiza\u00e7\u00e3o tem solidez no trabalho acad\u00eamico e, ao mesmo tempo, tem em suas m\u00e3os uma grande responsabilidade, tanto no presente quanto no futuro da Am\u00e9rica Latina. Um dos objetivos da ODUCAL \u00e9 \u00abContribuir para a formula\u00e7\u00e3o de pol\u00edticas p\u00fablicas relacionadas com a educa\u00e7\u00e3o, tanto no \u00e2mbito nacional quanto supranacional\u00bb.<\/p>\n<div style=\"text-align: justify;\">\n<div class=\"article__embed article__embed--border embed_style\">\n<blockquote><p>\u201cNesse sentido, e olhando para a realidade da nossa Am\u00e9rica Latina, a pobreza e a desigualdade s\u00e3o uma chaga que aprofunda em vez de aliviar. A pandemia e as suas consequ\u00eancias, o agravamento do contexto mundial pol\u00edtico, econ\u00f4mico e militar, bem como a polariza\u00e7\u00e3o ideol\u00f3gica, parecem fechar as portas aos esfor\u00e7os de desenvolvimento e aos desejos de liberta\u00e7\u00e3o.\u201d<\/p><\/blockquote>\n<\/div>\n<\/div>\n<p style=\"text-align: justify;\">Segundo o Papa, &#8220;a crise atual n\u00e3o \u00e9 apenas uma oportunidade para verificar o esgotamento dos sistemas e modelos econ\u00f4micos, mas tamb\u00e9m nos encoraja a superar solu\u00e7\u00f5es preconceituosas como as que alimentam os esquemas de polariza\u00e7\u00e3o ideol\u00f3gica, emocional, pol\u00edtica, de g\u00eanero e exclus\u00e3o cultural. Em todo o caso, n\u00e3o nos assustemos com o \u201ccaos\u201d, porque \u00e9 precisamente a partir da\u00ed que Deus faz as suas obras mais belas e criativas&#8221;.<\/p>\n<h2 style=\"text-align: justify;\">Formar mentes cat\u00f3licas<\/h2>\n<p style=\"text-align: justify;\">&#8220;Se a palavra &#8220;universidade&#8221; vem de &#8220;universo&#8221;, ou seja, o &#8220;conjunto de todas as coisas&#8221;, o adjetivo &#8220;cat\u00f3lico&#8221; a refor\u00e7a e inspira. A tarefa de voc\u00eas \u00e9 contribuir para formar mentes cat\u00f3licas, capazes de observar n\u00e3o s\u00f3 o objeto do seu interesse. Um olhar extremamente preciso e focado pode se tornar fixo e exclusivo. Tem a precis\u00e3o de um radar, mas perde o panorama. Ao contr\u00e1rio, ser \u201ccat\u00f3lico\u201d significa ter uma vis\u00e3o panor\u00e2mica sobre o mist\u00e9rio de Cristo e do mundo, sobre o mist\u00e9rio do homem e da mulher. Precisamos de mentes, cora\u00e7\u00f5es e m\u00e3os para corresponder ao panorama da realidade, n\u00e3o \u00e0 estreiteza das ideologias&#8221;, disse ainda Francisco.<\/p>\n<p style=\"text-align: justify;\">O Papa citou o in\u00edcio da Constitui\u00e7\u00e3o Pastoral Gaudium et spes, sobre a Igreja no mundo atual, para dar um exemplo de perspectiva cat\u00f3lica. &#8220;Afirmando que \u00abas alegrias e as esperan\u00e7as, as tristezas e as ang\u00fastias dos homens de hoje, sobretudo dos pobres e de todos aqueles que sofrem, s\u00e3o tamb\u00e9m as alegrias e as esperan\u00e7as, as tristezas e as ang\u00fastias dos disc\u00edpulos de Cristo\u00bb, a Gaudium et spes nos fala da vida humana \u201ccatolicamente\u201d, n\u00e3o seletivamente&#8221;, disse Francisco.<\/p>\n<div style=\"text-align: justify;\">\n<div class=\"article__embed article__embed--border embed_style\">\n<blockquote><p>\u201cEstou convencido de que a catolicidade da mente, do cora\u00e7\u00e3o e das m\u00e3os, promovida por suas universidades e sua associa\u00e7\u00e3o, pode contribuir decisivamente para curar as feridas dolorosas que hoje ofendem nossa amada Am\u00e9rica Latina, onde os ricos ficam cada vez mais ricos e os pobres cada vez mais pobres. Alimentem o fogo aceso por Deus na Am\u00e9rica Latina.\u201d<\/p><\/blockquote>\n<\/div>\n<\/div>\n<h2 style=\"text-align: justify;\">O Pacto Educativo Global<\/h2>\n<p style=\"text-align: justify;\">Segundo o Papa, o Pacto Educativo Global, que ele confiou \u00e0 ent\u00e3o Congrega\u00e7\u00e3o para a Educa\u00e7\u00e3o Cat\u00f3lica e agora ao novo Dicast\u00e9rio para a Cultura e a Educa\u00e7\u00e3o, poder\u00e1 ajudar nisso. Muitas universidades &#8220;promovem com energia ideias e projetos inspirados no Pacto Educativo Global&#8221;. &#8220;Por favor, continuem. Acredito que o Pacto &#8211; n\u00e3o apenas educacional, mas tamb\u00e9m cultural &#8211; d\u00e1 uma contribui\u00e7\u00e3o significativa para o que chamei de &#8220;terceira miss\u00e3o&#8221; da universidade. \u00c9 bonito que as universidades tenham miss\u00f5es&#8221;, disse Francisco.<\/p>\n<p style=\"text-align: justify;\"><i>Uma universidade cat\u00f3lica deve ser mission\u00e1ria, isto \u00e9, com as portas voltadas para fora, porque a miss\u00e3o \u00e9 a inspira\u00e7\u00e3o, o impulso, o esfor\u00e7o e o pr\u00eamio de toda a Igreja. Talvez a miss\u00e3o da universidade seja formar poetas sociais, homens e mulheres que, aprendendo bem a gram\u00e1tica e o vocabul\u00e1rio da humanidade, tenham centelha, tenham um brilho que lhes permita imaginar o in\u00e9dito. N\u00e3o se esque\u00e7a dessa express\u00e3o: formar poetas sociais.<\/i><\/p>\n<p style=\"text-align: justify;\">O Papa traduziu a palavra &#8220;miss\u00e3o&#8221; no \u00e2mbito acad\u00eamico, coma palavra &#8220;pesquisa&#8221;. Segundo ele, o &#8220;pesquisador tem mente e cora\u00e7\u00e3o mission\u00e1rios. N\u00e3o se contenta com o que tem, sai em busca&#8221;.<\/p>\n<p style=\"text-align: justify;\">&#8220;O mission\u00e1rio conhece a alegria do Evangelho e n\u00e3o v\u00ea a hora que outros a experimentem. Por isso, deixa a p\u00e1tria de suas convic\u00e7\u00f5es e de seus costumes, indo para lugares inexplorados. O mission\u00e1rio ama a reciprocidade: ensina e aprende, convencido de que todos t\u00eam algo a ensinar. Assim, o pesquisador, se n\u00e3o estiver disposto a sair e aprender, abrir\u00e1 m\u00e3o sabe-se l\u00e1 de que conhecimento maravilhoso, mutilando sua pr\u00f3pria intelig\u00eancia. \u00c9 muito triste encontrar intelectuais, homens e mulheres de grande intelig\u00eancia, mas com intelig\u00eancia mutilada&#8221;, concluiu o Pont\u00edfice.<\/p>\n<\/div>\n<\/div>\n","protected":false},"excerpt":{"rendered":"<p>O Papa com os participantes do Congresso da Organiza\u00e7\u00e3o de Universidades Cat\u00f3licas da Am\u00e9rica Latina e Caribe \u00a0 (Vatican Media) Francisco recebeu, no Vaticano, os membros da Organiza\u00e7\u00e3o de Universidades Cat\u00f3licas da Am\u00e9rica Latina e Caribe aos quais disse que &#8220;ser \u201ccat\u00f3lico\u201d significa ter uma vis\u00e3o panor\u00e2mica sobre o mist\u00e9rio de Cristo e do mundo, [&hellip;]<\/p>\n","protected":false},"author":1,"featured_media":81350,"comment_status":"open","ping_status":"closed","sticky":false,"template":"","format":"standard","meta":{"footnotes":""},"categories":[13,3],"tags":[],"class_list":["post-81349","post","type-post","status-publish","format-standard","has-post-thumbnail","hentry","category-featured","category-vaticano"],"_links":{"self":[{"href":"https:\/\/catolicanet.net\/wp-cnet\/wp-json\/wp\/v2\/posts\/81349","targetHints":{"allow":["GET"]}}],"collection":[{"href":"https:\/\/catolicanet.net\/wp-cnet\/wp-json\/wp\/v2\/posts"}],"about":[{"href":"https:\/\/catolicanet.net\/wp-cnet\/wp-json\/wp\/v2\/types\/post"}],"author":[{"embeddable":true,"href":"https:\/\/catolicanet.net\/wp-cnet\/wp-json\/wp\/v2\/users\/1"}],"replies":[{"embeddable":true,"href":"https:\/\/catolicanet.net\/wp-cnet\/wp-json\/wp\/v2\/comments?post=81349"}],"version-history":[{"count":1,"href":"https:\/\/catolicanet.net\/wp-cnet\/wp-json\/wp\/v2\/posts\/81349\/revisions"}],"predecessor-version":[{"id":81351,"href":"https:\/\/catolicanet.net\/wp-cnet\/wp-json\/wp\/v2\/posts\/81349\/revisions\/81351"}],"wp:featuredmedia":[{"embeddable":true,"href":"https:\/\/catolicanet.net\/wp-cnet\/wp-json\/wp\/v2\/media\/81350"}],"wp:attachment":[{"href":"https:\/\/catolicanet.net\/wp-cnet\/wp-json\/wp\/v2\/media?parent=81349"}],"wp:term":[{"taxonomy":"category","embeddable":true,"href":"https:\/\/catolicanet.net\/wp-cnet\/wp-json\/wp\/v2\/categories?post=81349"},{"taxonomy":"post_tag","embeddable":true,"href":"https:\/\/catolicanet.net\/wp-cnet\/wp-json\/wp\/v2\/tags?post=81349"}],"curies":[{"name":"wp","href":"https:\/\/api.w.org\/{rel}","templated":true}]}}