{"id":81338,"date":"2023-05-03T10:37:03","date_gmt":"2023-05-03T13:37:03","guid":{"rendered":"https:\/\/catolicanet.net\/wp-cnet\/?p=81338"},"modified":"2023-05-03T14:38:27","modified_gmt":"2023-05-03T17:38:27","slug":"brasileiros-participam-do-rosario-mundial-dos-homens","status":"publish","type":"post","link":"https:\/\/catolicanet.net\/wp-cnet\/brasileiros-participam-do-rosario-mundial-dos-homens\/","title":{"rendered":"Brasileiros participam do Ros\u00e1rio Mundial dos Homens"},"content":{"rendered":"<h2 class=\"subtitle\" style=\"text-align: justify;\">Devotos de 40 pa\u00edses participar\u00e3o desta iniciativa de f\u00e9; saiba como acompanhar<\/h2>\n<p style=\"text-align: justify;\">Est\u00e1 quase chegando: a terceira edi\u00e7\u00e3o do Ros\u00e1rio Mundial dos Homens ser\u00e1 realizada neste s\u00e1bado, dia 6 de maio de 2023. Devotos de 40 pa\u00edses participar\u00e3o da iniciativa.<\/p>\n<p style=\"text-align: justify;\">No Brasil, o evento central ser\u00e1 a ora\u00e7\u00e3o do ter\u00e7o no Santu\u00e1rio do Bom Jesus da Lapa, na cidade de Bom Jesus da Lapa, Bahia. A ora\u00e7\u00e3o come\u00e7a \u00e0s 14h, hor\u00e1rio de Bras\u00edlia, e ser\u00e1 transmitida ao vivo pelo canal do Youtube da\u00a0<a title=\"\" href=\"https:\/\/www.youtube.com\/user\/santuariolapa\/live\" target=\"_blank\" rel=\"noopener\">TV Bom Jesus<\/a>.<\/p>\n<p style=\"text-align: justify;\">O coordenador nacional do\u00a0<a title=\"O Ter\u00e7o dos Homens \u00e9 um exemplo de f\u00e9 e devo\u00e7\u00e3o\" href=\"https:\/\/pt.aleteia.org\/2022\/11\/15\/o-terco-dos-homens-e-um-exemplo-de-fe-e-devocao\/\" target=\"_self\" rel=\"noopener\">Ter\u00e7o dos Homens<\/a>, Glayson Lozer, convida todos os devotos do Ter\u00e7o a acompanhar a transmiss\u00e3o e rezar juntos. \u201cOs homens do Ter\u00e7o do mundo todo estar\u00e3o unidos, atrav\u00e9s dessa t\u00e3o poderosa ora\u00e7\u00e3o, pedindo a intercess\u00e3o da Sant\u00edssima Virgem Maria para que ela multiplique as gra\u00e7as nos cora\u00e7\u00f5es dos seus filhos. Que Nossa Senhora Aparecida interceda por todos os homens do Ter\u00e7o do Brasil neste dia especial\u201d, afirmou.<\/p>\n<div class=\"wp-block-aleteia-heading3\" style=\"text-align: justify;\">\n<h3>O Ros\u00e1rio Mundial dos Homens<\/h3>\n<\/div>\n<p style=\"text-align: justify;\">O Ros\u00e1rio Mundial dos Homens foi realizado pela primeira vez em 28 de mar\u00e7o de 2022. J\u00e1 a segunda edi\u00e7\u00e3o do evento internacional aconteceu no dia 8 de outubro do mesmo ano.<\/p>\n<p style=\"text-align: justify;\">Entre os pa\u00edses que confirmaram presen\u00e7a nesta terceira edi\u00e7\u00e3o est\u00e3o: Abu Dhabi, \u00c1frica do Sul, Argentina, \u00c1ustria, B\u00f3snia-Herzegovina, Brasil, Chile, Col\u00f4mbia, Costa Rica, Cro\u00e1cia, Cuba, Dinamarca, El Salvador, Emirados \u00c1rabes, Equador, Estados Unidos, Filipinas, Fran\u00e7a, Guatemala, Hungria, Indon\u00e9sia, Irlanda, It\u00e1lia, Litu\u00e2nia, M\u00e9xico, Pa\u00edses Baixos, Panam\u00e1, Paraguai, Peru, Pol\u00f4nia, Porto Rico, Reino Unido, Rep\u00fablica Dominicana, Su\u00e9cia, Ucr\u00e2nia, Venezuela e Z\u00e2mbia.<\/p>\n<p style=\"text-align: justify;\">O objetivo do Ros\u00e1rio Mundial dos Homens \u00e9 reunir devotos de todas as idades que desejem participar desta manifesta\u00e7\u00e3o p\u00fablica de F\u00e9 e de amor \u00e0 Nossa Senhora.<\/p>\n","protected":false},"excerpt":{"rendered":"<p>Devotos de 40 pa\u00edses participar\u00e3o desta iniciativa de f\u00e9; saiba como acompanhar Est\u00e1 quase chegando: a terceira edi\u00e7\u00e3o do Ros\u00e1rio Mundial dos Homens ser\u00e1 realizada neste s\u00e1bado, dia 6 de maio de 2023. Devotos de 40 pa\u00edses participar\u00e3o da iniciativa. No Brasil, o evento central ser\u00e1 a ora\u00e7\u00e3o do ter\u00e7o no Santu\u00e1rio do Bom Jesus [&hellip;]<\/p>\n","protected":false},"author":1,"featured_media":81339,"comment_status":"open","ping_status":"closed","sticky":false,"template":"","format":"standard","meta":{"footnotes":""},"categories":[4],"tags":[],"class_list":["post-81338","post","type-post","status-publish","format-standard","has-post-thumbnail","hentry","category-cotidiano"],"_links":{"self":[{"href":"https:\/\/catolicanet.net\/wp-cnet\/wp-json\/wp\/v2\/posts\/81338","targetHints":{"allow":["GET"]}}],"collection":[{"href":"https:\/\/catolicanet.net\/wp-cnet\/wp-json\/wp\/v2\/posts"}],"about":[{"href":"https:\/\/catolicanet.net\/wp-cnet\/wp-json\/wp\/v2\/types\/post"}],"author":[{"embeddable":true,"href":"https:\/\/catolicanet.net\/wp-cnet\/wp-json\/wp\/v2\/users\/1"}],"replies":[{"embeddable":true,"href":"https:\/\/catolicanet.net\/wp-cnet\/wp-json\/wp\/v2\/comments?post=81338"}],"version-history":[{"count":1,"href":"https:\/\/catolicanet.net\/wp-cnet\/wp-json\/wp\/v2\/posts\/81338\/revisions"}],"predecessor-version":[{"id":81340,"href":"https:\/\/catolicanet.net\/wp-cnet\/wp-json\/wp\/v2\/posts\/81338\/revisions\/81340"}],"wp:featuredmedia":[{"embeddable":true,"href":"https:\/\/catolicanet.net\/wp-cnet\/wp-json\/wp\/v2\/media\/81339"}],"wp:attachment":[{"href":"https:\/\/catolicanet.net\/wp-cnet\/wp-json\/wp\/v2\/media?parent=81338"}],"wp:term":[{"taxonomy":"category","embeddable":true,"href":"https:\/\/catolicanet.net\/wp-cnet\/wp-json\/wp\/v2\/categories?post=81338"},{"taxonomy":"post_tag","embeddable":true,"href":"https:\/\/catolicanet.net\/wp-cnet\/wp-json\/wp\/v2\/tags?post=81338"}],"curies":[{"name":"wp","href":"https:\/\/api.w.org\/{rel}","templated":true}]}}