{"id":81334,"date":"2023-05-03T10:32:48","date_gmt":"2023-05-03T13:32:48","guid":{"rendered":"https:\/\/catolicanet.net\/wp-cnet\/?p=81334"},"modified":"2023-05-03T14:36:42","modified_gmt":"2023-05-03T17:36:42","slug":"cris-desistiu-da-carreira-de-piloto-de-aviao-e-foi-para-o-convento-mas-deus-tinha-outros-planos-para-ela","status":"publish","type":"post","link":"https:\/\/catolicanet.net\/wp-cnet\/cris-desistiu-da-carreira-de-piloto-de-aviao-e-foi-para-o-convento-mas-deus-tinha-outros-planos-para-ela\/","title":{"rendered":"Cris desistiu da carreira de piloto de avi\u00e3o e foi para o convento, mas Deus tinha outros planos para ela"},"content":{"rendered":"<h2 class=\"subtitle\" style=\"text-align: justify;\">Uma hist\u00f3ria de busca pelos sonhos e pela descoberta da voca\u00e7\u00e3o<\/h2>\n<p style=\"text-align: justify;\">Crislane Costa Viana, a Cris, tem 30 anos de idade. Natural de Catura\u00ed, em Goi\u00e1s, come\u00e7ou muito jovem a ajudar os pais na lida na ro\u00e7a. E foi na zona rural que ela deu os primeiros passos na f\u00e9. De carro\u00e7a, percorria quil\u00f4metros e quil\u00f4metros para ir \u00e0 catequese e \u00e0s missas. Fez a Primeira Comunh\u00e3o e a Crisma, mas, como ela mesma diz, era \u201ccat\u00f3lica s\u00f3 de nome e Batismo\u201d.<\/p>\n<p style=\"text-align: justify;\">Desde crian\u00e7a, sonhava alto. Sonhos que a levaram a cursar a faculdade de Ci\u00eancias Aeron\u00e1uticas. Apesar das dificuldades financeiras, conseguiu concluir o curso que forma pilotos para atuar na avia\u00e7\u00e3o civil.<\/p>\n<p style=\"text-align: justify;\">As mesmas dificuldades financeiras impediram a rec\u00e9m-formada de fazer as horas de voo obrigat\u00f3rias para atuar na \u00e1rea da avia\u00e7\u00e3o civil. \u201cComo eu n\u00e3o conseguia o dinheiro e meus pais n\u00e3o tinham condi\u00e7\u00f5es de me bancar, comecei a pensar que n\u00e3o era aquilo que Deus queria para a minha vida e comecei a olhar outras possibilidades\u201d, explica Crislane.<\/p>\n<div class=\"block-image-copyrigth-wrap\" style=\"text-align: justify;\">\n<figure class=\"wp-block-image size-large\"><img loading=\"lazy\" decoding=\"async\" class=\"wp-image-495481\" src=\"https:\/\/wp.pt.aleteia.org\/wp-content\/uploads\/sites\/5\/2023\/05\/WhatsApp-Image-2023-05-01-at-175432.jpeg?w=1024\" sizes=\"auto, (max-width: 1200px) 100vw, 1200px\" srcset=\"https:\/\/wp.pt.aleteia.org\/wp-content\/uploads\/sites\/5\/2023\/05\/WhatsApp-Image-2023-05-01-at-175432.jpeg 1200w, https:\/\/wp.pt.aleteia.org\/wp-content\/uploads\/sites\/5\/2023\/05\/WhatsApp-Image-2023-05-01-at-175432.jpeg?resize=150,150 150w, https:\/\/wp.pt.aleteia.org\/wp-content\/uploads\/sites\/5\/2023\/05\/WhatsApp-Image-2023-05-01-at-175432.jpeg?resize=300,300 300w, https:\/\/wp.pt.aleteia.org\/wp-content\/uploads\/sites\/5\/2023\/05\/WhatsApp-Image-2023-05-01-at-175432.jpeg?resize=768,768 768w, https:\/\/wp.pt.aleteia.org\/wp-content\/uploads\/sites\/5\/2023\/05\/WhatsApp-Image-2023-05-01-at-175432.jpeg?resize=1024,1024 1024w, https:\/\/wp.pt.aleteia.org\/wp-content\/uploads\/sites\/5\/2023\/05\/WhatsApp-Image-2023-05-01-at-175432.jpeg?resize=95,95 95w, https:\/\/wp.pt.aleteia.org\/wp-content\/uploads\/sites\/5\/2023\/05\/WhatsApp-Image-2023-05-01-at-175432.jpeg?resize=360,360 360w, https:\/\/wp.pt.aleteia.org\/wp-content\/uploads\/sites\/5\/2023\/05\/WhatsApp-Image-2023-05-01-at-175432.jpeg?resize=400,400 400w, https:\/\/wp.pt.aleteia.org\/wp-content\/uploads\/sites\/5\/2023\/05\/WhatsApp-Image-2023-05-01-at-175432.jpeg?resize=115,115 115w, https:\/\/wp.pt.aleteia.org\/wp-content\/uploads\/sites\/5\/2023\/05\/WhatsApp-Image-2023-05-01-at-175432.jpeg?resize=620,620 620w, https:\/\/wp.pt.aleteia.org\/wp-content\/uploads\/sites\/5\/2023\/05\/WhatsApp-Image-2023-05-01-at-175432.jpeg?resize=50,50 50w, https:\/\/wp.pt.aleteia.org\/wp-content\/uploads\/sites\/5\/2023\/05\/WhatsApp-Image-2023-05-01-at-175432.jpeg?resize=75,75 75w, https:\/\/wp.pt.aleteia.org\/wp-content\/uploads\/sites\/5\/2023\/05\/WhatsApp-Image-2023-05-01-at-175432.jpeg?resize=192,192 192w, https:\/\/wp.pt.aleteia.org\/wp-content\/uploads\/sites\/5\/2023\/05\/WhatsApp-Image-2023-05-01-at-175432.jpeg?resize=1140,1140 1140w, https:\/\/wp.pt.aleteia.org\/wp-content\/uploads\/sites\/5\/2023\/05\/WhatsApp-Image-2023-05-01-at-175432.jpeg?resize=375,375 375w, https:\/\/wp.pt.aleteia.org\/wp-content\/uploads\/sites\/5\/2023\/05\/WhatsApp-Image-2023-05-01-at-175432.jpeg?resize=760,760 760w, https:\/\/wp.pt.aleteia.org\/wp-content\/uploads\/sites\/5\/2023\/05\/WhatsApp-Image-2023-05-01-at-175432.jpeg?resize=630,630 630w\" alt=\"Crislane pilotando um avi\u00e3o\" width=\"1200\" height=\"1200\" \/><figcaption class=\"wp-element-caption\">O primeiro sonho de Crislane: voar!<\/figcaption><\/figure>\n<div class=\"copyright-text\">Cortesia \/ Crislane Santos Viana<\/div>\n<\/div>\n<div class=\"wp-block-aleteia-heading3\" style=\"text-align: justify;\">\n<h3>Da faculdade para o convento<\/h3>\n<\/div>\n<p style=\"text-align: justify;\">Ainda na universidade, Crislane come\u00e7ou a fazer um acompanhamento vocacional. Foi quando ela se interessou pela vida religiosa. Um ano depois de formada, e com a licen\u00e7a de piloto particular em m\u00e3os, decidiu abandonar a carreira na avia\u00e7\u00e3o e entrar para o convento das<a title=\"\" href=\"https:\/\/www.franciscanasdadivinamisericordia.com\/\" target=\"_blank\" rel=\"noopener\">\u00a0Irm\u00e3s Franciscanas da Divina Miseric\u00f3rdia<\/a>, em Goi\u00e1s.<\/p>\n<p style=\"text-align: justify;\">Os pais dela n\u00e3o aceitavam a decis\u00e3o. \u201cEu disse para a minha m\u00e3e que n\u00e3o tinha certeza se eu queria ser freira, mas naquele momento eu tinha certeza que precisava experimentar e entender a inquieta\u00e7\u00e3o que eu tinha dentro de mim\u201d, revela Crislane.<\/p>\n<p style=\"text-align: justify;\">A jovem permaneceu no convento por tr\u00eas anos, at\u00e9 concluir o noviciado can\u00f4nico. \u201cAo final do terceiro ano, eu tive o discernimento que l\u00e1 n\u00e3o era o meu lugar. Se eu quisesse, eu viveria ali at\u00e9 morrer, mas n\u00e3o seria feliz. Ent\u00e3o, eu decidi sair\u201d, conta.<\/p>\n<p style=\"text-align: justify;\">E foi no convento que Crislane aprendeu a li\u00e7\u00e3o que ela leva para a vida: \u201cNo convento eu tive a experi\u00eancia da miseric\u00f3rdia. Eu aprendi, de fato, que Deus quer seus filhos perto Dele. N\u00f3s somos pecadores e, apesar das nossas quedas, Deus nos ama\u201d, resume.<\/p>\n<div class=\"block-image-copyrigth-wrap\" style=\"text-align: justify;\">\n<figure class=\"wp-block-image size-large\"><img loading=\"lazy\" decoding=\"async\" class=\"wp-image-495482\" src=\"https:\/\/wp.pt.aleteia.org\/wp-content\/uploads\/sites\/5\/2023\/05\/WhatsApp-Image-2023-05-01-at-175544.jpeg?w=1024\" sizes=\"auto, (max-width: 1200px) 100vw, 1200px\" srcset=\"https:\/\/wp.pt.aleteia.org\/wp-content\/uploads\/sites\/5\/2023\/05\/WhatsApp-Image-2023-05-01-at-175544.jpeg 1200w, https:\/\/wp.pt.aleteia.org\/wp-content\/uploads\/sites\/5\/2023\/05\/WhatsApp-Image-2023-05-01-at-175544.jpeg?resize=150,96 150w, https:\/\/wp.pt.aleteia.org\/wp-content\/uploads\/sites\/5\/2023\/05\/WhatsApp-Image-2023-05-01-at-175544.jpeg?resize=300,193 300w, https:\/\/wp.pt.aleteia.org\/wp-content\/uploads\/sites\/5\/2023\/05\/WhatsApp-Image-2023-05-01-at-175544.jpeg?resize=768,493 768w, https:\/\/wp.pt.aleteia.org\/wp-content\/uploads\/sites\/5\/2023\/05\/WhatsApp-Image-2023-05-01-at-175544.jpeg?resize=1024,658 1024w, https:\/\/wp.pt.aleteia.org\/wp-content\/uploads\/sites\/5\/2023\/05\/WhatsApp-Image-2023-05-01-at-175544.jpeg?resize=620,398 620w, https:\/\/wp.pt.aleteia.org\/wp-content\/uploads\/sites\/5\/2023\/05\/WhatsApp-Image-2023-05-01-at-175544.jpeg?resize=1140,732 1140w, https:\/\/wp.pt.aleteia.org\/wp-content\/uploads\/sites\/5\/2023\/05\/WhatsApp-Image-2023-05-01-at-175544.jpeg?resize=375,241 375w, https:\/\/wp.pt.aleteia.org\/wp-content\/uploads\/sites\/5\/2023\/05\/WhatsApp-Image-2023-05-01-at-175544.jpeg?resize=630,405 630w\" alt=\"Crislane Santos Viana no Convento\" width=\"1200\" height=\"771\" \/><figcaption class=\"wp-element-caption\">No convento, Crislane aprendeu que \u201cDeus quer seus filhos perto Dele\u201d.<\/figcaption><\/figure>\n<div class=\"copyright-text\">Cortesia \/ Crislane Santos Viana<\/div>\n<\/div>\n<div class=\"wp-block-aleteia-heading3\" style=\"text-align: justify;\">\n<h3>Ter\u00e7o para noivas<\/h3>\n<\/div>\n<p style=\"text-align: justify;\">Depois de abandonar uma carreira na avia\u00e7\u00e3o e deixar o convento, Cris se sentiu perdida no mundo. \u201cE agora, o que vou fazer?\u201d, pensava.<\/p>\n<p style=\"text-align: justify;\">Mas a Provid\u00eancia foi mostrando os caminhos, e ela come\u00e7ou a fazer de tudo um pouco para sobreviver: trabalhou como feirante, ajudou em um restaurante, foi motorista de aplicativo e come\u00e7ou a vender ter\u00e7os feitos de forma artesanal e personalizada para noivas.<\/p>\n<figure class=\"wp-block-embed is-type-rich is-provider-instagram wp-block-embed-instagram\" data-original=\"false\">\n<div class=\"wp-block-embed__wrapper\" style=\"text-align: justify;\"><iframe id=\"instagram-embed-0\" class=\"instagram-media css-1nvz6g instagram-media-rendered\" src=\"https:\/\/www.instagram.com\/p\/CQgoanRnzPF\/embed\/?cr=1&amp;v=14&amp;wp=617&amp;rd=https%3A%2F%2Fpt.aleteia.org&amp;rp=%2F2023%2F05%2F03%2Fcris-desistiu-da-carreira-de-piloto-de-aviao-e-foi-para-o-convento-mas-deus-tinha-outros-planos-para-ela%2F#%7B%22ci%22%3A0%2C%22os%22%3A131608%7D\" height=\"979\" frameborder=\"0\" scrolling=\"no\" allowfullscreen=\"allowfullscreen\" data-instgrm-payload-id=\"instagram-media-payload-0\" data-mce-fragment=\"1\"><\/iframe>&nbsp;<\/p>\n<\/div>\n<p style=\"text-align: justify;\">Ela vendia os ter\u00e7os atrav\u00e9s da internet e nas comunidades religiosas que conhecia. O trabalho manual rendeu frutos, e a comercializa\u00e7\u00e3o dos tercinhos, durante um bom tempo, pagou as contas da jovem e possibilitou que ela fizesse outra faculdade: a de pedagogia.<\/p>\n<p style=\"text-align: justify;\">Ainda rec\u00e9m-formada, Cris passou em um concurso p\u00fablico e hoje d\u00e1 aulas para crian\u00e7as do ensino infantil em uma escola de An\u00e1polis, GO.<\/p>\n<div class=\"block-image-copyrigth-wrap\" style=\"text-align: justify;\">\n<figure class=\"wp-block-image size-large\"><img loading=\"lazy\" decoding=\"async\" class=\"wp-image-495485\" src=\"https:\/\/wp.pt.aleteia.org\/wp-content\/uploads\/sites\/5\/2023\/05\/WhatsApp-Image-2023-05-01-at-180009.jpeg?w=1024\" sizes=\"auto, (max-width: 1200px) 100vw, 1200px\" srcset=\"https:\/\/wp.pt.aleteia.org\/wp-content\/uploads\/sites\/5\/2023\/05\/WhatsApp-Image-2023-05-01-at-180009.jpeg 1200w, https:\/\/wp.pt.aleteia.org\/wp-content\/uploads\/sites\/5\/2023\/05\/WhatsApp-Image-2023-05-01-at-180009.jpeg?resize=150,200 150w, https:\/\/wp.pt.aleteia.org\/wp-content\/uploads\/sites\/5\/2023\/05\/WhatsApp-Image-2023-05-01-at-180009.jpeg?resize=300,400 300w, https:\/\/wp.pt.aleteia.org\/wp-content\/uploads\/sites\/5\/2023\/05\/WhatsApp-Image-2023-05-01-at-180009.jpeg?resize=768,1024 768w, https:\/\/wp.pt.aleteia.org\/wp-content\/uploads\/sites\/5\/2023\/05\/WhatsApp-Image-2023-05-01-at-180009.jpeg?resize=1024,1365 1024w, https:\/\/wp.pt.aleteia.org\/wp-content\/uploads\/sites\/5\/2023\/05\/WhatsApp-Image-2023-05-01-at-180009.jpeg?resize=1152,1536 1152w, https:\/\/wp.pt.aleteia.org\/wp-content\/uploads\/sites\/5\/2023\/05\/WhatsApp-Image-2023-05-01-at-180009.jpeg?resize=620,827 620w, https:\/\/wp.pt.aleteia.org\/wp-content\/uploads\/sites\/5\/2023\/05\/WhatsApp-Image-2023-05-01-at-180009.jpeg?resize=1140,1520 1140w, https:\/\/wp.pt.aleteia.org\/wp-content\/uploads\/sites\/5\/2023\/05\/WhatsApp-Image-2023-05-01-at-180009.jpeg?resize=375,500 375w, https:\/\/wp.pt.aleteia.org\/wp-content\/uploads\/sites\/5\/2023\/05\/WhatsApp-Image-2023-05-01-at-180009.jpeg?resize=570,760 570w, https:\/\/wp.pt.aleteia.org\/wp-content\/uploads\/sites\/5\/2023\/05\/WhatsApp-Image-2023-05-01-at-180009.jpeg?resize=630,840 630w\" alt=\"Crislane dos Santos como professora\" width=\"1200\" height=\"1600\" \/><figcaption class=\"wp-element-caption\">A professora \u201cTia Cris\u201d.<\/figcaption><\/figure>\n<div class=\"copyright-text\">Cortesia \/ Crislane Costa Viana<\/div>\n<\/div>\n<div class=\"wp-block-aleteia-heading3\" style=\"text-align: justify;\">\n<h3>O \u201cimprov\u00e1vel\u201d aconteceu<\/h3>\n<\/div>\n<p style=\"text-align: justify;\">Antes disso, por\u00e9m, o que Crislane achava improv\u00e1vel aconteceu.<\/p>\n<p style=\"text-align: justify;\">Certo dia, ela recebeu o convite para acompanhar uma amiga em um forr\u00f3, um tipo de baile que ela nunca tinha frequentado. Foi l\u00e1 que ela conheceu Rodrigo, que tamb\u00e9m nunca tinha ido a um evento como aquele. Eles come\u00e7aram a namorar e logo se casaram.<\/p>\n<p style=\"text-align: justify;\">\u201cConhecer o Rodrigo, meu marido, foi algo de Deus, pois, para mim, casar era algo improv\u00e1vel naquele momento\u201d, confessa.<\/p>\n<figure class=\"wp-block-embed is-type-rich is-provider-instagram wp-block-embed-instagram\" data-original=\"false\">\n<div class=\"wp-block-embed__wrapper\" style=\"text-align: justify;\"><iframe id=\"instagram-embed-1\" class=\"instagram-media css-1nvz6g instagram-media-rendered\" src=\"https:\/\/www.instagram.com\/p\/CWyft3nuwlu\/embed\/?cr=1&amp;v=14&amp;wp=617&amp;rd=https%3A%2F%2Fpt.aleteia.org&amp;rp=%2F2023%2F05%2F03%2Fcris-desistiu-da-carreira-de-piloto-de-aviao-e-foi-para-o-convento-mas-deus-tinha-outros-planos-para-ela%2F#%7B%22ci%22%3A1%2C%22os%22%3A131613.6000000001%7D\" height=\"979\" frameborder=\"0\" scrolling=\"no\" allowfullscreen=\"allowfullscreen\" data-instgrm-payload-id=\"instagram-media-payload-1\" data-mce-fragment=\"1\"><\/iframe>&nbsp;<\/p>\n<\/div>\n<div class=\"wp-block-aleteia-heading3\" style=\"text-align: justify;\">\n<h3>Maternidade<\/h3>\n<\/div>\n<p style=\"text-align: justify;\">Quando conversou com a\u00a0<em>Aleteia<\/em>, Cris estava gr\u00e1vida de nove meses, aguardando a chegada de \u00cdsis, a sua primeira filha. Sentada no quartinho da beb\u00ea prestes a chegar e debaixo de um quadro de Nossa Senhora do Perp\u00e9tuo Socorro, a professora, que j\u00e1 trabalhou na ro\u00e7a, formou-se em Ci\u00eancias Aeron\u00e1uticas e passou tr\u00eas anos no convento, conclui: \u201cNo plano pessoal, a minha voca\u00e7\u00e3o \u00e9 a fam\u00edlia, pois aonde quer que eu estiver, o meu objetivo hoje \u00e9 ser a melhor m\u00e3e e a melhor esposa, conforme a permiss\u00e3o de Deus\u201d.<\/p>\n<p style=\"text-align: justify;\">Cris acrescenta: \u201cSou limitada, sim, mas Deus n\u00e3o \u00e9. E sei que Ele me dar\u00e1 todas as gra\u00e7as que eu precisar para cumprir essa miss\u00e3o.<\/p>\n<figure class=\"wp-block-embed is-type-rich is-provider-instagram wp-block-embed-instagram\" data-original=\"false\">\n<div class=\"wp-block-embed__wrapper\" style=\"text-align: justify;\"><iframe id=\"instagram-embed-2\" class=\"instagram-media css-1nvz6g instagram-media-rendered\" src=\"https:\/\/www.instagram.com\/p\/Crjnk42uXo8\/embed\/?cr=1&amp;v=14&amp;wp=617&amp;rd=https%3A%2F%2Fpt.aleteia.org&amp;rp=%2F2023%2F05%2F03%2Fcris-desistiu-da-carreira-de-piloto-de-aviao-e-foi-para-o-convento-mas-deus-tinha-outros-planos-para-ela%2F#%7B%22ci%22%3A2%2C%22os%22%3A131628.30000000005%7D\" height=\"825\" frameborder=\"0\" scrolling=\"no\" allowfullscreen=\"allowfullscreen\" data-instgrm-payload-id=\"instagram-media-payload-2\" data-mce-fragment=\"1\"><\/iframe>&nbsp;<\/p>\n<\/div>\n<div class=\"wp-block-aleteia-heading3\" style=\"text-align: justify;\">\n<h3>Voca\u00e7\u00e3o: f\u00e9 e docilidade<\/h3>\n<\/div>\n<p style=\"text-align: justify;\">A professora confessa que o discernimento vocacional pode n\u00e3o ser f\u00e1cil para muitas pessoas, como n\u00e3o foi para ela: \u201cAs minhas decis\u00f5es tiveram, sim, sofrimento. Desistir, para mim, era sin\u00f4nimo de fracasso, um sentimento de que nada dava certo na vida. Acredito que muitas pessoas que ainda n\u00e3o descobriram a voca\u00e7\u00e3o se sentem como eu me senti\u201d.<\/p>\n<p style=\"text-align: justify;\">E, para essas pessoas, Crislane tem um conselho: \u201cA palavra-chave \u00e9 a docilidade, \u00e9 a gente se deixar conduzir. Precisamos ter a mente e o cora\u00e7\u00e3o abertos para a inspira\u00e7\u00e3o divina. Ent\u00e3o, para as pessoas que se sentem frustradas e incapazes por n\u00e3o conseguir algo com que sonhou, eu diria que elas tenham a mente e o cora\u00e7\u00e3o abertos para que Deus conduza, pois ele conduz. Tendo a coragem de seguir essas inspira\u00e7\u00f5es, a gente consegue achar o caminho. Voca\u00e7\u00e3o \u00e9 isso: Deus fala, a gente escuta e segue a dire\u00e7\u00e3o que ele sugere\u201d.<\/p>\n<\/figure>\n<\/figure>\n<\/figure>\n","protected":false},"excerpt":{"rendered":"<p>Uma hist\u00f3ria de busca pelos sonhos e pela descoberta da voca\u00e7\u00e3o Crislane Costa Viana, a Cris, tem 30 anos de idade. Natural de Catura\u00ed, em Goi\u00e1s, come\u00e7ou muito jovem a ajudar os pais na lida na ro\u00e7a. E foi na zona rural que ela deu os primeiros passos na f\u00e9. De carro\u00e7a, percorria quil\u00f4metros e [&hellip;]<\/p>\n","protected":false},"author":1,"featured_media":81335,"comment_status":"open","ping_status":"closed","sticky":false,"template":"","format":"standard","meta":{"footnotes":""},"categories":[4],"tags":[],"class_list":["post-81334","post","type-post","status-publish","format-standard","has-post-thumbnail","hentry","category-cotidiano"],"_links":{"self":[{"href":"https:\/\/catolicanet.net\/wp-cnet\/wp-json\/wp\/v2\/posts\/81334","targetHints":{"allow":["GET"]}}],"collection":[{"href":"https:\/\/catolicanet.net\/wp-cnet\/wp-json\/wp\/v2\/posts"}],"about":[{"href":"https:\/\/catolicanet.net\/wp-cnet\/wp-json\/wp\/v2\/types\/post"}],"author":[{"embeddable":true,"href":"https:\/\/catolicanet.net\/wp-cnet\/wp-json\/wp\/v2\/users\/1"}],"replies":[{"embeddable":true,"href":"https:\/\/catolicanet.net\/wp-cnet\/wp-json\/wp\/v2\/comments?post=81334"}],"version-history":[{"count":1,"href":"https:\/\/catolicanet.net\/wp-cnet\/wp-json\/wp\/v2\/posts\/81334\/revisions"}],"predecessor-version":[{"id":81336,"href":"https:\/\/catolicanet.net\/wp-cnet\/wp-json\/wp\/v2\/posts\/81334\/revisions\/81336"}],"wp:featuredmedia":[{"embeddable":true,"href":"https:\/\/catolicanet.net\/wp-cnet\/wp-json\/wp\/v2\/media\/81335"}],"wp:attachment":[{"href":"https:\/\/catolicanet.net\/wp-cnet\/wp-json\/wp\/v2\/media?parent=81334"}],"wp:term":[{"taxonomy":"category","embeddable":true,"href":"https:\/\/catolicanet.net\/wp-cnet\/wp-json\/wp\/v2\/categories?post=81334"},{"taxonomy":"post_tag","embeddable":true,"href":"https:\/\/catolicanet.net\/wp-cnet\/wp-json\/wp\/v2\/tags?post=81334"}],"curies":[{"name":"wp","href":"https:\/\/api.w.org\/{rel}","templated":true}]}}