{"id":81330,"date":"2023-05-03T10:31:07","date_gmt":"2023-05-03T13:31:07","guid":{"rendered":"https:\/\/catolicanet.net\/wp-cnet\/?p=81330"},"modified":"2023-05-03T14:32:28","modified_gmt":"2023-05-03T17:32:28","slug":"o-que-os-santos-faziam-quando-tudo-dava-errado-na-vida-deles","status":"publish","type":"post","link":"https:\/\/catolicanet.net\/wp-cnet\/o-que-os-santos-faziam-quando-tudo-dava-errado-na-vida-deles\/","title":{"rendered":"O que os santos faziam quando tudo dava errado na vida deles?"},"content":{"rendered":"<h2 class=\"subtitle\" style=\"text-align: justify;\">Todos os santos, at\u00e9 certo ponto, experimentaram grandes adversidades. O que eles faziam nessas situa\u00e7\u00f5es? O que n\u00f3s podemos fazer?<\/h2>\n<p style=\"text-align: justify;\">Avida n\u00e3o \u00e9 f\u00e1cil para nenhum de n\u00f3s.\u00a0Todos temos em comum o sofrimento, a afli\u00e7\u00e3o, as tristezas e as dificuldades.\u00a0Mas tamb\u00e9m temos muitas coisas boas em comum: esperan\u00e7a, f\u00e9, for\u00e7a, alegria, nossa fam\u00edlia.<\/p>\n<p style=\"text-align: justify;\">Minha esposa costuma dizer que \u201ca vida \u00e9 como uma salada, tem de tudo\u201d.<\/p>\n<p style=\"text-align: justify;\">N\u00e3o pense que escrevendo esses artigos para\u00a0<em>a Aleteia<\/em>\u00a0eu tenho mais facilidades na vida do que voc\u00ea.\u00a0Pelo contr\u00e1rio, enfrento grandes dificuldades, assim como voc\u00ea e a maioria das pessoas.<\/p>\n<p style=\"text-align: justify;\">A busca por Deus n\u00e3o nos isenta de passar por momentos dif\u00edceis.\u00a0Seguimos o Filho de Deus, que crucificado, ent\u00e3o n\u00e3o espere ser tratado melhor que Ele.<\/p>\n<div class=\"wp-block-aleteia-heading3\" style=\"text-align: justify;\">\n<h3>Sempre haver\u00e1 dificuldades<\/h3>\n<\/div>\n<p style=\"text-align: justify;\">Dificuldades e momentos dif\u00edceis nunca faltar\u00e3o. \u00c9 preciso encar\u00e1-los, pois assim \u00e9 a vida. \u00c9 preciso aceitar, mas tamb\u00e9m lutar, confiar, perseverar, orar e levantar-se toda vez que voc\u00ea cair.<\/p>\n<p style=\"text-align: justify;\">Se voc\u00ea \u00e9 como eu, apaixonado pelas biografias dos grandes santos\u00a0de nossa Igreja e l\u00ea seus livros e testemunhos, descobrir\u00e1 neles fortes mal-entendidos, mesmo dentro da Igreja, como aconteceu com Padre Pio, que sofreu falsas acusa\u00e7\u00f5es.<\/p>\n<p style=\"text-align: justify;\">Todos os santos, at\u00e9 certo ponto, experimentaram grandes adversidades. O que eles faziam para super\u00e1-las?<\/p>\n<ol style=\"text-align: justify;\">\n<li>Eles eram humildes.\u00a0Eu teria sa\u00eddo exclamando: \u201c\u00c9 uma injusti\u00e7a\u201d.\u00a0E voc\u00ea?\u00a0O que voc\u00ea teria feito?;<\/li>\n<li>Demonstravam obedi\u00eancia e fidelidade \u00e0 Igreja;<\/li>\n<li>Eles nunca paravam de orar.<\/li>\n<\/ol>\n<div class=\"wp-block-aleteia-heading3\" style=\"text-align: justify;\">\n<h3>Algu\u00e9m pode te ajudar<\/h3>\n<\/div>\n<p style=\"text-align: justify;\">Tem dias que\u00a0tudo d\u00e1 errado.\u00a0\u201cCom voc\u00ea tamb\u00e9m,\u00a0Cl\u00e1udio?\u201d, me perguntam.\u00a0\u201cSim\u201d, respondo honestamente.<\/p>\n<p style=\"text-align: justify;\">Sinceramente,\u00a0\u00e0s vezes n\u00e3o sei como reagir diante das dificuldades da vida.\u00a0No entanto, sei quem pode me ajudar.<\/p>\n<p style=\"text-align: justify;\">No meu caso, costumo ir ao\u00a0Tabern\u00e1culo\u00a0e reclamar com Jesus.\u00a0\u201cOlha, Senhor, eu n\u00e3o sei como resolver isso, mas Tu sabes.\u00a0Ajuda-me por favor\u201d, pe\u00e7o.<\/p>\n<p style=\"text-align: justify;\">E sempre acontece a mesma coisa: a solu\u00e7\u00e3o chega da forma mais inesperada.\u00a0A resposta geralmente n\u00e3o \u00e9 de ontem para hoje.\u00a0\u00c0s vezes leva tempo.\u00a0\u00c9 normal.\u00a0Deus testa a nossa f\u00e9.<\/p>\n<div class=\"wp-block-aleteia-heading3\" style=\"text-align: justify;\">\n<h3>Ore, confie e nunca perca a esperan\u00e7a<\/h3>\n<\/div>\n<p style=\"text-align: justify;\">Acabei de passar por uma situa\u00e7\u00e3o dif\u00edcil e tive que esperar quase dois meses de muitos esfor\u00e7os e tentativas frustradas de resolv\u00ea-la.\u00a0E\u00a0n\u00e3o foi com a minha for\u00e7a nem com o meu intelecto que consegui avan\u00e7ar, mas pela m\u00e3o de Deus.<\/p>\n<p style=\"text-align: justify;\">Vou lhe dizer a verdade: em mais de uma ocasi\u00e3o eu quis ficar chateado.\u00a0Mas superei e elevei uma ora\u00e7\u00e3o ao c\u00e9u: \u201cFa\u00e7a-me humilde, Senhor\u201d.\u00a0\u00a0E abandonei-me nas m\u00e3os amorosas e paternas de Deus.<\/p>\n<p style=\"text-align: justify;\">E voc\u00ea? Est\u00e1 passando por alguma dificuldade? Alegre-se!\u00a0Tudo ficar\u00e1 bem.\u00a0Com Deus no meio, fazendo parte de nossas vidas, tudo dar\u00e1 certo.<\/p>\n<figure class=\"wp-block-embed is-type-video is-provider-dailymotion wp-block-embed-dailymotion\" data-original=\"false\">\n<div class=\"wp-block-embed__wrapper\"><span class=\"css-ubwxwi\"><iframe loading=\"lazy\" id=\"dailymotion_embedded_x8gx8cz_1\" title=\"Dailymotion video player\" src=\"https:\/\/www.dailymotion.com\/embed\/video\/x8gx8cz?api=postMessage&amp;autoplay=false&amp;id=dailymotion_embedded_x8gx8cz_1&amp;origin=https%3A%2F%2Fpt.aleteia.org&amp;pubtool=jssdk\" width=\"100%\" height=\"100%\" frameborder=\"0\" allowfullscreen=\"allowfullscreen\" data-mce-fragment=\"1\"><\/iframe><\/span><\/div>\n<\/figure>\n","protected":false},"excerpt":{"rendered":"<p>Todos os santos, at\u00e9 certo ponto, experimentaram grandes adversidades. O que eles faziam nessas situa\u00e7\u00f5es? O que n\u00f3s podemos fazer? Avida n\u00e3o \u00e9 f\u00e1cil para nenhum de n\u00f3s.\u00a0Todos temos em comum o sofrimento, a afli\u00e7\u00e3o, as tristezas e as dificuldades.\u00a0Mas tamb\u00e9m temos muitas coisas boas em comum: esperan\u00e7a, f\u00e9, for\u00e7a, alegria, nossa fam\u00edlia. Minha esposa [&hellip;]<\/p>\n","protected":false},"author":1,"featured_media":81331,"comment_status":"open","ping_status":"closed","sticky":false,"template":"","format":"standard","meta":{"footnotes":""},"categories":[4,13],"tags":[],"class_list":["post-81330","post","type-post","status-publish","format-standard","has-post-thumbnail","hentry","category-cotidiano","category-featured"],"_links":{"self":[{"href":"https:\/\/catolicanet.net\/wp-cnet\/wp-json\/wp\/v2\/posts\/81330","targetHints":{"allow":["GET"]}}],"collection":[{"href":"https:\/\/catolicanet.net\/wp-cnet\/wp-json\/wp\/v2\/posts"}],"about":[{"href":"https:\/\/catolicanet.net\/wp-cnet\/wp-json\/wp\/v2\/types\/post"}],"author":[{"embeddable":true,"href":"https:\/\/catolicanet.net\/wp-cnet\/wp-json\/wp\/v2\/users\/1"}],"replies":[{"embeddable":true,"href":"https:\/\/catolicanet.net\/wp-cnet\/wp-json\/wp\/v2\/comments?post=81330"}],"version-history":[{"count":1,"href":"https:\/\/catolicanet.net\/wp-cnet\/wp-json\/wp\/v2\/posts\/81330\/revisions"}],"predecessor-version":[{"id":81332,"href":"https:\/\/catolicanet.net\/wp-cnet\/wp-json\/wp\/v2\/posts\/81330\/revisions\/81332"}],"wp:featuredmedia":[{"embeddable":true,"href":"https:\/\/catolicanet.net\/wp-cnet\/wp-json\/wp\/v2\/media\/81331"}],"wp:attachment":[{"href":"https:\/\/catolicanet.net\/wp-cnet\/wp-json\/wp\/v2\/media?parent=81330"}],"wp:term":[{"taxonomy":"category","embeddable":true,"href":"https:\/\/catolicanet.net\/wp-cnet\/wp-json\/wp\/v2\/categories?post=81330"},{"taxonomy":"post_tag","embeddable":true,"href":"https:\/\/catolicanet.net\/wp-cnet\/wp-json\/wp\/v2\/tags?post=81330"}],"curies":[{"name":"wp","href":"https:\/\/api.w.org\/{rel}","templated":true}]}}