{"id":81298,"date":"2023-05-03T09:17:20","date_gmt":"2023-05-03T12:17:20","guid":{"rendered":"https:\/\/catolicanet.net\/wp-cnet\/?p=81298"},"modified":"2023-05-03T13:19:39","modified_gmt":"2023-05-03T16:19:39","slug":"o-papa-ao-povo-hungaro-conservar-o-vinculo-com-as-suas-raizes-e-construir-pontes","status":"publish","type":"post","link":"https:\/\/catolicanet.net\/wp-cnet\/o-papa-ao-povo-hungaro-conservar-o-vinculo-com-as-suas-raizes-e-construir-pontes\/","title":{"rendered":"O Papa ao povo h\u00fangaro: conservar o v\u00ednculo com as suas ra\u00edzes e construir pontes"},"content":{"rendered":"<div class=\"article__subTitle\" style=\"text-align: justify;\">O Papa Francisco dedica a catequese da audi\u00eancia desta quarta-feira \u00e0 sua visita a Budapeste, que terminou no dia 30 de abril. Renovou a gratid\u00e3o a quem o acolheu e disse dos h\u00fangaros que s\u00e3o corajosos e ricos de mem\u00f3ria. Exortou-os a permanecerem fi\u00e9is ao seu passado de f\u00e9 testemunhado por tantos santos e sublinhou o seu compromisso no acolhimento dos refugiados da vizinha Ucr\u00e2nia e no cuidado do ambiente.<\/div>\n<div class=\"title__separator\" style=\"text-align: justify;\"><\/div>\n<div class=\"article__text\">\n<p style=\"text-align: justify;\"><b>Mariangela Jaguraba &#8211; Vatican News<\/b><\/p>\n<p style=\"text-align: justify;\">A viagem do Papa Francisco \u00e0 Hungria foi o tema da catequese do Santo Padre, nesta quarta-feira (03\/05), realizada na Pra\u00e7a S\u00e3o Pedro.<\/p>\n<p style=\"text-align: justify;\">&#8220;H\u00e1 tr\u00eas dias regressei da viagem \u00e0 Hungria&#8221;, recordou Francisco, agradecendo, a seguir, &#8220;a todos aqueles que prepararam e acompanharam esta visita com a ora\u00e7\u00e3o&#8221;. O Santo Padre agradeceu &#8220;\u00e0s autoridades, \u00e0 Igreja local e ao povo h\u00fangaro, um povo corajoso e rico de mem\u00f3ria&#8221;.<\/p>\n<div style=\"text-align: justify;\">\n<div class=\"article__embed article__embed--unwrap article__embed--dark\">\n<div class=\"article__innerTitle\">Ou\u00e7a e compartilhe<\/div>\n<div>\n<!--[if lt IE 9]><script>document.createElement('audio');<\/script><![endif]-->\n<audio class=\"wp-audio-shortcode\" id=\"audio-81298-1\" preload=\"none\" style=\"width: 100%;\" controls=\"controls\"><source type=\"audio\/mpeg\" src=\"https:\/\/media.vaticannews.va\/media\/audio\/s1\/2023\/05\/03\/11\/137049297_F137049297.mp3?_=1\" \/><a href=\"https:\/\/media.vaticannews.va\/media\/audio\/s1\/2023\/05\/03\/11\/137049297_F137049297.mp3\">https:\/\/media.vaticannews.va\/media\/audio\/s1\/2023\/05\/03\/11\/137049297_F137049297.mp3<\/a><\/audio>\n<\/div>\n<\/div>\n<\/div>\n<p style=\"text-align: justify;\">&#8220;Durante a minha perman\u00eancia em Budapeste pude sentir o afeto de todos os h\u00fangaros&#8221;, disse ainda o Papa, falando &#8220;desta visita atrav\u00e9s de duas imagens:\u00a0<b>as ra\u00edzes e as pontes<\/b>&#8220;.<\/p>\n<p style=\"text-align: justify;\">Segundo S\u00e3o Jo\u00e3o Paulo II, a hist\u00f3ria do povo h\u00fangaro foi marcada por \u00abmuitos santos e her\u00f3is, circundados por multid\u00f5es de pessoas humildes e diligentes\u00bb.<\/p>\n<h2 style=\"text-align: justify;\">As ra\u00edzes crist\u00e3s do povo h\u00fangaro foram colocadas \u00e0 prova<\/h2>\n<p style=\"text-align: justify;\">&#8220;\u00c9 realmente verdade: vi tantas pessoas humildes e diligentes conservar com orgulho o v\u00ednculo com as suas ra\u00edzes. Entre estas ra\u00edzes est\u00e3o sobretudo os santos. Os santos nos recordam que Cristo \u00e9 o nosso futuro. Contudo, as s\u00f3lidas ra\u00edzes crist\u00e3s do povo h\u00fangaro foram colocadas \u00e0 prova&#8221;, disse ainda o Papa, recordando que &#8220;durante a persegui\u00e7\u00e3o ateia do s\u00e9culo XX, os crist\u00e3os foram atingidos violentamente, com bispos, sacerdotes, religiosos e leigos assassinados ou privados da liberdade&#8221;.<\/p>\n<div style=\"text-align: justify;\">\n<div class=\"article__embed article__embed--border embed_style\">\n<blockquote><p>\u201cMas, enquanto se procurava cortar a \u00e1rvore da f\u00e9, as ra\u00edzes permaneceram intactas: foi uma Igreja escondida, mas viva, forte com a for\u00e7a do Evangelho.\u201d<\/p><\/blockquote>\n<\/div>\n<\/div>\n<p style=\"text-align: justify;\"><i>Na Hungria, esta \u00faltima persegui\u00e7\u00e3o, a opress\u00e3o comunista foi precedida pela opress\u00e3o nazista, com a tr\u00e1gica deporta\u00e7\u00e3o de uma grande popula\u00e7\u00e3o judaica. Mas nesse genoc\u00eddio atroz, muitos se distinguiram pela resist\u00eancia e capacidade de proteger as v\u00edtimas, e isto foi poss\u00edvel porque as ra\u00edzes da conviv\u00eancia eram firmes. N\u00f3s em Roma temos uma grande poetisa h\u00fangara que viveu todas essas prova\u00e7\u00f5es e conta aos jovens a necessidade de lutar por um ideal para n\u00e3o ser vencidos pelas persegui\u00e7\u00f5es, pelo des\u00e2nimo. Esta poetisa, hoje, completa 92 anos. Parab\u00e9ns, Edith!<\/i><\/p>\n<p style=\"text-align: justify;\">O Papa referiu-se a Edith Bruck escritora, poetisa, sobrevivente do campo de exterm\u00ednio de Auschwitz, durante a persegui\u00e7\u00e3o nazista.<\/p>\n<h2 style=\"text-align: justify;\">A persegui\u00e7\u00e3o perigosa levada adiante pelo consumismo<\/h2>\n<p style=\"text-align: justify;\">&#8220;<b>Ainda hoje a liberdade est\u00e1 amea\u00e7ada<\/b>, como sobressaiu nos encontros com os jovens e com o mundo da cultura. Como? Sobretudo com as luvas brancas, com um consumismo que anestesia, com as pessoas se contentam com um pouco de bem-estar material e, esquecendo o passado, \u201cflutuam\u201d num presente feito \u00e0 medida do indiv\u00edduo&#8221;, disse o Papa. &#8220;<b>Esta \u00e9 a persegui\u00e7\u00e3o perigosa da mundanidade levada adiante pelo consumismo<\/b>. Mas quando a \u00fanica coisa que conta \u00e9 pensar em si mesmo e fazer o que bem entender, as ra\u00edzes sufocam&#8221;, sublinhou.<\/p>\n<p style=\"text-align: justify;\">Segundo o Pont\u00edfice, este \u00e9 &#8220;um problema que diz respeito \u00e0 Europa inteira, onde est\u00e3o em crise o dedicar-se ao pr\u00f3ximo, o sentir-se comunidade, a beleza de sonhar em conjunto e de criar fam\u00edlias numerosas. A Europa inteira est\u00e1 em crise. Ent\u00e3o, reflitamos sobre a import\u00e2ncia de preservar as ra\u00edzes&#8221;.<\/p>\n<h2 style=\"text-align: justify;\">A Europa \u00e9 chamada a ser\u00a0\u201cponte de paz\u201d<\/h2>\n<p style=\"text-align: justify;\">Depois das ra\u00edzes, o Papa refletiu sobre a segunda imagem:\u00a0<b>as pontes<\/b>. &#8220;Nascida h\u00e1 150 anos da uni\u00e3o de tr\u00eas cidades, Budapeste \u00e9 c\u00e9lebre pelas pontes que a atravessam e unem as suas partes. Isto evocou, especialmente nos encontros com as autoridades, a import\u00e2ncia de construir pontes de paz entre diferentes povos&#8221;, disse ele.<\/p>\n<div style=\"text-align: justify;\">\n<div class=\"article__embed article__embed--border embed_style\">\n<blockquote><p>\u201cEsta \u00e9, em particular, a voca\u00e7\u00e3o da Europa, chamada como \u201cponte de paz\u201d a incluir as diferen\u00e7as e a acolher quantos batem \u00e0s suas portas. Neste sentido, \u00e9 bela a ponte humanit\u00e1ria criada para tantos refugiados da vizinha Ucr\u00e2nia, que pude encontrar, admirando tamb\u00e9m a grande rede de caridade da Igreja h\u00fangara.\u201d<\/p><\/blockquote>\n<\/div>\n<\/div>\n<p style=\"text-align: justify;\">Francisco recordou que a Hungria est\u00e1 comprometida &#8220;na constru\u00e7\u00e3o de \u201cpontes para o amanh\u00e3\u201d: \u00e9 grande a sua aten\u00e7\u00e3o ao cuidado ecol\u00f3gico, e isso \u00e9 algo muito bonito na Hungria, o cuidado ecol\u00f3gico por um futuro sustent\u00e1vel, e trabalha-se para edificar pontes entre as gera\u00e7\u00f5es, entre os idosos e os jovens, desafio hoje irrenunci\u00e1vel para todos&#8221;.<\/p>\n<h2 style=\"text-align: justify;\">Construir pontes de harmonia e unidade<\/h2>\n<p style=\"text-align: justify;\">&#8220;Depois h\u00e1 pontes que a Igreja, como emergiu do encontro espec\u00edfico, \u00e9 chamada a lan\u00e7ar aos homens de hoje, pois o an\u00fancio de Cristo n\u00e3o pode consistir apenas em repetir o passado, mas deve ser sempre atualizado, de modo a ajudar as mulheres e os homens do nosso tempo a redescobrir Jesus&#8221;, disse ainda Francisco, recordando &#8220;os belos momentos lit\u00fargicos, a ora\u00e7\u00e3o com a comunidade greco-cat\u00f3lica e a solene Celebra\u00e7\u00e3o eucar\u00edstica, t\u00e3o participada&#8221;. &#8220;Na missa dominical havia crist\u00e3os de v\u00e1rios ritos e pa\u00edses, e de diferentes confiss\u00f5es, que juntos trabalham bem na Hungria. Construir pontes! Pontes de harmonia e pontes de unidade&#8221;, ressaltou.<\/p>\n<p style=\"text-align: justify;\">Por fim, o Papa recordou &#8220;que os h\u00fangaros s\u00e3o muito devotos da Santa M\u00e3e de Deus&#8221; e confiou \u00e0 Rainha da Hungria esse pa\u00eds, confiou &#8220;\u00e0 Rainha da paz a constru\u00e7\u00e3o de pontes no mundo, \u00e0 Rainha do C\u00e9u confiemos o nosso cora\u00e7\u00e3o para que se enra\u00edze no amor de Deus&#8221;.<\/p>\n<\/div>\n","protected":false},"excerpt":{"rendered":"<p>O Papa Francisco dedica a catequese da audi\u00eancia desta quarta-feira \u00e0 sua visita a Budapeste, que terminou no dia 30 de abril. Renovou a gratid\u00e3o a quem o acolheu e disse dos h\u00fangaros que s\u00e3o corajosos e ricos de mem\u00f3ria. Exortou-os a permanecerem fi\u00e9is ao seu passado de f\u00e9 testemunhado por tantos santos e sublinhou [&hellip;]<\/p>\n","protected":false},"author":1,"featured_media":81299,"comment_status":"open","ping_status":"closed","sticky":false,"template":"","format":"standard","meta":{"footnotes":""},"categories":[13,3],"tags":[],"class_list":["post-81298","post","type-post","status-publish","format-standard","has-post-thumbnail","hentry","category-featured","category-vaticano"],"_links":{"self":[{"href":"https:\/\/catolicanet.net\/wp-cnet\/wp-json\/wp\/v2\/posts\/81298","targetHints":{"allow":["GET"]}}],"collection":[{"href":"https:\/\/catolicanet.net\/wp-cnet\/wp-json\/wp\/v2\/posts"}],"about":[{"href":"https:\/\/catolicanet.net\/wp-cnet\/wp-json\/wp\/v2\/types\/post"}],"author":[{"embeddable":true,"href":"https:\/\/catolicanet.net\/wp-cnet\/wp-json\/wp\/v2\/users\/1"}],"replies":[{"embeddable":true,"href":"https:\/\/catolicanet.net\/wp-cnet\/wp-json\/wp\/v2\/comments?post=81298"}],"version-history":[{"count":1,"href":"https:\/\/catolicanet.net\/wp-cnet\/wp-json\/wp\/v2\/posts\/81298\/revisions"}],"predecessor-version":[{"id":81300,"href":"https:\/\/catolicanet.net\/wp-cnet\/wp-json\/wp\/v2\/posts\/81298\/revisions\/81300"}],"wp:featuredmedia":[{"embeddable":true,"href":"https:\/\/catolicanet.net\/wp-cnet\/wp-json\/wp\/v2\/media\/81299"}],"wp:attachment":[{"href":"https:\/\/catolicanet.net\/wp-cnet\/wp-json\/wp\/v2\/media?parent=81298"}],"wp:term":[{"taxonomy":"category","embeddable":true,"href":"https:\/\/catolicanet.net\/wp-cnet\/wp-json\/wp\/v2\/categories?post=81298"},{"taxonomy":"post_tag","embeddable":true,"href":"https:\/\/catolicanet.net\/wp-cnet\/wp-json\/wp\/v2\/tags?post=81298"}],"curies":[{"name":"wp","href":"https:\/\/api.w.org\/{rel}","templated":true}]}}