{"id":81258,"date":"2023-05-02T10:05:48","date_gmt":"2023-05-02T13:05:48","guid":{"rendered":"https:\/\/catolicanet.net\/wp-cnet\/?p=81258"},"modified":"2023-05-02T17:07:48","modified_gmt":"2023-05-02T20:07:48","slug":"quero-ver-acontecer","status":"publish","type":"post","link":"https:\/\/catolicanet.net\/wp-cnet\/quero-ver-acontecer\/","title":{"rendered":"Quero ver acontecer!"},"content":{"rendered":"<p style=\"margin: 0cm; margin-bottom: .0001pt;\"><span style=\"font-family: 'Lato','sans-serif';\">Soneto<\/span><\/p>\n<p style=\"margin: 0cm; margin-bottom: .0001pt; -webkit-text-size-adjust: auto; max-width: -webkit-fill-available; white-space: pre-wrap;\"><span style=\"font-family: 'Lato','sans-serif';\">Primeiro de maio, dia do trabalho.<\/span><\/p>\n<p style=\"margin: 0cm; margin-bottom: .0001pt; -webkit-text-size-adjust: auto; max-width: -webkit-fill-available; white-space: pre-wrap;\"><span style=\"font-family: 'Lato','sans-serif';\">Gente que quer dignidade, emprego.<\/span><\/p>\n<p style=\"margin: 0cm; margin-bottom: .0001pt; -webkit-text-size-adjust: auto; max-width: -webkit-fill-available; white-space: pre-wrap;\"><span style=\"font-family: 'Lato','sans-serif';\">\u00c0 fam\u00edlia: moradia decente e aconchego!<\/span><\/p>\n<p style=\"margin: 0cm; margin-bottom: .0001pt; -webkit-text-size-adjust: auto; max-width: -webkit-fill-available; white-space: pre-wrap;\"><span style=\"font-family: 'Lato','sans-serif';\">Bonan\u00e7a, tempo de ver acontecer!<\/span><\/p>\n<p style=\"margin: 0cm; margin-bottom: .0001pt; -webkit-text-size-adjust: auto; max-width: -webkit-fill-available; white-space: pre-wrap;\"><span style=\"font-family: 'Lato','sans-serif';\">\u00a0<\/span><\/p>\n<p style=\"margin: 0cm; margin-bottom: .0001pt; -webkit-text-size-adjust: auto; max-width: -webkit-fill-available; white-space: pre-wrap;\"><span style=\"font-family: 'Lato','sans-serif';\">Eu quero a melhor companhia!<\/span><\/p>\n<p style=\"margin: 0cm; margin-bottom: .0001pt; -webkit-text-size-adjust: auto; max-width: -webkit-fill-available; white-space: pre-wrap;\"><span style=\"font-family: 'Lato','sans-serif';\">No fermento do \u201cp\u00e3o\u201d, o de Maria!<\/span><\/p>\n<p style=\"margin: 0cm; margin-bottom: .0001pt; -webkit-text-size-adjust: auto; max-width: -webkit-fill-available; white-space: pre-wrap;\"><span style=\"font-family: 'Lato','sans-serif';\">Maio de Maria, na melhor sabedoria!<\/span><\/p>\n<p style=\"margin: 0cm; margin-bottom: .0001pt; -webkit-text-size-adjust: auto; max-width: -webkit-fill-available; white-space: pre-wrap;\"><span style=\"font-family: 'Lato','sans-serif';\">Numa s\u00f3 can\u00e7\u00e3o, condecorar a sinfonia!<\/span><\/p>\n<p style=\"margin: 0cm; margin-bottom: .0001pt; -webkit-text-size-adjust: auto; max-width: -webkit-fill-available; white-space: pre-wrap;\"><span style=\"font-family: 'Lato','sans-serif';\">\u00a0<\/span><\/p>\n<p style=\"margin: 0cm; margin-bottom: .0001pt; -webkit-text-size-adjust: auto; max-width: -webkit-fill-available; white-space: pre-wrap;\"><span style=\"font-family: 'Lato','sans-serif';\">Com o \u201dBom Jos\u00e9\u201d, o fiel oper\u00e1rio.<\/span><\/p>\n<p style=\"margin: 0cm; margin-bottom: .0001pt; -webkit-text-size-adjust: auto; max-width: -webkit-fill-available; white-space: pre-wrap;\"><span style=\"font-family: 'Lato','sans-serif';\">Farol de esperan\u00e7a, e justo sal\u00e1rio!<\/span><\/p>\n<p style=\"margin: 0cm; margin-bottom: .0001pt; -webkit-text-size-adjust: auto; max-width: -webkit-fill-available; white-space: pre-wrap;\"><span style=\"font-family: 'Lato','sans-serif';\">P\u00e1tria amada, sim, capaz e na paz!<\/span><\/p>\n<p style=\"margin: 0cm; margin-bottom: .0001pt; -webkit-text-size-adjust: auto; max-width: -webkit-fill-available; white-space: pre-wrap;\"><span style=\"font-family: 'Lato','sans-serif';\">\u00a0<\/span><\/p>\n<p style=\"margin: 0cm; margin-bottom: .0001pt; -webkit-text-size-adjust: auto; max-width: -webkit-fill-available; white-space: pre-wrap;\"><span style=\"font-family: 'Lato','sans-serif';\">Prazeroso vinho, deveras, nova era!<\/span><\/p>\n<p style=\"margin: 0cm; margin-bottom: .0001pt; -webkit-text-size-adjust: auto; max-width: -webkit-fill-available; white-space: pre-wrap;\"><span style=\"font-family: 'Lato','sans-serif';\">Na\u00e7\u00e3o pujante, distante das \u201cquerelas\u201d!<\/span><\/p>\n<p style=\"margin: 0cm; margin-bottom: .0001pt; -webkit-text-size-adjust: auto; max-width: -webkit-fill-available; white-space: pre-wrap;\"><span style=\"font-family: 'Lato','sans-serif';\">Quem quiser: em Jesus, Maria e Jos\u00e9!<\/span><\/p>\n<p style=\"margin: 0cm; margin-bottom: .0001pt; -webkit-text-size-adjust: auto; max-width: -webkit-fill-available; white-space: pre-wrap;\"><span style=\"font-family: 'Lato','sans-serif';\">Pe. Geovane Saraiva Lavrove <\/span><\/p>\n","protected":false},"excerpt":{"rendered":"<p>Soneto Primeiro de maio, dia do trabalho. Gente que quer dignidade, emprego. \u00c0 fam\u00edlia: moradia decente e aconchego! Bonan\u00e7a, tempo de ver acontecer! \u00a0 Eu quero a melhor companhia! No fermento do \u201cp\u00e3o\u201d, o de Maria! Maio de Maria, na melhor sabedoria! Numa s\u00f3 can\u00e7\u00e3o, condecorar a sinfonia! \u00a0 Com o \u201dBom Jos\u00e9\u201d, o fiel [&hellip;]<\/p>\n","protected":false},"author":6,"featured_media":55824,"comment_status":"open","ping_status":"closed","sticky":false,"template":"","format":"standard","meta":{"footnotes":""},"categories":[9],"tags":[],"class_list":["post-81258","post","type-post","status-publish","format-standard","has-post-thumbnail","hentry","category-artigos"],"_links":{"self":[{"href":"https:\/\/catolicanet.net\/wp-cnet\/wp-json\/wp\/v2\/posts\/81258","targetHints":{"allow":["GET"]}}],"collection":[{"href":"https:\/\/catolicanet.net\/wp-cnet\/wp-json\/wp\/v2\/posts"}],"about":[{"href":"https:\/\/catolicanet.net\/wp-cnet\/wp-json\/wp\/v2\/types\/post"}],"author":[{"embeddable":true,"href":"https:\/\/catolicanet.net\/wp-cnet\/wp-json\/wp\/v2\/users\/6"}],"replies":[{"embeddable":true,"href":"https:\/\/catolicanet.net\/wp-cnet\/wp-json\/wp\/v2\/comments?post=81258"}],"version-history":[{"count":1,"href":"https:\/\/catolicanet.net\/wp-cnet\/wp-json\/wp\/v2\/posts\/81258\/revisions"}],"predecessor-version":[{"id":81259,"href":"https:\/\/catolicanet.net\/wp-cnet\/wp-json\/wp\/v2\/posts\/81258\/revisions\/81259"}],"wp:featuredmedia":[{"embeddable":true,"href":"https:\/\/catolicanet.net\/wp-cnet\/wp-json\/wp\/v2\/media\/55824"}],"wp:attachment":[{"href":"https:\/\/catolicanet.net\/wp-cnet\/wp-json\/wp\/v2\/media?parent=81258"}],"wp:term":[{"taxonomy":"category","embeddable":true,"href":"https:\/\/catolicanet.net\/wp-cnet\/wp-json\/wp\/v2\/categories?post=81258"},{"taxonomy":"post_tag","embeddable":true,"href":"https:\/\/catolicanet.net\/wp-cnet\/wp-json\/wp\/v2\/tags?post=81258"}],"curies":[{"name":"wp","href":"https:\/\/api.w.org\/{rel}","templated":true}]}}