{"id":81244,"date":"2023-04-28T10:51:02","date_gmt":"2023-04-28T13:51:02","guid":{"rendered":"https:\/\/catolicanet.net\/wp-cnet\/?p=81244"},"modified":"2023-04-28T10:51:02","modified_gmt":"2023-04-28T13:51:02","slug":"o-bom-pastor-3","status":"publish","type":"post","link":"https:\/\/catolicanet.net\/wp-cnet\/o-bom-pastor-3\/","title":{"rendered":"O Bom Pastor"},"content":{"rendered":"<p style=\"text-align: justify;\">\u00a0\u00a0\u00a0\u00a0\u00a0\u00a0\u00a0\u00a0\u00a0\u00a0\u00a0 A profiss\u00e3o de pastor de ovelhas na pecu\u00e1ria atual e na cultura est\u00e1 muito distante do mundo b\u00edblico. Mesmo assim, com um pouco de explica\u00e7\u00f5es e aten\u00e7\u00e3o a imagem do pastoreio pode se tornar muito expressiva porque faz parte da linguagem religiosa. Tamb\u00e9m no mundo b\u00edblico a imagem do pastor de ovelhas foi, por analogia, aplicada \u00e0s lideran\u00e7as, tanto religiosas como civis. A liturgia dominical oferece o ensinamento de Jesus, segundo o Evangelho de S\u00e3o Jo\u00e3o 10,1-10, usando a imagem do Bom Pastor.<\/p>\n<p style=\"text-align: justify;\">\u00a0\u00a0\u00a0\u00a0\u00a0\u00a0\u00a0\u00a0\u00a0\u00a0\u00a0 \u201cEm verdade, em verdade vos digo, quem n\u00e3o entra no redil das ovelhas pela porta, mas sobre por outro lugar, \u00e9 ladr\u00e3o e assaltante. Quem entra pela porta \u00e9 o pastor das ovelhas. A esse o porteiro abre, e as ovelhas escutam a sua voz; ele chama as ovelhas pelo nome e as conduz para fora. (&#8230;) caminha \u00e0 sua frente, e as ovelhas o seguem, porque conhecem a sua voz\u201d. Vamos imaginar a rotina dos pastores, profiss\u00e3o muito difundida, no tempo de Cristo. Ao final do dia, os pastores levavam, normalmente suas poucas ovelhas, a um lugar seguro, provido de porta e vigiado por guarda noturno. O mesmo guarda cuidava de ovelhas de v\u00e1rios propriet\u00e1rios. De manh\u00e3, cada pastor, na porta, chamava suas ovelhas para fora e as levava para as pastagens.<\/p>\n<p style=\"text-align: justify;\">\u00a0\u00a0\u00a0\u00a0\u00a0\u00a0\u00a0\u00a0\u00a0\u00a0\u00a0 A imagem de Deus como pastor vem proposta antes de tudo no salmo 22\/23. O salmista simboliza o pastoreio com duas imagens. A primeira faz refer\u00eancia \u00e0 abund\u00e2ncia de alimenta\u00e7\u00e3o na natureza e a prote\u00e7\u00e3o neste ambiente. A segunda refer\u00eancia \u00e9 a mesa abundante e o clima de acolhida e felicidade. O evangelista acrescenta outros elementos, ainda mais familiares e personalizados. A rela\u00e7\u00e3o \u00e9 de intimidade, pois o pastor entra pela porta e chama pelo nome e as ovelhas respondem. Depois as conduz andando na frente e as ovelhas seguem o pastor.<\/p>\n<p style=\"text-align: justify;\">\u00a0\u00a0\u00a0\u00a0\u00a0\u00a0\u00a0\u00a0\u00a0\u00a0\u00a0 Esta breve descri\u00e7\u00e3o tem v\u00e1rios elementos que permitem criar intimidade entre Deus, o Bom Pastor, e todos os que far\u00e3o parte do seu povo. Antes de fazer parte do rebanho do Senhor, cada fiel teve que abrir a porta para que Deus entrasse. Deus entra pela porta da frente do fiel, isto \u00e9, a porta foi-lhe livremente aberta. Esta rela\u00e7\u00e3o pessoal vai permitir o reconhecimento da voz do pastor; vai criar confian\u00e7a para se deixar orientar e seguir pelos caminhos que vai conduzindo pelo mundo. O pastor \u201cconduz para fora\u201d. Ficar fechado e recluso vai levar \u00e0 inani\u00e7\u00e3o. Seguir pelo mundo tem os seus riscos, mas o pastor atento \u00e9 mais forte que as amea\u00e7as.<\/p>\n<p style=\"text-align: justify;\">\u00a0\u00a0\u00a0\u00a0\u00a0\u00a0\u00a0\u00a0\u00a0\u00a0\u00a0 O pastor chama pelo nome, significa que conhece a quem \u00e9 chamado, tem uma rela\u00e7\u00e3o pessoal. N\u00e3o \u00e9 mais um, um n\u00famero, ou apenas um num rebanho. O nome distingue entre muitos fazendo que cada pessoa seja \u00fanica, irrepet\u00edvel e de dignidade inviol\u00e1vel. Tamb\u00e9m, diante de Deus cada pessoa \u00e9 \u00fanica. \u201cN\u00e3o tenhas medo, pois eu te resgatei, chamei-te pelo teu nome, tu \u00e9s meu!\u201d (Isa\u00edas 43,1)<\/p>\n<p style=\"text-align: justify;\">\u00a0\u00a0\u00a0\u00a0\u00a0\u00a0\u00a0\u00a0\u00a0\u00a0\u00a0 Este domingo \u00e9 o dia \u201cMundial de Ora\u00e7\u00e3o pelas Voca\u00e7\u00f5es\u201d. O Bom Pastor chama entre os seus seguidores alguns para compartilharem a tarefa do pastoreio na Igreja, particularmente no minist\u00e9rio ordenado como di\u00e1conos, presb\u00edteros e bispos. Os fi\u00e9is necessitam ter pastores que caminham na frente, no seu meio e atr\u00e1s. Tamb\u00e9m \u00e9 responsabilidade de todos os fi\u00e9is se cuidarem mutuamente e despertarem novos pastores.<\/p>\n<p style=\"text-align: justify;\">\u00a0\u00a0\u00a0\u00a0\u00a0\u00a0\u00a0\u00a0\u00a0\u00a0\u00a0 \u201cEu sou a porta das ovelhas\u201d. \u00c9 o segundo grande s\u00edmbolo ligado ao pastor. \u00c9 a porta pela qual entram e saem as ovelhas. Jesus se apresenta como a porta de ingresso no mist\u00e9rio e \u00e0 comunh\u00e3o com Deus. Revela um Deus presente na hist\u00f3ria do homem e esta proximidade se revela na condu\u00e7\u00e3o segura, na doa\u00e7\u00e3o, sem segundas inten\u00e7\u00f5es e interesses mesquinhos. \u00c9 o pastor que morre em vez das ovelhas. Ela d\u00e1 vida em abund\u00e2ncia.<\/p>\n","protected":false},"excerpt":{"rendered":"<p>\u00a0\u00a0\u00a0\u00a0\u00a0\u00a0\u00a0\u00a0\u00a0\u00a0\u00a0 A profiss\u00e3o de pastor de ovelhas na pecu\u00e1ria atual e na cultura est\u00e1 muito distante do mundo b\u00edblico. Mesmo assim, com um pouco de explica\u00e7\u00f5es e aten\u00e7\u00e3o a imagem do pastoreio pode se tornar muito expressiva porque faz parte da linguagem religiosa. Tamb\u00e9m no mundo b\u00edblico a imagem do pastor de ovelhas foi, por [&hellip;]<\/p>\n","protected":false},"author":18,"featured_media":55821,"comment_status":"open","ping_status":"closed","sticky":false,"template":"","format":"standard","meta":{"footnotes":""},"categories":[9],"tags":[],"class_list":["post-81244","post","type-post","status-publish","format-standard","has-post-thumbnail","hentry","category-artigos"],"_links":{"self":[{"href":"https:\/\/catolicanet.net\/wp-cnet\/wp-json\/wp\/v2\/posts\/81244","targetHints":{"allow":["GET"]}}],"collection":[{"href":"https:\/\/catolicanet.net\/wp-cnet\/wp-json\/wp\/v2\/posts"}],"about":[{"href":"https:\/\/catolicanet.net\/wp-cnet\/wp-json\/wp\/v2\/types\/post"}],"author":[{"embeddable":true,"href":"https:\/\/catolicanet.net\/wp-cnet\/wp-json\/wp\/v2\/users\/18"}],"replies":[{"embeddable":true,"href":"https:\/\/catolicanet.net\/wp-cnet\/wp-json\/wp\/v2\/comments?post=81244"}],"version-history":[{"count":1,"href":"https:\/\/catolicanet.net\/wp-cnet\/wp-json\/wp\/v2\/posts\/81244\/revisions"}],"predecessor-version":[{"id":81245,"href":"https:\/\/catolicanet.net\/wp-cnet\/wp-json\/wp\/v2\/posts\/81244\/revisions\/81245"}],"wp:featuredmedia":[{"embeddable":true,"href":"https:\/\/catolicanet.net\/wp-cnet\/wp-json\/wp\/v2\/media\/55821"}],"wp:attachment":[{"href":"https:\/\/catolicanet.net\/wp-cnet\/wp-json\/wp\/v2\/media?parent=81244"}],"wp:term":[{"taxonomy":"category","embeddable":true,"href":"https:\/\/catolicanet.net\/wp-cnet\/wp-json\/wp\/v2\/categories?post=81244"},{"taxonomy":"post_tag","embeddable":true,"href":"https:\/\/catolicanet.net\/wp-cnet\/wp-json\/wp\/v2\/tags?post=81244"}],"curies":[{"name":"wp","href":"https:\/\/api.w.org\/{rel}","templated":true}]}}