{"id":81238,"date":"2023-04-28T10:47:54","date_gmt":"2023-04-28T13:47:54","guid":{"rendered":"https:\/\/catolicanet.net\/wp-cnet\/?p=81238"},"modified":"2023-04-28T10:47:54","modified_gmt":"2023-04-28T13:47:54","slug":"quem-me-viu-viu-o-pai","status":"publish","type":"post","link":"https:\/\/catolicanet.net\/wp-cnet\/quem-me-viu-viu-o-pai\/","title":{"rendered":"Quem me viu, viu o Pai"},"content":{"rendered":"<p style=\"text-align: justify;\">Jesus disse aos ap\u00f3stolos: \u201cQuem me viu, viu o Pai\u201d (Jo 14,1-1-12.<\/p>\n<p style=\"text-align: justify;\">Assim sendo, que nosso o cora\u00e7\u00e3o se deixe de agitar, isto \u00e9, nossa intelig\u00eancia e afetividade. Antes de tudo,\u00a0 o temor pela partida de Jesus para junto do Pai. Um novo isolamento tomava conta dos amigos de Cristo, em um mundo hostil que vai se voltar contra eles e lhes far\u00e1 pagar sua amizade pelo Messias. A solid\u00e3o do cora\u00e7\u00e3o \u00e9 a tenta\u00e7\u00e3o de viver como \u00f3rf\u00e3os, a tenta\u00e7\u00e3o da tristeza, como dir\u00e1 ainda Jesus. Em resposta a este receio, Jesus dir\u00e1 :\u201dCrede\u00a0 em Deus, crede tamb\u00e9m em mim\u201d, de fato quem O viu, viu tamb\u00e9m o Pai. Trata-se, portanto da f\u00e9 especificamente crist\u00e3, pois a f\u00e9 implica uma real uni\u00e3o viva com Deus, o Pai, e com Jesus seu Filho, como Ele\u00a0 afirmou, com raz\u00e3o,\u00a0 que ningu\u00e9m vai ao Pai sen\u00e3o por Ele. O ant\u00eddoto para a agita\u00e7\u00e3o do cora\u00e7\u00e3o, no limite da esperan\u00e7a, o medo de morrer ou de viver, \u00e9 ir ao Pai por Jesus e a prop\u00f3sito desta grande passagem ao Pai, Jesus declara sucessivamente seu papel pessoal e a parte que nos cabe. Jesus passa al\u00e9m, atrav\u00e9s da morte e, uma vez na gl\u00f3ria, na casa do Pai, Ele prepara um lugar para n\u00f3s. O lugar n\u00e3o faltar\u00e1 para ningu\u00e9m, Ele o garante, pois Ele voltar\u00e1 para nos levar consigo, se estivermos sempre com Ele l\u00e1 onde Ele est\u00e1, na mans\u00e3o da gl\u00f3ria. Quando Ele voltar\u00e1?\u00a0Aqui \u00e9 o conjunto do Evangelho de S\u00e3o Jo\u00e3o que nos responde, lembrando-nos as tr\u00eas vindas do Ressuscitado, a saber, suas apari\u00e7\u00f5es nas apari\u00e7\u00f5es dos primeiros dias depois de sua ida gloriosa,\u00a0 e entre as duas, sua vinda cada dia para fazer em n\u00f3s sua morada. Cada dia, com efeito, Cristo vem a\u00a0 n\u00f3s para nos tomar com Ele, e n\u00f3s nos aproximarmos, pouco a pouco, do lugar para onde Ele foi, Deste modo temos nossa parte neste glorioso caminhar, restando sempre a caminho e nunca perdendo a rota, pois Ele disse que o lugar para onde Ele foi, n\u00f3s sabemos a passagem. O \u00fanico caminho o que\u00a0 conduz para a casa da gl\u00f3ria,\u00a0 para o Pai da gl\u00f3ria \u00e9 Jesus, Ele mesmo que \u00e9 de uma s\u00f3 vez o caminho que guia e a rota que conduz Ele mesmo.\u00a0 Ele \u00e9 mesmo paradoxalmente de uma s\u00f3 vez o caminho que orienta e que fortifica o\u00a0caminheiro, porque \u00e9 no mist\u00e9rio de sua Pessoa, que est\u00e1 toda a verdade oferecida por Deus e toda a vida que Ele oferece em partilha.\u00a0Ele \u00e9 sempre o \u201cCaminho, a Verdade e a Vida\u201d. Assim sendo, no caminho que \u00e9 Cristo e por Cristo, nosso caminho, \u00e9 que n\u00f3s vivemos j\u00e1 dos bens da casa da gl\u00f3ria que nos \u00e9 preparada, pois, Jesus e o Pai veem a n\u00f3s para nos fazer em n\u00f3s suas moradas. \u00c9 o mist\u00e9rio da dupla morada, a morada em Deus e a morada em n\u00f3s que fascinou por, exemplo Elisabeth Leseur, no que dizia respeito sobre seu caminho t\u00e3o curto, a ponto dela dizer \u00e0 Sant\u00edssimo Trindade: \u201cPacificai minha alma fazei nela vosso c\u00e9u, vossa mans\u00e3o amada e o lugar de vosso repouso] &#8230;] Escondei v\u00f3s em mim, para que eu me esconda em V\u00f3s, aguardando ir contemplar em vossa luz o abismo de vossas grandezas\u201d. Crer, pois em Jesus \u00e9 crer que Ele est\u00e1 morto e ressuscitado, \u00e9 crer que Ele tem uma vida al\u00e9m mundo e crer que Ele nos aguarda para junto dele e do Pai nos acolher. Portanto, a vida eterna existe e n\u00f3s devemos tomar a rota desde agora. Este caminho \u00e9 o do amor incondicional a Deus e ao pr\u00f3ximo, dado que Jesus deixou este mandamento. Examinemo-nos sempre se trilhamos esta vereda sagrada.\u00a0 A\u00ed encontraremos a serenidade e o j\u00fabilo ao longo de um rio de paz junto de seu Cora\u00e7\u00e3o ressuscitado, l\u00e1 no nosso cora\u00e7\u00e3o tantas vezes agitado e inquieto, tantas vezes tomado por tamb\u00e9m por uma atividade febril e v\u00e3. Temos que lutar contra a agita\u00e7\u00e3o, o enervamento, o constrangimento. Paira a mentira que infecta a mente dos homens, fazendo-os confundir o mal e o bem, levando-os a perder a luz pela obscuridade e obscuridade pela luz e semeando em suas almas a d\u00favida e o ceticismo que apagam a manifesta\u00e7\u00e3o da esperan\u00e7a em um horizonte de plenitude que nosso mundo, com seus atrativos n\u00e3o sabe nem pode lhes dar. Os frutos desta diab\u00f3lica situa\u00e7\u00e3o s\u00e3o bem evidentes. Esquecidos de que apenas Jesus \u00e9 o caminho e verdade e a vida.<\/p>\n","protected":false},"excerpt":{"rendered":"<p>Jesus disse aos ap\u00f3stolos: \u201cQuem me viu, viu o Pai\u201d (Jo 14,1-1-12. Assim sendo, que nosso o cora\u00e7\u00e3o se deixe de agitar, isto \u00e9, nossa intelig\u00eancia e afetividade. Antes de tudo,\u00a0 o temor pela partida de Jesus para junto do Pai. Um novo isolamento tomava conta dos amigos de Cristo, em um mundo hostil que [&hellip;]<\/p>\n","protected":false},"author":7,"featured_media":55813,"comment_status":"open","ping_status":"closed","sticky":false,"template":"","format":"standard","meta":{"footnotes":""},"categories":[9],"tags":[],"class_list":["post-81238","post","type-post","status-publish","format-standard","has-post-thumbnail","hentry","category-artigos"],"_links":{"self":[{"href":"https:\/\/catolicanet.net\/wp-cnet\/wp-json\/wp\/v2\/posts\/81238","targetHints":{"allow":["GET"]}}],"collection":[{"href":"https:\/\/catolicanet.net\/wp-cnet\/wp-json\/wp\/v2\/posts"}],"about":[{"href":"https:\/\/catolicanet.net\/wp-cnet\/wp-json\/wp\/v2\/types\/post"}],"author":[{"embeddable":true,"href":"https:\/\/catolicanet.net\/wp-cnet\/wp-json\/wp\/v2\/users\/7"}],"replies":[{"embeddable":true,"href":"https:\/\/catolicanet.net\/wp-cnet\/wp-json\/wp\/v2\/comments?post=81238"}],"version-history":[{"count":1,"href":"https:\/\/catolicanet.net\/wp-cnet\/wp-json\/wp\/v2\/posts\/81238\/revisions"}],"predecessor-version":[{"id":81239,"href":"https:\/\/catolicanet.net\/wp-cnet\/wp-json\/wp\/v2\/posts\/81238\/revisions\/81239"}],"wp:featuredmedia":[{"embeddable":true,"href":"https:\/\/catolicanet.net\/wp-cnet\/wp-json\/wp\/v2\/media\/55813"}],"wp:attachment":[{"href":"https:\/\/catolicanet.net\/wp-cnet\/wp-json\/wp\/v2\/media?parent=81238"}],"wp:term":[{"taxonomy":"category","embeddable":true,"href":"https:\/\/catolicanet.net\/wp-cnet\/wp-json\/wp\/v2\/categories?post=81238"},{"taxonomy":"post_tag","embeddable":true,"href":"https:\/\/catolicanet.net\/wp-cnet\/wp-json\/wp\/v2\/tags?post=81238"}],"curies":[{"name":"wp","href":"https:\/\/api.w.org\/{rel}","templated":true}]}}