{"id":81234,"date":"2023-04-28T10:45:43","date_gmt":"2023-04-28T13:45:43","guid":{"rendered":"https:\/\/catolicanet.net\/wp-cnet\/?p=81234"},"modified":"2023-04-28T10:45:43","modified_gmt":"2023-04-28T13:45:43","slug":"uma-oracao-maravilhosa-para-quem-nao-sabe-rezar","status":"publish","type":"post","link":"https:\/\/catolicanet.net\/wp-cnet\/uma-oracao-maravilhosa-para-quem-nao-sabe-rezar\/","title":{"rendered":"Uma ora\u00e7\u00e3o maravilhosa para quem n\u00e3o sabe rezar"},"content":{"rendered":"<h2 class=\"subtitle\" style=\"text-align: justify;\">Quer rezar, mas n\u00e3o sabe o que dizer durante a ora\u00e7\u00e3o? Essa prece pode te ajudar a parar de olhar para seus defeitos e se concentrar mais no amor e na miseric\u00f3rdia de Deus<\/h2>\n<p style=\"text-align: justify;\">Quando voc\u00ea descobre suas pr\u00f3prias mis\u00e9rias, as de sua fam\u00edlia, de sua comunidade ou as do seu pa\u00eds, \u00e9 muito reconfortante se voltar a Deus e experimentar sua miseric\u00f3rdia e amor incondicionais.\u00a0Mas essa mudan\u00e7a de foco \u2013 de mim para Ele \u2013 nem sempre \u00e9 f\u00e1cil.<\/p>\n<p style=\"text-align: justify;\">Uma boa op\u00e7\u00e3o \u00e9 ir a uma igreja e sentar-se ou ajoelhar-se diante de um sacr\u00e1rio para rezar.<\/p>\n<p style=\"text-align: justify;\">Nesse momento, entretanto, pode acontecer de voc\u00ea n\u00e3o saber o que dizer, como acontecia com o Irm\u00e3o Rafael Arnaiz Bar\u00f3n, um monge trapista que costumava lutar contra \u201cdem\u00f4nios\u201d que queriam desanim\u00e1-lo na f\u00e9. Ele expressou seus sentimentos em rela\u00e7\u00e3o \u00e0 ora\u00e7\u00e3o e \u00e0s lutas internas na seguinte prece:<\/p>\n<div class=\"wp-block-aleteia-heading3\" style=\"text-align: justify;\">\n<h3>Ora\u00e7\u00e3o<\/h3>\n<\/div>\n<blockquote class=\"wp-block-quote\"><p>\u201cSenhor, n\u00e3o sei o que estou fazendo aqui\u2026. Nada\u2026 Bem, eu n\u00e3o sei fazer nada\u2026Gostaria de rezar\u2026 N\u00e3o sei\u2026 Mas n\u00e3o importa. N\u00e3o rezo, pois n\u00e3o sei rezar.<\/p>\n<p>Senhor, n\u00e3o sei o que fa\u00e7o aqui\u2026 mas estou contigo e isso me basta. E eu sei que tu est\u00e1s aqui, na minha frente. Senhor, gostaria de te ver\u2026Mas at\u00e9 quando, Senhor? Como posso resistir? Sou fraco, sou pregui\u00e7oso, sou pecador, n\u00e3o sou nada.<\/p>\n<div id=\"aleteia-welcome\"><\/div>\n<p>Mas, Senhor, eu gostaria de te ver, mesmo sabendo que n\u00e3o mere\u00e7o. Quantas vezes me coloco diante de Ti e meus primeiros movimentos s\u00e3o envergonhados\u2026 Senhor, Tu sabes por que. Mas, Senhor, como \u00e9s bom!<\/p>\n<p>Depois de me ver, eu te vejo e, ao contemplar a tua miseric\u00f3rdia que n\u00e3o me rejeita, a minha alma se consola e se alegra.<\/p>\n<p>Penso que te ofendi e que, apesar disso, tu me amas e me permites estar em tua presen\u00e7a\u2026 Senhor, deixa-me chorar minhas faltas, mas d\u00e1-me um cora\u00e7\u00e3o grande, muito grande, para poder retribuir um pouco, ainda que muito pouco, o imenso amor que tens por mim\u201d.<\/p><\/blockquote>\n<figure class=\"wp-block-embed is-type-video is-provider-dailymotion wp-block-embed-dailymotion\" style=\"text-align: justify;\" data-original=\"false\">\n<div class=\"wp-block-embed__wrapper\">\n<div id=\"dailymotion_embedded_x8j2ntf_3\" title=\"\u00e2\u20ac\u0153Memorare\u00e2\u20ac\u009d: A ora\u00c3\u00a7\u00c3\u00a3o ligada a in\u00c3\u00bameros milagres\"><\/div>\n<\/div>\n<\/figure>\n<div class=\"wp-block-aleteia-heading3\" style=\"text-align: justify;\">\n<h3>Quem foi Rafael Arnaiz?<\/h3>\n<\/div>\n<p style=\"text-align: justify;\">Na verdade,\u00a0S\u00e3o Rafael Arnaiz\u00a0era um m\u00edstico, e tinha a capacidade de expressar sua uni\u00e3o com Deus de uma maneira muito pr\u00f3xima.<\/p>\n<p style=\"text-align: justify;\">A\u00a0diabetes\u00a0o obrigou a levar uma vida trapista um pouco diferente da dos demais: \u00e0s vezes tinha que deixar o mosteiro e exigia certa aten\u00e7\u00e3o de sua comunidade.<\/p>\n<div id=\"article-native-inread_2023_04_27_uma-oracao-maravilhosa-para-quem-nao-sabe-rezar\" class=\"css-p8k4vw\" style=\"text-align: justify;\" data-google-query-id=\"CP20vOrazP4CFXETuQYdunUE7w\">\n<div id=\"google_ads_iframe_64500793\/PT_NATIVE_ARTICLE_2__container__\"><\/div>\n<\/div>\n<p style=\"text-align: justify;\">Talvez a doen\u00e7a o tenha ajudado a compreender plenamente que a santidade n\u00e3o \u00e9 perfeccionismo, e a manter uma alegria e um senso de humor excepcionais.<\/p>\n","protected":false},"excerpt":{"rendered":"<p>Quer rezar, mas n\u00e3o sabe o que dizer durante a ora\u00e7\u00e3o? Essa prece pode te ajudar a parar de olhar para seus defeitos e se concentrar mais no amor e na miseric\u00f3rdia de Deus Quando voc\u00ea descobre suas pr\u00f3prias mis\u00e9rias, as de sua fam\u00edlia, de sua comunidade ou as do seu pa\u00eds, \u00e9 muito reconfortante [&hellip;]<\/p>\n","protected":false},"author":1,"featured_media":81235,"comment_status":"open","ping_status":"closed","sticky":false,"template":"","format":"standard","meta":{"footnotes":""},"categories":[4],"tags":[],"class_list":["post-81234","post","type-post","status-publish","format-standard","has-post-thumbnail","hentry","category-cotidiano"],"_links":{"self":[{"href":"https:\/\/catolicanet.net\/wp-cnet\/wp-json\/wp\/v2\/posts\/81234","targetHints":{"allow":["GET"]}}],"collection":[{"href":"https:\/\/catolicanet.net\/wp-cnet\/wp-json\/wp\/v2\/posts"}],"about":[{"href":"https:\/\/catolicanet.net\/wp-cnet\/wp-json\/wp\/v2\/types\/post"}],"author":[{"embeddable":true,"href":"https:\/\/catolicanet.net\/wp-cnet\/wp-json\/wp\/v2\/users\/1"}],"replies":[{"embeddable":true,"href":"https:\/\/catolicanet.net\/wp-cnet\/wp-json\/wp\/v2\/comments?post=81234"}],"version-history":[{"count":1,"href":"https:\/\/catolicanet.net\/wp-cnet\/wp-json\/wp\/v2\/posts\/81234\/revisions"}],"predecessor-version":[{"id":81236,"href":"https:\/\/catolicanet.net\/wp-cnet\/wp-json\/wp\/v2\/posts\/81234\/revisions\/81236"}],"wp:featuredmedia":[{"embeddable":true,"href":"https:\/\/catolicanet.net\/wp-cnet\/wp-json\/wp\/v2\/media\/81235"}],"wp:attachment":[{"href":"https:\/\/catolicanet.net\/wp-cnet\/wp-json\/wp\/v2\/media?parent=81234"}],"wp:term":[{"taxonomy":"category","embeddable":true,"href":"https:\/\/catolicanet.net\/wp-cnet\/wp-json\/wp\/v2\/categories?post=81234"},{"taxonomy":"post_tag","embeddable":true,"href":"https:\/\/catolicanet.net\/wp-cnet\/wp-json\/wp\/v2\/tags?post=81234"}],"curies":[{"name":"wp","href":"https:\/\/api.w.org\/{rel}","templated":true}]}}