{"id":81226,"date":"2023-04-28T10:39:50","date_gmt":"2023-04-28T13:39:50","guid":{"rendered":"https:\/\/catolicanet.net\/wp-cnet\/?p=81226"},"modified":"2023-04-28T10:39:50","modified_gmt":"2023-04-28T13:39:50","slug":"sao-luis-montfort-explica-como-as-oracoes-a-maria-sao-transferidas-a-deus","status":"publish","type":"post","link":"https:\/\/catolicanet.net\/wp-cnet\/sao-luis-montfort-explica-como-as-oracoes-a-maria-sao-transferidas-a-deus\/","title":{"rendered":"S\u00e3o Lu\u00eds Montfort explica como as ora\u00e7\u00f5es a Maria s\u00e3o transferidas a Deus"},"content":{"rendered":"<h2 class=\"subtitle\" style=\"text-align: justify;\">Entenda por que Maria \u00e9 um &#8220;eco de Deus&#8221;, um canal puro e sem ru\u00eddo que leva nossas ora\u00e7\u00f5es diretamente a seu Pai Celestial<\/h2>\n<p style=\"text-align: justify;\">S\u00e3o Lu\u00eds Maria de Montfort, sacerdote do s\u00e9culo XVIII e devoto da Virgem Maria, explica o que acontece com as ora\u00e7\u00f5es dirigidas a Nossa Senhora.\u00a0A explica\u00e7\u00e3o se encontra em seu livro\u00a0\u201c<a title=\"\" href=\"https:\/\/pt.aleteia.org\/2016\/04\/11\/as-5-caracteristicas-da-verdadeira-devocao-a-maria\/\" target=\"_self\" rel=\"noopener\">Tratado da Verdadeira Devo\u00e7\u00e3o \u00e0 Sant\u00edssima Virgem<\/a>\u201c.<\/p>\n<p style=\"text-align: justify;\">Ele come\u00e7a escrevendo que ora\u00e7\u00f5es sinceras e devotas \u00e0 Virgem Maria \u201cdar\u00e3o mais gl\u00f3ria a Jesus em um m\u00eas do que em muitos anos de devo\u00e7\u00e3o mais exigente\u201d.<\/p>\n<p style=\"text-align: justify;\">Montfort explica que Maria \u00e9 um canal puro para nossas ora\u00e7\u00f5es, e que ela transforma nossas preces em ora\u00e7\u00f5es gloriosas ao Pai Celestial.<\/p>\n<blockquote class=\"wp-block-quote\"><p>\u201cEla \u00e9 um eco de Deus, falando e repetindo somente Deus. Se voc\u00ea diz \u2018Maria\u2019, ela diz \u2018Deus\u2019. Quando Santa Isabel louvou Maria, chamando-a de bem-aventurada porque ela acreditou, Maria, o eco fiel de Deus, respondeu com seu c\u00e2ntico: \u2018Minha alma glorifica o Senhor\u2019.<\/p>\n<p>O que Maria fez naquele dia ela faz todos os dias. Quando a louvamos, quando a amamos e a honramos, quando lhe apresentamos qualquer coisa, ent\u00e3o Deus \u00e9 louvado, honrado e amado \u2013 e recebe nosso dom por meio de Maria e em Maria\u201d.<\/p><\/blockquote>\n<div id=\"aleteia-welcome\" style=\"text-align: justify;\"><\/div>\n<p style=\"text-align: justify;\">Em outro exemplo, Montfort imagina a Virgem Maria tomando nossas ora\u00e7\u00f5es em suas m\u00e3os e as transformando ao apresent\u00e1-las a Deus.<\/p>\n<blockquote class=\"wp-block-quote\"><p>\u201cNossa Senhora, em seu imenso amor por n\u00f3s, est\u00e1 ansiosa para receber em suas m\u00e3os virginais o dom de nossas a\u00e7\u00f5es, atribuindo-lhe uma beleza e um esplendor maravilhosos, e apresentando-o ela mesma a Jesus de boa vontade. Mais gl\u00f3ria \u00e9 dada a nosso Senhor dessa maneira do que quando fazemos nossa oferta com nossas pr\u00f3prias m\u00e3os culpadas.\u201d<\/p><\/blockquote>\n<p style=\"text-align: justify;\">Portanto, da pr\u00f3xima vez que voc\u00ea fizer ora\u00e7\u00f5es \u00e0 Virgem Maria, lembre-se de como ela recebe suas ora\u00e7\u00f5es e as leva diretamente a Deus.\u00a0De uma forma muito real, quanto mais perto estivermos de Maria, mais perto estaremos de Deus.<\/p>\n<figure class=\"wp-block-embed is-type-video is-provider-dailymotion wp-block-embed-dailymotion\" data-original=\"false\">\n<div class=\"wp-block-embed__wrapper\"><span class=\"css-ubwxwi\"><iframe loading=\"lazy\" id=\"dailymotion_embedded_x8k38bp_1\" title=\"Dailymotion video player\" src=\"https:\/\/www.dailymotion.com\/embed\/video\/x8k38bp?api=postMessage&amp;autoplay=false&amp;id=dailymotion_embedded_x8k38bp_1&amp;origin=https%3A%2F%2Fpt.aleteia.org&amp;pubtool=jssdk\" width=\"100%\" height=\"100%\" frameborder=\"0\" allowfullscreen=\"allowfullscreen\" data-mce-fragment=\"1\"><\/iframe><\/span><\/div>\n<\/figure>\n<div class=\"wp-block-aleteia-read-also read-also\" data-category=\"Espiritualidade\" data-category-english=\"spirituality\">\n<div class=\"read-also-inner\"><\/div>\n<\/div>\n","protected":false},"excerpt":{"rendered":"<p>Entenda por que Maria \u00e9 um &#8220;eco de Deus&#8221;, um canal puro e sem ru\u00eddo que leva nossas ora\u00e7\u00f5es diretamente a seu Pai Celestial S\u00e3o Lu\u00eds Maria de Montfort, sacerdote do s\u00e9culo XVIII e devoto da Virgem Maria, explica o que acontece com as ora\u00e7\u00f5es dirigidas a Nossa Senhora.\u00a0A explica\u00e7\u00e3o se encontra em seu livro\u00a0\u201cTratado [&hellip;]<\/p>\n","protected":false},"author":1,"featured_media":81227,"comment_status":"open","ping_status":"closed","sticky":false,"template":"","format":"standard","meta":{"footnotes":""},"categories":[4],"tags":[],"class_list":["post-81226","post","type-post","status-publish","format-standard","has-post-thumbnail","hentry","category-cotidiano"],"_links":{"self":[{"href":"https:\/\/catolicanet.net\/wp-cnet\/wp-json\/wp\/v2\/posts\/81226","targetHints":{"allow":["GET"]}}],"collection":[{"href":"https:\/\/catolicanet.net\/wp-cnet\/wp-json\/wp\/v2\/posts"}],"about":[{"href":"https:\/\/catolicanet.net\/wp-cnet\/wp-json\/wp\/v2\/types\/post"}],"author":[{"embeddable":true,"href":"https:\/\/catolicanet.net\/wp-cnet\/wp-json\/wp\/v2\/users\/1"}],"replies":[{"embeddable":true,"href":"https:\/\/catolicanet.net\/wp-cnet\/wp-json\/wp\/v2\/comments?post=81226"}],"version-history":[{"count":1,"href":"https:\/\/catolicanet.net\/wp-cnet\/wp-json\/wp\/v2\/posts\/81226\/revisions"}],"predecessor-version":[{"id":81228,"href":"https:\/\/catolicanet.net\/wp-cnet\/wp-json\/wp\/v2\/posts\/81226\/revisions\/81228"}],"wp:featuredmedia":[{"embeddable":true,"href":"https:\/\/catolicanet.net\/wp-cnet\/wp-json\/wp\/v2\/media\/81227"}],"wp:attachment":[{"href":"https:\/\/catolicanet.net\/wp-cnet\/wp-json\/wp\/v2\/media?parent=81226"}],"wp:term":[{"taxonomy":"category","embeddable":true,"href":"https:\/\/catolicanet.net\/wp-cnet\/wp-json\/wp\/v2\/categories?post=81226"},{"taxonomy":"post_tag","embeddable":true,"href":"https:\/\/catolicanet.net\/wp-cnet\/wp-json\/wp\/v2\/tags?post=81226"}],"curies":[{"name":"wp","href":"https:\/\/api.w.org\/{rel}","templated":true}]}}