{"id":81222,"date":"2023-04-28T10:31:10","date_gmt":"2023-04-28T13:31:10","guid":{"rendered":"https:\/\/catolicanet.net\/wp-cnet\/?p=81222"},"modified":"2023-04-28T10:31:10","modified_gmt":"2023-04-28T13:31:10","slug":"jmj-de-lisboa-momento-unico-para-celebrar-a-fe-a-amizade-e-a-cultura","status":"publish","type":"post","link":"https:\/\/catolicanet.net\/wp-cnet\/jmj-de-lisboa-momento-unico-para-celebrar-a-fe-a-amizade-e-a-cultura\/","title":{"rendered":"JMJ de Lisboa, momento \u00fanico para celebrar a f\u00e9, a amizade e a cultura"},"content":{"rendered":"<h2 class=\"subtitle\" style=\"text-align: justify;\">A JMJ \u00e9 uma oportunidade de estar em contato com a hist\u00f3ria e a cultura do pa\u00eds sede, e muitos jovens esperam poder conhecer mais sobre Portugal e sua hist\u00f3ria durante a Jornada<\/h2>\n<p style=\"text-align: justify;\">AJornada Mundial da Juventude (JMJ) \u00e9 um evento cat\u00f3lico que re\u00fane jovens de todo o mundo para celebrar a f\u00e9, a solidariedade e a cultura. Desde a primeira edi\u00e7\u00e3o, realizada em 1984, na cidade de Roma, a JMJ tem sido uma oportunidade para que os jovens se encontrem, se conhe\u00e7am e compartilhem experi\u00eancias. Em 2023, a JMJ ser\u00e1 realizada em Lisboa, Portugal, e os jovens brasileiros t\u00eam grandes expectativas em rela\u00e7\u00e3o ao evento.<\/p>\n<p style=\"text-align: justify;\">A JMJ \u00e9 um evento que re\u00fane jovens cat\u00f3licos de todas as partes do mundo, e \u00e9 um momento \u00fanico para a troca de experi\u00eancias e o compartilhamento de ideias. Os jovens brasileiros, em especial, t\u00eam uma grande expectativa em rela\u00e7\u00e3o \u00e0 JMJ em Lisboa, pois este \u00e9 um evento que permite que eles se conectem com jovens de outros pa\u00edses e culturas, ampliando seus horizontes e enriquecendo sua vis\u00e3o de mundo.<\/p>\n<p style=\"text-align: justify;\">Para muitos participantes, a JMJ \u00e9 uma oportunidade de celebrar a f\u00e9 e se fortalecer espiritualmente. A Jornada \u00e9 um momento de ora\u00e7\u00e3o, reflex\u00e3o e comunh\u00e3o, e os jovens brasileiros esperam poder vivenciar isso em Lisboa. Al\u00e9m disso, a JMJ \u00e9 uma oportunidade de estar em contato com a hist\u00f3ria e a cultura do pa\u00eds sede, e muitos jovens esperam poder conhecer mais sobre Portugal e sua hist\u00f3ria durante a Jornada.<\/p>\n<div class=\"wp-block-aleteia-heading3\" style=\"text-align: justify;\">\n<h3>Expectativa<\/h3>\n<\/div>\n<p style=\"text-align: justify;\">Mariana Silva, 23 anos, que viajar\u00e1 a Portugal com um grupo do Vale do Para\u00edba (S\u00e3o Paulo), contou \u00e0 Aleteia que aguarda ansiosa a JMJ de Lisboa.<\/p>\n<p style=\"text-align: justify;\">\u201cS\u00e3o dois sonhos que Deus aben\u00e7oou de uma vez s\u00f3: ir a uma JMJ e viajar \u00e0 Europa. Estou ansiosa por ter essa experi\u00eancia de f\u00e9 e de vida, al\u00e9m de ver o Papa Francisco e poder me encontrar com jovens do mundo todo.\u201d<\/p>\n<p style=\"text-align: justify;\">De fato, uma expectativa dos participantes em rela\u00e7\u00e3o \u00e0 JMJ \u00e9 a oportunidade de fazer novas amizades. A Jornada \u00e9 um evento que re\u00fane jovens de todo o mundo, e isso permite que os jovens conhe\u00e7am pessoas de outras culturas e pa\u00edses. Muitos esperam poder trocar experi\u00eancias e ideias com jovens de outras partes do mundo, e assim ampliar sua vis\u00e3o de mundo.<\/p>\n<div class=\"wp-block-aleteia-heading3\" style=\"text-align: justify;\">\n<h3>Atividades<\/h3>\n<\/div>\n<p style=\"text-align: justify;\">Al\u00e9m disso, os participantes poder\u00e3o participar de atividades culturais e sociais durante a JMJ. A Jornada \u00e9 um evento que inclui atividades como shows, exposi\u00e7\u00f5es e palestras, e muitos jovens esperam poder participar dessas atividades para conhecer mais sobre a cultura do pa\u00eds sede e de outros pa\u00edses.<\/p>\n<p style=\"text-align: justify;\">\u201cEu espero que a JMJ de Lisboa seja um momento de celebra\u00e7\u00e3o da juventude e da f\u00e9. A Jornada \u00e9 um evento que celebra a juventude e a esperan\u00e7a, e espero que todos os jovens a vivam de forma intensa e significativa\u201d, diz Mariana.<\/p>\n<p style=\"text-align: justify;\">De fato, a JMJ em Lisboa \u00e9 um evento muito aguardado pelos jovens cat\u00f3licos, que esperam poder vivenciar momentos de f\u00e9, solidariedade, cultura e amizade durante a Jornada.<\/p>\n<p style=\"text-align: justify;\">A JMJ \u00e9 um evento que permite que os jovens se conectem com jovens de outras partes do mundo, ampliando seus horizontes e enriquecendo sua vis\u00e3o de mundo. Com certeza, a JMJ em Lisboa ser\u00e1 um momento \u00fanico e inesquec\u00edvel para os jovens cat\u00f3licos de diferentes partes do mundo.<\/p>\n<p style=\"text-align: justify;\">A JMJ acontece de 01 a 06 agosto de 2023 em Lisboa (Portugal).<\/p>\n<div class=\"wp-block-aleteia-heading3\" style=\"text-align: justify;\">\n<h3>Ora\u00e7\u00e3o oficial\u00a0da JMJ de Lisboa<\/h3>\n<\/div>\n<p style=\"text-align: justify;\">Nossa Senhora da Visita\u00e7\u00e3o,<br \/>\nque partistes apressadamente<br \/>\npara a montanha ao encontro de Isabel,<br \/>\nfazei-nos partir tamb\u00e9m<br \/>\nao encontro de tantos que nos esperam<br \/>\npara lhes levarmos o Evangelho vivo:<br \/>\nJesus Cristo, vosso Filho e nosso Senhor!<\/p>\n<p style=\"text-align: justify;\">Iremos apressadamente,<br \/>\nsem distra\u00e7\u00e3o nem demora,<br \/>\nantes com prontid\u00e3o e alegria.<br \/>\nIremos serenamente<br \/>\npois quem leva Cristo leva a paz,<br \/>\ne o bem-fazer \u00e9 o melhor bem-estar.<\/p>\n<p style=\"text-align: justify;\">Nossa Senhora da Visita\u00e7\u00e3o,<br \/>\ncom a vossa inspira\u00e7\u00e3o,<br \/>\nesta Jornada Mundial da Juventude<br \/>\nser\u00e1 a celebra\u00e7\u00e3o m\u00fatua do Cristo<br \/>\nque levamos, como V\u00f3s outrora.<\/p>\n<p style=\"text-align: justify;\">Fazei que ela seja ocasi\u00e3o<br \/>\nde testemunho e partilha,<br \/>\nconviv\u00eancia e a\u00e7\u00e3o de gra\u00e7as,<br \/>\nprocurando cada um o outro<br \/>\nque sempre espera.<\/p>\n<p style=\"text-align: justify;\">Convosco continuaremos<br \/>\neste caminho de encontro,<br \/>\npara que o nosso mundo<br \/>\nse reencontre tamb\u00e9m,<br \/>\nna fraternidade, na justi\u00e7a e na paz.<\/p>\n<p style=\"text-align: justify;\">Ajudai-nos, Nossa Senhora da Visita\u00e7\u00e3o,<br \/>\na levar Cristo a todos,<br \/>\nobedecendo ao Pai,<br \/>\nno amor do Esp\u00edrito!<\/p>\n","protected":false},"excerpt":{"rendered":"<p>A JMJ \u00e9 uma oportunidade de estar em contato com a hist\u00f3ria e a cultura do pa\u00eds sede, e muitos jovens esperam poder conhecer mais sobre Portugal e sua hist\u00f3ria durante a Jornada AJornada Mundial da Juventude (JMJ) \u00e9 um evento cat\u00f3lico que re\u00fane jovens de todo o mundo para celebrar a f\u00e9, a solidariedade [&hellip;]<\/p>\n","protected":false},"author":1,"featured_media":81223,"comment_status":"open","ping_status":"closed","sticky":false,"template":"","format":"standard","meta":{"footnotes":""},"categories":[4],"tags":[],"class_list":["post-81222","post","type-post","status-publish","format-standard","has-post-thumbnail","hentry","category-cotidiano"],"_links":{"self":[{"href":"https:\/\/catolicanet.net\/wp-cnet\/wp-json\/wp\/v2\/posts\/81222","targetHints":{"allow":["GET"]}}],"collection":[{"href":"https:\/\/catolicanet.net\/wp-cnet\/wp-json\/wp\/v2\/posts"}],"about":[{"href":"https:\/\/catolicanet.net\/wp-cnet\/wp-json\/wp\/v2\/types\/post"}],"author":[{"embeddable":true,"href":"https:\/\/catolicanet.net\/wp-cnet\/wp-json\/wp\/v2\/users\/1"}],"replies":[{"embeddable":true,"href":"https:\/\/catolicanet.net\/wp-cnet\/wp-json\/wp\/v2\/comments?post=81222"}],"version-history":[{"count":1,"href":"https:\/\/catolicanet.net\/wp-cnet\/wp-json\/wp\/v2\/posts\/81222\/revisions"}],"predecessor-version":[{"id":81224,"href":"https:\/\/catolicanet.net\/wp-cnet\/wp-json\/wp\/v2\/posts\/81222\/revisions\/81224"}],"wp:featuredmedia":[{"embeddable":true,"href":"https:\/\/catolicanet.net\/wp-cnet\/wp-json\/wp\/v2\/media\/81223"}],"wp:attachment":[{"href":"https:\/\/catolicanet.net\/wp-cnet\/wp-json\/wp\/v2\/media?parent=81222"}],"wp:term":[{"taxonomy":"category","embeddable":true,"href":"https:\/\/catolicanet.net\/wp-cnet\/wp-json\/wp\/v2\/categories?post=81222"},{"taxonomy":"post_tag","embeddable":true,"href":"https:\/\/catolicanet.net\/wp-cnet\/wp-json\/wp\/v2\/tags?post=81222"}],"curies":[{"name":"wp","href":"https:\/\/api.w.org\/{rel}","templated":true}]}}