{"id":81194,"date":"2023-04-28T10:02:30","date_gmt":"2023-04-28T13:02:30","guid":{"rendered":"https:\/\/catolicanet.net\/wp-cnet\/?p=81194"},"modified":"2023-04-28T10:02:30","modified_gmt":"2023-04-28T13:02:30","slug":"onde-estao-os-esforcos-criativos-para-a-paz","status":"publish","type":"post","link":"https:\/\/catolicanet.net\/wp-cnet\/onde-estao-os-esforcos-criativos-para-a-paz\/","title":{"rendered":"Onde est\u00e3o os esfor\u00e7os criativos para a paz?"},"content":{"rendered":"<figure class=\"article__image\"><span class=\"didascalia_img\">O Papa Francisco durante o encontro com as autoridades h\u00fangaras no ex Mosteiro carmelita<\/span><\/figure>\n<div class=\"article__subTitle\" style=\"text-align: justify;\">As palavras de Francisco \u00e0s autoridades h\u00fangaras interpelam os l\u00edderes das na\u00e7\u00f5es envolvidas, juntamente com os chefes dos governos europeus e do mundo inteiro. E interpelam a consci\u00eancia de cada um de n\u00f3s<\/div>\n<div class=\"title__separator\" style=\"text-align: justify;\"><\/div>\n<div class=\"article__text\">\n<p style=\"text-align: justify;\"><b>Andrea Tornielli<\/b><\/p>\n<div style=\"text-align: justify;\">\n<div class=\"article__embed article__embed--unwrap article__embed--dark\">\n<div class=\"article__innerTitle\">Ou\u00e7a o Editorial e compartilhe<\/div>\n<div>\n<!--[if lt IE 9]><script>document.createElement('audio');<\/script><![endif]-->\n<audio class=\"wp-audio-shortcode\" id=\"audio-81194-1\" preload=\"none\" style=\"width: 100%;\" controls=\"controls\"><source type=\"audio\/mpeg\" src=\"https:\/\/media.vaticannews.va\/media\/audio\/s1\/2023\/04\/28\/14\/137043936_F137043936.mp3?_=1\" \/><a href=\"https:\/\/media.vaticannews.va\/media\/audio\/s1\/2023\/04\/28\/14\/137043936_F137043936.mp3\">https:\/\/media.vaticannews.va\/media\/audio\/s1\/2023\/04\/28\/14\/137043936_F137043936.mp3<\/a><\/audio>\n<\/div>\n<\/div>\n<\/div>\n<p style=\"text-align: justify;\">\u00c9 uma pergunta dram\u00e1tica que Francisco dirige do cora\u00e7\u00e3o da Europa, daquela Hungria cujas fronteiras tocam a Ucr\u00e2nia, v\u00edtima da guerra de agress\u00e3o russa. \u00c9 uma pergunta que interpela, em primeiro lugar, os l\u00edderes das na\u00e7\u00f5es envolvidas, juntamente com os chefes dos governos europeus e do mundo inteiro. Interpela tamb\u00e9m a consci\u00eancia de cada um de n\u00f3s.<\/p>\n<p style=\"text-align: justify;\">O Papa fez suas as palavras pronunciadas em 1950 por um dos pais fundadores da Europa, Robert Schuman: &#8220;A contribui\u00e7\u00e3o que uma Europa organizada e vital pode dar \u00e0 civiliza\u00e7\u00e3o \u00e9 indispens\u00e1vel para a manuten\u00e7\u00e3o de rela\u00e7\u00f5es pac\u00edficas&#8221;, porque &#8220;a paz mundial n\u00e3o pode ser salvaguardada a n\u00e3o ser por esfor\u00e7os criativos, proporcionais aos perigos que a amea\u00e7am&#8221;. Palavras &#8220;memor\u00e1veis&#8221;, definiu-as Francisco, que depois perguntou: &#8220;Nesta fase hist\u00f3rica, os perigos s\u00e3o muitos; mas, pergunto-me, tamb\u00e9m pensando na atormentada Ucr\u00e2nia, onde est\u00e3o os esfor\u00e7os criativos para a paz?<\/p>\n<p style=\"text-align: justify;\">\u00c9 significativo observar que o Presidente da Rep\u00fablica italiana, Sergio Mattarella, h\u00e1 um ano, falando no Conselho da Europa, j\u00e1 havia citado essa frase de Schuman. Sim, onde est\u00e3o esses esfor\u00e7os criativos? Onde est\u00e1 a diplomacia com sua capacidade de tomar caminhos novos e corajosos para uma negocia\u00e7\u00e3o que ponha fim ao conflito? Onde est\u00e3o os &#8220;projetos de paz&#8221; a serem colocados em a\u00e7\u00e3o para superar os impendentes &#8220;projetos de guerra&#8221;?<\/p>\n<p style=\"text-align: justify;\">A pergunta de Francisco \u00e9 dram\u00e1tica e realista. Dram\u00e1tica, porque nos confronta com a falta de iniciativa por parte de uma Europa que parece estar se rendendo \u00e0 l\u00f3gica do rearmamento e da guerra, ao tempo em que parece bastante \u00e1fona em rela\u00e7\u00e3o \u00e0 paz. Realista, porque nos adverte para n\u00e3o nos acostumarmos ao &#8220;infantilismo b\u00e9lico&#8221;, a um conflito tr\u00e1gico que pode degenerar a qualquer momento, com resultados catastr\u00f3ficos para toda a humanidade.<\/p>\n<p style=\"text-align: justify;\">No entanto, as palavras do Pont\u00edfice, sua refer\u00eancia ao caminho unit\u00e1rio europeu, &#8220;grande esperan\u00e7a&#8221;, juntamente com as Na\u00e7\u00f5es Unidas, para prevenir novas guerras ap\u00f3s a devastadora que terminou em 1945, j\u00e1 cont\u00eam uma resposta. Ela est\u00e1 no convite para redescobrir &#8220;a alma europeia&#8221;, o entusiasmo e o sonho dos pais fundadores, estadistas que souberam olhar al\u00e9m de suas fronteiras, que n\u00e3o cederam \u00e0s sereias do nacionalismo e foram capazes de costurar em vez de rasgar. Milh\u00f5es de pessoas, que hoje veem as grandes esperan\u00e7as criadas pelo fim da Guerra Fria serem frustradas e veem os pesadelos da amea\u00e7a at\u00f4mica retornarem, esperam por uma resposta: onde est\u00e3o os esfor\u00e7os criativos para a paz?<\/p>\n<\/div>\n","protected":false},"excerpt":{"rendered":"<p>O Papa Francisco durante o encontro com as autoridades h\u00fangaras no ex Mosteiro carmelita As palavras de Francisco \u00e0s autoridades h\u00fangaras interpelam os l\u00edderes das na\u00e7\u00f5es envolvidas, juntamente com os chefes dos governos europeus e do mundo inteiro. E interpelam a consci\u00eancia de cada um de n\u00f3s Andrea Tornielli Ou\u00e7a o Editorial e compartilhe \u00c9 [&hellip;]<\/p>\n","protected":false},"author":1,"featured_media":81195,"comment_status":"open","ping_status":"closed","sticky":false,"template":"","format":"standard","meta":{"footnotes":""},"categories":[3],"tags":[],"class_list":["post-81194","post","type-post","status-publish","format-standard","has-post-thumbnail","hentry","category-vaticano"],"_links":{"self":[{"href":"https:\/\/catolicanet.net\/wp-cnet\/wp-json\/wp\/v2\/posts\/81194","targetHints":{"allow":["GET"]}}],"collection":[{"href":"https:\/\/catolicanet.net\/wp-cnet\/wp-json\/wp\/v2\/posts"}],"about":[{"href":"https:\/\/catolicanet.net\/wp-cnet\/wp-json\/wp\/v2\/types\/post"}],"author":[{"embeddable":true,"href":"https:\/\/catolicanet.net\/wp-cnet\/wp-json\/wp\/v2\/users\/1"}],"replies":[{"embeddable":true,"href":"https:\/\/catolicanet.net\/wp-cnet\/wp-json\/wp\/v2\/comments?post=81194"}],"version-history":[{"count":1,"href":"https:\/\/catolicanet.net\/wp-cnet\/wp-json\/wp\/v2\/posts\/81194\/revisions"}],"predecessor-version":[{"id":81196,"href":"https:\/\/catolicanet.net\/wp-cnet\/wp-json\/wp\/v2\/posts\/81194\/revisions\/81196"}],"wp:featuredmedia":[{"embeddable":true,"href":"https:\/\/catolicanet.net\/wp-cnet\/wp-json\/wp\/v2\/media\/81195"}],"wp:attachment":[{"href":"https:\/\/catolicanet.net\/wp-cnet\/wp-json\/wp\/v2\/media?parent=81194"}],"wp:term":[{"taxonomy":"category","embeddable":true,"href":"https:\/\/catolicanet.net\/wp-cnet\/wp-json\/wp\/v2\/categories?post=81194"},{"taxonomy":"post_tag","embeddable":true,"href":"https:\/\/catolicanet.net\/wp-cnet\/wp-json\/wp\/v2\/tags?post=81194"}],"curies":[{"name":"wp","href":"https:\/\/api.w.org\/{rel}","templated":true}]}}