{"id":81174,"date":"2023-04-26T08:57:24","date_gmt":"2023-04-26T11:57:24","guid":{"rendered":"https:\/\/catolicanet.net\/wp-cnet\/?p=81174"},"modified":"2023-04-26T14:58:56","modified_gmt":"2023-04-26T17:58:56","slug":"dom-leomar-reflete-sobre-diretrizes-ide-sai-de-vos-mesmos-ate-chegardes-enfim-ao-reino-que-o-pai-vos-preparou","status":"publish","type":"post","link":"https:\/\/catolicanet.net\/wp-cnet\/dom-leomar-reflete-sobre-diretrizes-ide-sai-de-vos-mesmos-ate-chegardes-enfim-ao-reino-que-o-pai-vos-preparou\/","title":{"rendered":"DOM LEOMAR REFLETE SOBRE DIRETRIZES: \u201cIDE\u2026 SA\u00cd DE V\u00d3S MESMOS AT\u00c9 CHEGARDES ENFIM AO REINO QUE O PAI VOS PREPAROU\u201d"},"content":{"rendered":"<p style=\"text-align: justify;\">A Celebra\u00e7\u00e3o Eucar\u00edstica com V\u00e9speras no s\u00e9timo dia da 60\u00aa Assembleia Geral da Confer\u00eancia Nacional dos Bispos do Brasil (CNBB), que ocorre em Aparecida (SP), teve como tema central as Diretrizes Gerais da A\u00e7\u00e3o Evangelizadora da Igreja no Brasil. A missa foi presidida pelo arcebispo de Santa Maria (RS) e membro da Comiss\u00e3o para a Doutrina da F\u00e9 da CNBB, dom Leomar Ant\u00f4nio Brustolin.<\/p>\n<div id=\"gallery-1\" class=\"gallery galleryid-943564 gallery-columns-3 gallery-size-large\">\n<figure class=\"gallery-item\">\n<div class=\"gallery-icon landscape\"><a class=\"rl-gallery-link\" title=\"\" href=\"https:\/\/www.cnbb.org.br\/wp-content\/uploads\/2023\/04\/60-ag-missa-25-04-23-Thiago-Leon-3-scaled.jpg\" data-rl_title=\"\" data-rl_caption=\"\" data-rel=\"lightbox-gallery-1\"><img loading=\"lazy\" decoding=\"async\" class=\"attachment-large size-large\" src=\"https:\/\/www.cnbb.org.br\/wp-content\/uploads\/2023\/04\/60-ag-missa-25-04-23-Thiago-Leon-3-1024x682.jpg\" sizes=\"auto, (max-width: 1024px) 100vw, 1024px\" srcset=\"https:\/\/www.cnbb.org.br\/wp-content\/uploads\/2023\/04\/60-ag-missa-25-04-23-Thiago-Leon-3-1024x682.jpg 1024w, https:\/\/www.cnbb.org.br\/wp-content\/uploads\/2023\/04\/60-ag-missa-25-04-23-Thiago-Leon-3-300x200.jpg 300w, https:\/\/www.cnbb.org.br\/wp-content\/uploads\/2023\/04\/60-ag-missa-25-04-23-Thiago-Leon-3-768x511.jpg 768w, https:\/\/www.cnbb.org.br\/wp-content\/uploads\/2023\/04\/60-ag-missa-25-04-23-Thiago-Leon-3-1536x1022.jpg 1536w, https:\/\/www.cnbb.org.br\/wp-content\/uploads\/2023\/04\/60-ag-missa-25-04-23-Thiago-Leon-3-2048x1363.jpg 2048w, https:\/\/www.cnbb.org.br\/wp-content\/uploads\/2023\/04\/60-ag-missa-25-04-23-Thiago-Leon-3-500x333.jpg 500w\" alt=\"\" width=\"1024\" height=\"682\" aria-describedby=\"gallery-1-943571\" \/><\/a><\/div><figcaption id=\"gallery-1-943571\" class=\"wp-caption-text gallery-caption\">Foto: Thiago Leon\/Santu\u00e1rio Nacional de Aparecida<\/figcaption><\/figure>\n<figure class=\"gallery-item\">\n<div class=\"gallery-icon landscape\"><a class=\"rl-gallery-link\" title=\"\" href=\"https:\/\/www.cnbb.org.br\/wp-content\/uploads\/2023\/04\/60-ag-missa-25-04-23-Thiago-Leon-4.jpg\" data-rl_title=\"\" data-rl_caption=\"\" data-rel=\"lightbox-gallery-1\"><img loading=\"lazy\" decoding=\"async\" class=\"attachment-large size-large\" src=\"https:\/\/www.cnbb.org.br\/wp-content\/uploads\/2023\/04\/60-ag-missa-25-04-23-Thiago-Leon-4-1024x683.jpg\" sizes=\"auto, (max-width: 1024px) 100vw, 1024px\" srcset=\"https:\/\/www.cnbb.org.br\/wp-content\/uploads\/2023\/04\/60-ag-missa-25-04-23-Thiago-Leon-4-1024x683.jpg 1024w, https:\/\/www.cnbb.org.br\/wp-content\/uploads\/2023\/04\/60-ag-missa-25-04-23-Thiago-Leon-4-300x200.jpg 300w, https:\/\/www.cnbb.org.br\/wp-content\/uploads\/2023\/04\/60-ag-missa-25-04-23-Thiago-Leon-4-768x512.jpg 768w, https:\/\/www.cnbb.org.br\/wp-content\/uploads\/2023\/04\/60-ag-missa-25-04-23-Thiago-Leon-4-500x333.jpg 500w, https:\/\/www.cnbb.org.br\/wp-content\/uploads\/2023\/04\/60-ag-missa-25-04-23-Thiago-Leon-4.jpg 1080w\" alt=\"\" width=\"1024\" height=\"683\" aria-describedby=\"gallery-1-943572\" \/><\/a><\/div><figcaption id=\"gallery-1-943572\" class=\"wp-caption-text gallery-caption\">Foto: Thiago Leon\/Santu\u00e1rio Nacional de Aparecida<\/figcaption><\/figure>\n<figure class=\"gallery-item\">\n<div class=\"gallery-icon landscape\"><a class=\"rl-gallery-link\" title=\"\" href=\"https:\/\/www.cnbb.org.br\/wp-content\/uploads\/2023\/04\/60-ag-missa-25-04-23-Thiago-Leon.jpg\" data-rl_title=\"\" data-rl_caption=\"\" data-rel=\"lightbox-gallery-1\"><img loading=\"lazy\" decoding=\"async\" class=\"attachment-large size-large\" src=\"https:\/\/www.cnbb.org.br\/wp-content\/uploads\/2023\/04\/60-ag-missa-25-04-23-Thiago-Leon-1024x683.jpg\" sizes=\"auto, (max-width: 1024px) 100vw, 1024px\" srcset=\"https:\/\/www.cnbb.org.br\/wp-content\/uploads\/2023\/04\/60-ag-missa-25-04-23-Thiago-Leon-1024x683.jpg 1024w, https:\/\/www.cnbb.org.br\/wp-content\/uploads\/2023\/04\/60-ag-missa-25-04-23-Thiago-Leon-300x200.jpg 300w, https:\/\/www.cnbb.org.br\/wp-content\/uploads\/2023\/04\/60-ag-missa-25-04-23-Thiago-Leon-768x512.jpg 768w, https:\/\/www.cnbb.org.br\/wp-content\/uploads\/2023\/04\/60-ag-missa-25-04-23-Thiago-Leon-500x333.jpg 500w, https:\/\/www.cnbb.org.br\/wp-content\/uploads\/2023\/04\/60-ag-missa-25-04-23-Thiago-Leon.jpg 1080w\" alt=\"\" width=\"1024\" height=\"683\" aria-describedby=\"gallery-1-943573\" \/><\/a><\/div><figcaption id=\"gallery-1-943573\" class=\"wp-caption-text gallery-caption\">Foto: Thiago Leon\/Santu\u00e1rio Nacional de Aparecida<\/figcaption><\/figure>\n<\/div>\n<p>Confira a homilia na \u00edntegra:<\/p>\n<p style=\"text-align: justify;\">Estimados irm\u00e3os no episcopado, irm\u00e3os presb\u00edteros, di\u00e1conos, membros da vida consagrada e do laicato. Sa\u00fado tamb\u00e9m os romeiros e todos que nos acompanham pela r\u00e1dio, televis\u00e3o e internet.<\/p>\n<p style=\"text-align: justify;\">Hoje celebramos S\u00e3o Marcos, que foi disc\u00edpulo de S\u00e3o Pedro, evangelista e tamb\u00e9m o primeiro bispo de Alexandria. Ouvimos o trecho final de seu Evangelho. Ainda que este ep\u00edlogo n\u00e3o seja da sua autoria, certamente est\u00e1 alinhado ao seu empenho em comunicar a Boa Nova do Reino, por isso ressoa com for\u00e7a, para n\u00f3s, a palavra de Jesus \u201cIde pelo mundo inteiro e anunciai o Evangelho a toda criatura!\u201d.<\/p>\n<p style=\"text-align: justify;\">Aquele que \u00e9 \u201cmandado\u201d pelo Pai suscita outros mandatos-mission\u00e1rios que proclamem a sua Boa Nova. Acabada a miss\u00e3o de Jesus, os que o escutaram come\u00e7am o seu caminho. Devem percorrer a mesma estrada do Filho, que testemunha o amor do Pai. Aquilo que o Nazareno ofereceu a Israel, os \u201cnazarenos\u201d devem oferecer a todos os povos.<\/p>\n<p style=\"text-align: justify;\">A imagem que conclui este texto \u00e9 muito sugestiva: o Senhor est\u00e1 sentado \u201c\u00e0 direita de Deus\u201d. Os disc\u00edpulos, ao contr\u00e1rio, n\u00e3o podem ficar parados, devem ir ao mundo. O caminho do Cristo se perpetua no caminho dos disc\u00edpulos. No entanto, a sua aus\u00eancia n\u00e3o \u00e9 um desaparecimento, mas \u00e9 outra forma de acompanhar a miss\u00e3o. Os disc\u00edpulos podem contar com o Emanuel.<\/p>\n<p style=\"text-align: justify;\">O modo de Jesus evangelizar deve definir o modo dos seus seguidores atuarem. Ele age sempre como Aquele que serve, disposto a carregar os sofrimentos, os pecados e as incompreens\u00f5es dos seus irm\u00e3os. Ele anuncia a Boa Nova do Reino aos pobres e aos pecadores. Ele faz comunh\u00e3o de mesa com as pessoas mais diversas. O seu amor vence barreiras intranspon\u00edveis e constr\u00f3i pontes. Ele realiza encontros e di\u00e1logos. Vai buscar a ovelha perdida e faz festa quando a resgata. (Lc 15,3) Desce aos lugares mais escuros da injusti\u00e7a, da discrimina\u00e7\u00e3o, da avareza, da apatia e onde a dor e o sofrimento chegam ao seu grau mais intenso.<\/p>\n<p style=\"text-align: justify;\">O mandato mission\u00e1rio do Senhor come\u00e7a com o verbo \u00abir\u00bb. A miss\u00e3o pressup\u00f5e tamb\u00e9m sempre sair de si, do seu mundo, dos seus interesses, para se aventurar em novos ambientes, entre novas pessoas.\u00a0 A miss\u00e3o requer itiner\u00e2ncia. O Papa Francisco recordou-nos muitas vezes essa perspectiva com uma express\u00e3o que j\u00e1 se tornou proverbial: a \u00abIgreja em sa\u00edda \u00bb.<\/p>\n<p style=\"text-align: justify;\">Enquanto n\u00f3s bispos do Brasil, estamos num processo sinodal para definir as pr\u00f3ximas Diretrizes da A\u00e7\u00e3o Evangelizadora, somos convidados a rezar e refletir sobre a primazia da miss\u00e3o em nossa condi\u00e7\u00e3o de crist\u00e3os. O Papa Francisco, nesse sentido afirmou: \u201cA f\u00e9 ou \u00e9 mission\u00e1ria ou n\u00e3o \u00e9 f\u00e9. A f\u00e9 n\u00e3o \u00e9 uma coisa s\u00f3 para mim, para eu crescer com f\u00e9: isso \u00e9 uma heresia gn\u00f3stica. A f\u00e9 sempre leva voc\u00ea a sair de si mesmo. (\u2026) A f\u00e9 deve ser transmitida, deve ser oferecida, sobretudo com o testemunho\u201d.<\/p>\n<p style=\"text-align: justify;\">A miss\u00e3o parte de um encontro que muda a vida, como nos recorda o Documento de Aparecida em 2007: conhecer a Jesus \u00e9 o melhor presente que qualquer pessoa pode receber; t\u00ea-Lo encontrado foi o melhor que ocorreu em nossa vida, e faz\u00ea-Lo conhecido com nossa palavra e obras \u00e9 nossa alegria.<\/p>\n<p style=\"text-align: justify;\">Fazer Jesus ser conhecido \u00e9 nossa miss\u00e3o. Eis o querigma, o an\u00fancio fundamental que sempre deve ser recordado. Uma nova realidade, entretanto, impele-nos a examinar nossos m\u00e9todos de anunciar o Reino de Deus. \u00c9 urgente rever nossa forma de iniciar na f\u00e9 e fortalecer o senso de perten\u00e7a numa comunidade eclesial. Igualmente precisamos participar ativamente da promo\u00e7\u00e3o do bem comum. Nossa presen\u00e7a nas quest\u00f5es p\u00fablicas, sociais e culturais s\u00e3o indispens\u00e1veis, como ocorreu nas origens do Cristianismo, como atesta a Carta a Diogneto ao dizer: Os crist\u00e3os, de fato, n\u00e3o se distinguem dos outros homens, nem por sua terra, nem por sua l\u00edngua ou costumes. (\u2026) n\u00e3o moram em cidades pr\u00f3prias, nem falam l\u00edngua estranha, nem t\u00eam algum modo especial de viver. (\u2026) testemunham um modo de vida admir\u00e1vel e, sem d\u00favida, paradoxal. Vivem na sua p\u00e1tria, mas como forasteiros; participam de tudo como crist\u00e3os e suportam tudo como estrangeiros.<\/p>\n<p style=\"text-align: justify;\">Comprometidos com a realidade, somos cidad\u00e3os da p\u00e1tria trinit\u00e1ria. Nossa vida se compromete com a encarna\u00e7\u00e3o de Jesus e o Reino de Deus que ele inaugurou, por isso somos mission\u00e1rios. A miss\u00e3o se faz em palavras e gestos. As obras colaboram com a doutrina, e as palavras devem proclamar as obras. N\u00e3o h\u00e1 como separar a rela\u00e7\u00e3o entre f\u00e9 e vida, culto e \u00e9tica, amor a Deus e amor aos irm\u00e3os.<\/p>\n<p style=\"text-align: justify;\">Num mundo marcado por ambiguidades e compuls\u00f5es, somos chamados a vencer a tenta\u00e7\u00e3o de nos acomodarmos; precisamos evangelizar, anunciando que h\u00e1 outro estilo de vida poss\u00edvel: o do Reino de Deus, experimentado entre o j\u00e1 e o ainda n\u00e3o realizado. Diante dos apelos para distrair e anestesiar o sentido da vida e a \u00e9tica, somos vocacionados a vencer a era do vazio e a sociedade do cansa\u00e7o pelo an\u00fancio\/testemunho da Boa Nova do Reino. Assim, somos exortados por S\u00e3o Pedro na primeira leitura: Lan\u00e7ai sobre o Senhor toda a vossa preocupa\u00e7\u00e3o, pois \u00e9 ele quem cuida de v\u00f3s.<\/p>\n<p style=\"text-align: justify;\">Se o primado da evangeliza\u00e7\u00e3o \u00e9 de Deus, a miss\u00e3o jamais ser\u00e1 um ato solit\u00e1rio, mas sempre assistida pela for\u00e7a do alto. O artes\u00e3o da Evangeliza\u00e7\u00e3o \u00e9 o Esp\u00edrito Santo, derramado sobre os ap\u00f3stolos em Pentecostes. E um dos sinais de que a comunidade primitiva era d\u00f3cil ao Esp\u00edrito de Jesus, \u00e9 que a cada dia o Senhor aumentava o n\u00famero dos que eram salvos (At 2,47). Portanto, n\u00e3o podemos ficar numa pastoral de manuten\u00e7\u00e3o que faz sempre o mesmo e o m\u00ednimo para \u201cmanter\u201d o que j\u00e1 existe. O amor \u00e9 sempre criativo. Precisamos de uma ousadia mission\u00e1ria. Uma f\u00e9 sem amor pode se acomodar em pr\u00e1ticas religiosas incapazes de converter ao Evangelho at\u00e9 mesmo aqueles que j\u00e1 se encontram no caminho da f\u00e9.<\/p>\n<p style=\"text-align: justify;\">Necessitamos, portanto, de uma evangeliza\u00e7\u00e3o que seja cada vez mais propositiva e criativa, na dire\u00e7\u00e3o do que ensina a Evangelii Gaudium. O salmo desta celebra\u00e7\u00e3o nos fez cantar essa alegria. Qu\u00e3o feliz \u00e9 aquele povo que conhece a alegria; seguir\u00e1 pelo caminho, sempre \u00e0 luz de vossa face! Quem a Deus tem, nada lhe falta, n\u00e3o sejamos ref\u00e9ns de radicalismos e fanatismos e, tampouco, da seculariza\u00e7\u00e3o, da privatiza\u00e7\u00e3o da religi\u00e3o ou de um ate\u00edsmo pr\u00e1tico que tendem a entristecer e obscurecer a luminosidade da f\u00e9. \u00c9 tempo de sermos mais m\u00edsticos, mais propositivos e mais prof\u00e9ticos.<\/p>\n<p style=\"text-align: justify;\">Nesta casa da Senhora Aparecida, pe\u00e7amos \u00e0 m\u00e3e que tenhamos ouvidos de disc\u00edpulos que escutam a voz do Senhor a repetir aqui e agora: Ide, transmiti a f\u00e9 \u00e0s novas gera\u00e7\u00f5es, fazei disc\u00edpulos entre os pobres, no mundo da educa\u00e7\u00e3o, nas fam\u00edlias e entre os jovens. Ide ao campo e \u00e0 cidade, ide ao encontro dos ribeirinhos e de todas as periferias geogr\u00e1ficas e existenciais . Ide a todas as etnias, n\u00e3o esquecei de ningu\u00e9m. Ide, formai comunidades discipulares. Ide, animai a pastoral ancorados na Palavra de Deus. Ide, cuidai da Cria\u00e7\u00e3o, vossa Casa Comum. Ide\u2026 sa\u00ed de v\u00f3s mesmos at\u00e9 chegardes enfim ao Reino que o Pai vos preparou. E eu estarei convosco at\u00e9 o fim. Assim seja.<\/p>\n<div class=\"ast-oembed-container\"><iframe loading=\"lazy\" title=\"Missa | 60\u00aa Assembleia Geral da CNBB 18h30 - 25\/04\/2023\" src=\"https:\/\/www.youtube.com\/embed\/g_ibLEkYKi8?feature=oembed\" width=\"1200\" height=\"675\" frameborder=\"0\" allowfullscreen=\"allowfullscreen\" data-mce-fragment=\"1\"><\/iframe><\/div>\n<p>&nbsp;<\/p>\n<pre>Foto de capa: Thiago Leon\/Santu\u00e1rio Nacional de Aparecida<\/pre>\n","protected":false},"excerpt":{"rendered":"<p>A Celebra\u00e7\u00e3o Eucar\u00edstica com V\u00e9speras no s\u00e9timo dia da 60\u00aa Assembleia Geral da Confer\u00eancia Nacional dos Bispos do Brasil (CNBB), que ocorre em Aparecida (SP), teve como tema central as Diretrizes Gerais da A\u00e7\u00e3o Evangelizadora da Igreja no Brasil. A missa foi presidida pelo arcebispo de Santa Maria (RS) e membro da Comiss\u00e3o para a [&hellip;]<\/p>\n","protected":false},"author":1,"featured_media":81175,"comment_status":"open","ping_status":"closed","sticky":false,"template":"","format":"standard","meta":{"footnotes":""},"categories":[7],"tags":[],"class_list":["post-81174","post","type-post","status-publish","format-standard","has-post-thumbnail","hentry","category-cnbb"],"_links":{"self":[{"href":"https:\/\/catolicanet.net\/wp-cnet\/wp-json\/wp\/v2\/posts\/81174","targetHints":{"allow":["GET"]}}],"collection":[{"href":"https:\/\/catolicanet.net\/wp-cnet\/wp-json\/wp\/v2\/posts"}],"about":[{"href":"https:\/\/catolicanet.net\/wp-cnet\/wp-json\/wp\/v2\/types\/post"}],"author":[{"embeddable":true,"href":"https:\/\/catolicanet.net\/wp-cnet\/wp-json\/wp\/v2\/users\/1"}],"replies":[{"embeddable":true,"href":"https:\/\/catolicanet.net\/wp-cnet\/wp-json\/wp\/v2\/comments?post=81174"}],"version-history":[{"count":1,"href":"https:\/\/catolicanet.net\/wp-cnet\/wp-json\/wp\/v2\/posts\/81174\/revisions"}],"predecessor-version":[{"id":81176,"href":"https:\/\/catolicanet.net\/wp-cnet\/wp-json\/wp\/v2\/posts\/81174\/revisions\/81176"}],"wp:featuredmedia":[{"embeddable":true,"href":"https:\/\/catolicanet.net\/wp-cnet\/wp-json\/wp\/v2\/media\/81175"}],"wp:attachment":[{"href":"https:\/\/catolicanet.net\/wp-cnet\/wp-json\/wp\/v2\/media?parent=81174"}],"wp:term":[{"taxonomy":"category","embeddable":true,"href":"https:\/\/catolicanet.net\/wp-cnet\/wp-json\/wp\/v2\/categories?post=81174"},{"taxonomy":"post_tag","embeddable":true,"href":"https:\/\/catolicanet.net\/wp-cnet\/wp-json\/wp\/v2\/tags?post=81174"}],"curies":[{"name":"wp","href":"https:\/\/api.w.org\/{rel}","templated":true}]}}