{"id":81170,"date":"2023-04-26T08:54:18","date_gmt":"2023-04-26T11:54:18","guid":{"rendered":"https:\/\/catolicanet.net\/wp-cnet\/?p=81170"},"modified":"2023-04-26T14:56:16","modified_gmt":"2023-04-26T17:56:16","slug":"60a-assembleia-geral-dom-ricardo-hoepers-e-eleito-novo-secretario-geral-da-cnbb","status":"publish","type":"post","link":"https:\/\/catolicanet.net\/wp-cnet\/60a-assembleia-geral-dom-ricardo-hoepers-e-eleito-novo-secretario-geral-da-cnbb\/","title":{"rendered":"60\u00aa ASSEMBLEIA GERAL: DOM RICARDO HOEPERS \u00c9 ELEITO NOVO SECRET\u00c1RIO-GERAL DA CNBB"},"content":{"rendered":"<div class=\"elementor-element elementor-element-3a087bd2 elementor-widget elementor-widget-theme-post-content\" data-id=\"3a087bd2\" data-element_type=\"widget\" data-widget_type=\"theme-post-content.default\">\n<div class=\"elementor-widget-container\">\n<p style=\"text-align: justify;\">O bispo de Rio Grande (RS) e atual presidente da Comiss\u00e3o Episcopal para a Vida e a Fam\u00edlia da Confer\u00eancia Nacional dos Bispos do Brasil (CNBB), dom Ricardo Hoepers, foi eleito novo secret\u00e1rio-geral da entidade. A escolha foi realizada na manh\u00e3 desta ter\u00e7a-feira, 25 de abril, no s\u00e9timo dia da 60\u00aa Assembleia Geral da entidade. Dom Ricardo desempenhar\u00e1 a fun\u00e7\u00e3o nos pr\u00f3ximos quatro anos.<\/p>\n<p style=\"text-align: justify;\">Atendendo \u00e0 recomenda\u00e7\u00e3o estatut\u00e1ria, o arcebispo de Belo Horizonte (MG) e presidente da CNBB, dom Walmor Oliveira de Azevedo, perguntou se o bispo aceita a fun\u00e7\u00e3o confiada pela Assembleia. Dom Ricardo respondeu:<\/p>\n<blockquote><p>\u201cAceito, com muita honra. Muito obrigado!\u201d<\/p><\/blockquote>\n<figure id=\"attachment_943630\" class=\"wp-caption aligncenter\" style=\"text-align: justify;\" aria-describedby=\"caption-attachment-943630\"><img loading=\"lazy\" decoding=\"async\" class=\"size-full wp-image-943630\" src=\"https:\/\/www.cnbb.org.br\/wp-content\/uploads\/2023\/04\/60-ag-Sim-Dom-Ricardo-Vic-Holzbach-8.jpg\" sizes=\"auto, (max-width: 1080px) 100vw, 1080px\" srcset=\"https:\/\/www.cnbb.org.br\/wp-content\/uploads\/2023\/04\/60-ag-Sim-Dom-Ricardo-Vic-Holzbach-8.jpg 1080w, https:\/\/www.cnbb.org.br\/wp-content\/uploads\/2023\/04\/60-ag-Sim-Dom-Ricardo-Vic-Holzbach-8-300x200.jpg 300w, https:\/\/www.cnbb.org.br\/wp-content\/uploads\/2023\/04\/60-ag-Sim-Dom-Ricardo-Vic-Holzbach-8-1024x681.jpg 1024w, https:\/\/www.cnbb.org.br\/wp-content\/uploads\/2023\/04\/60-ag-Sim-Dom-Ricardo-Vic-Holzbach-8-768x511.jpg 768w, https:\/\/www.cnbb.org.br\/wp-content\/uploads\/2023\/04\/60-ag-Sim-Dom-Ricardo-Vic-Holzbach-8-500x332.jpg 500w\" alt=\"\" width=\"1080\" height=\"718\" \/><figcaption id=\"caption-attachment-943630\" class=\"wp-caption-text\">Dom Ricardo Hoepers | Foto: Vict\u00f3ria Holzbach\/CNBB Sul 3<\/figcaption><\/figure>\n<p style=\"text-align: justify;\">\n<h3 style=\"text-align: justify;\">Biografia<\/h3>\n<p style=\"text-align: justify;\"><span data-contrast=\"none\">Nascido em 16 de dezembro de 1970, dom Ricardo ingressou no Semin\u00e1rio Arquidiocesano S\u00e3o Jos\u00e9, em Curitiba, aos 15 anos. Foi ordenado presb\u00edtero em 1999, ap\u00f3s ter cursado Filosofia na Universidade Federal do Paran\u00e1 e Teologia no Studium Theologicum, da Faculdade Claretiana de Teologia, ambas na capital paranaense.<\/span><span data-ccp-props=\"{&quot;201341983&quot;:0,&quot;335559739&quot;:160,&quot;335559740&quot;:259}\">\u00a0<\/span><\/p>\n<p style=\"text-align: justify;\"><span data-contrast=\"none\">Tem especializa\u00e7\u00e3o e mestrado em Bio\u00e9tica, respectivamente pela Faculdade S\u00e3o Camilo, de S\u00e3o Paulo (1999), e pela Academia Afonsiana, de Roma (2011). Tamb\u00e9m tem mestrado em Educa\u00e7\u00e3o pela Pontif\u00edcia Universidade Cat\u00f3lica do Paran\u00e1 e doutorado em Teologia Moral pela Academia Afonsiana.\u00a0\u00a0<\/span><span data-ccp-props=\"{&quot;201341983&quot;:0,&quot;335559739&quot;:160,&quot;335559740&quot;:259}\">\u00a0<\/span><\/p>\n<p style=\"text-align: justify;\"><span data-contrast=\"none\">Acumulou experi\u00eancias como docente e tamb\u00e9m diretor de institui\u00e7\u00e3o de ensino superior. Na arquidiocese de Curitiba, foi coordenador geral do clero, membro do Conselho Presbiteral e do Col\u00e9gio de Consultores. No Regional Sul 2 da CNBB, foi assistente eclesi\u00e1stico da Pastoral da Pessoa com Defici\u00eancia.\u00a0<\/span><span data-ccp-props=\"{&quot;134233117&quot;:false,&quot;134233118&quot;:false,&quot;201341983&quot;:0,&quot;335551550&quot;:1,&quot;335551620&quot;:1,&quot;335559685&quot;:0,&quot;335559737&quot;:0,&quot;335559738&quot;:0,&quot;335559739&quot;:160,&quot;335559740&quot;:259}\">\u00a0<\/span><\/p>\n<p style=\"text-align: justify;\"><span data-contrast=\"none\">Em 2016, foi nomeado bispo de Rio Grande (RS) e recebeu a Ordena\u00e7\u00e3o Episcopal pelas m\u00e3os do arcebispo de Curitiba (PR), dom Jos\u00e9 Antonio Peruzzo, no dia 14 de maio daquele ano. Em 2018, dom Ricardo Hoepers representou a CNBB numa audi\u00eancia p\u00fablica que debateu a descriminaliza\u00e7\u00e3o do aborto no Supremo Tribunal Federal (STF), o que fez com que fosse eleito em primeiro escrut\u00ednio para a presid\u00eancia da Comiss\u00e3o para a Vida e a Fam\u00edlia, na 57\u00aa Assembleia Geral da CNBB, em 2019. No Regional Sul 3 da CNBB, articulou o Observat\u00f3rio Regional de Bio\u00e9tica.\u00a0<\/span><span data-ccp-props=\"{&quot;134233117&quot;:false,&quot;134233118&quot;:false,&quot;201341983&quot;:0,&quot;335551550&quot;:1,&quot;335551620&quot;:1,&quot;335559685&quot;:0,&quot;335559737&quot;:0,&quot;335559738&quot;:0,&quot;335559739&quot;:160,&quot;335559740&quot;:259}\">\u00a0<\/span><\/p>\n<p style=\"text-align: justify;\"><span data-contrast=\"none\">\u00c0 frente da Comiss\u00e3o Episcopal para a Vida e a Fam\u00edlia da CNBB desde 2019, quando foi eleito pela 57\u00aa Assembleia Geral da entidade, teve o mandato marcado pela oferta de diversos itiner\u00e1rios para as fam\u00edlias, por meio da Comiss\u00e3o Nacional da Pastoral Familiar, e a reafirma\u00e7\u00e3o dos posicionamentos da Igreja na defesa da vida desde a concep\u00e7\u00e3o at\u00e9 o fim natural. Dom Ricardo e os demais membros e colaboradores da Comiss\u00e3o articularam a\u00e7\u00f5es pastorais com movimentos eclesiais que atuam com fam\u00edlias; reuniram agentes para atuar nas dimens\u00f5es do Servi\u00e7o \u00e0 Vida e da Comunica\u00e7\u00e3o; criaram o Portal Vida e Fam\u00edlia e o Hora da Fam\u00edlia com encontros mensais, animado pelas indica\u00e7\u00f5es das Diretrizes Gerais da A\u00e7\u00e3o Evangelizadora (DGAE 2019 \u2013 2023).<\/span><span data-ccp-props=\"{&quot;201341983&quot;:0,&quot;335559739&quot;:160,&quot;335559740&quot;:259}\">\u00a0<\/span><\/p>\n<p style=\"text-align: justify;\"><span data-contrast=\"none\">Dom Ricardo Hoepers tamb\u00e9m faz parte da Equipe de Anima\u00e7\u00e3o Nacional do S\u00ednodo 2021-2024 e presidiu, neste quadri\u00eanio, a Comiss\u00e3o Especial de Bio\u00e9tica, articulando especialistas em iniciativas de forma\u00e7\u00e3o e de embasamento para posi\u00e7\u00f5es da Confer\u00eancia na defesa, promo\u00e7\u00e3o e cuidado com a vida humana.<\/span><\/p>\n<pre>Foto de capa: Vict\u00f3ria Holzbach\/CNBB Sul 3<\/pre>\n<p style=\"text-align: justify;\">\n<div class=\"ast-oembed-container\" style=\"text-align: justify;\"><iframe loading=\"lazy\" title=\"60\u00aa AG CNBB - Pronunciamento do Novo Secret\u00e1rio-geral - 25\/04\/2023\" src=\"https:\/\/www.youtube.com\/embed\/NQsZgfqGuvY?feature=oembed\" width=\"1200\" height=\"675\" frameborder=\"0\" allowfullscreen=\"allowfullscreen\" data-mce-fragment=\"1\"><\/iframe><\/div>\n<\/div>\n<\/div>\n","protected":false},"excerpt":{"rendered":"<p>O bispo de Rio Grande (RS) e atual presidente da Comiss\u00e3o Episcopal para a Vida e a Fam\u00edlia da Confer\u00eancia Nacional dos Bispos do Brasil (CNBB), dom Ricardo Hoepers, foi eleito novo secret\u00e1rio-geral da entidade. A escolha foi realizada na manh\u00e3 desta ter\u00e7a-feira, 25 de abril, no s\u00e9timo dia da 60\u00aa Assembleia Geral da entidade. [&hellip;]<\/p>\n","protected":false},"author":1,"featured_media":81171,"comment_status":"open","ping_status":"closed","sticky":false,"template":"","format":"standard","meta":{"footnotes":""},"categories":[7],"tags":[],"class_list":["post-81170","post","type-post","status-publish","format-standard","has-post-thumbnail","hentry","category-cnbb"],"_links":{"self":[{"href":"https:\/\/catolicanet.net\/wp-cnet\/wp-json\/wp\/v2\/posts\/81170","targetHints":{"allow":["GET"]}}],"collection":[{"href":"https:\/\/catolicanet.net\/wp-cnet\/wp-json\/wp\/v2\/posts"}],"about":[{"href":"https:\/\/catolicanet.net\/wp-cnet\/wp-json\/wp\/v2\/types\/post"}],"author":[{"embeddable":true,"href":"https:\/\/catolicanet.net\/wp-cnet\/wp-json\/wp\/v2\/users\/1"}],"replies":[{"embeddable":true,"href":"https:\/\/catolicanet.net\/wp-cnet\/wp-json\/wp\/v2\/comments?post=81170"}],"version-history":[{"count":1,"href":"https:\/\/catolicanet.net\/wp-cnet\/wp-json\/wp\/v2\/posts\/81170\/revisions"}],"predecessor-version":[{"id":81172,"href":"https:\/\/catolicanet.net\/wp-cnet\/wp-json\/wp\/v2\/posts\/81170\/revisions\/81172"}],"wp:featuredmedia":[{"embeddable":true,"href":"https:\/\/catolicanet.net\/wp-cnet\/wp-json\/wp\/v2\/media\/81171"}],"wp:attachment":[{"href":"https:\/\/catolicanet.net\/wp-cnet\/wp-json\/wp\/v2\/media?parent=81170"}],"wp:term":[{"taxonomy":"category","embeddable":true,"href":"https:\/\/catolicanet.net\/wp-cnet\/wp-json\/wp\/v2\/categories?post=81170"},{"taxonomy":"post_tag","embeddable":true,"href":"https:\/\/catolicanet.net\/wp-cnet\/wp-json\/wp\/v2\/tags?post=81170"}],"curies":[{"name":"wp","href":"https:\/\/api.w.org\/{rel}","templated":true}]}}