{"id":81080,"date":"2023-04-24T11:02:26","date_gmt":"2023-04-24T14:02:26","guid":{"rendered":"https:\/\/catolicanet.net\/wp-cnet\/?p=81080"},"modified":"2023-04-24T13:03:56","modified_gmt":"2023-04-24T16:03:56","slug":"padres-e-ciencia-como-sao-maximiliano-kolbe-projetou-uma-nave-espacial","status":"publish","type":"post","link":"https:\/\/catolicanet.net\/wp-cnet\/padres-e-ciencia-como-sao-maximiliano-kolbe-projetou-uma-nave-espacial\/","title":{"rendered":"Padres e ci\u00eancia: como S\u00e3o Maximiliano Kolbe projetou uma nave espacial"},"content":{"rendered":"<h2 class=\"subtitle\" style=\"text-align: justify;\">Ao compararmos seus esbo\u00e7os com a espa\u00e7onave Apollo, que surgiria 51 anos depois, podemos ficar surpresos com o bom trabalho do sacerdote<\/h2>\n<p style=\"text-align: justify;\">S\u00e3o Maximiliano Kolbe \u00e9 conhecido principalmente pelo seu testemunho impactante de auto-sacrif\u00edcio em Auschwitz, onde se ofereceu para\u00a0<a title=\"\" href=\"https:\/\/pt.aleteia.org\/2017\/08\/14\/conheca-o-homem-que-sao-maximiliano-kolbe-salvou-de-auschwitz\/\" target=\"_blank\" rel=\"noopener\">sofrer o mart\u00edrio no lugar de outro prisioneiro<\/a> que tinha esposa e filhos pequenos.<\/p>\n<p style=\"text-align: justify;\">Ele tamb\u00e9m se caracterizou pela not\u00e1vel humildade e profundo amor a Deus e \u00e0 Sant\u00edssima Virgem Maria, vindo a fundar as revistas\u00a0<em><a title=\"\" href=\"https:\/\/pt.aleteia.org\/2021\/05\/25\/revista-catolica-em-japones-criada-por-martir-em-auschwitz-chega-ao-numero-1-000\/\" target=\"_blank\" rel=\"noopener\">O Cavaleiro da Imaculada<\/a><\/em>\u00a0e\u00a0<em>Cidadela da Imaculada<\/em>\u00a0em homenagem a ela.<\/p>\n<p style=\"text-align: justify;\">O que bem menos gente sabe \u00e9 que este sacerdote santo e m\u00e1rtir tamb\u00e9m sentia fasc\u00ednio pela tecnologia e pelas viagens espaciais. De fato, um de seus colegas de semin\u00e1rio relatou que Maximiliano tinha grande interesse pela aerodin\u00e2mica do voo. Os seminaristas o viam frequentemente fazendo desenhos de espa\u00e7onaves.<\/p>\n<p style=\"text-align: justify;\">Na biografia \u201c<em>A Man for Others: Maximilian Kolbe<\/em>\u201c, o autor Bronislaus Strycznys registra que o sacerdote \u201cantecipou a possibilidade de se alcan\u00e7ar a lua com um foguete e pensou em muitas outras inven\u00e7\u00f5es\u201d.<\/p>\n<p style=\"text-align: justify;\">Pode parecer que o encanto de Kolbe pelas viagens espaciais se restringisse a simples rabiscos em seus cadernos, mas, na verdade, tratava-se de esbo\u00e7os respaldados por especifica\u00e7\u00f5es cient\u00edficas. Ele chegou a submeter as suas ideias a uma revista cient\u00edfica em 1918, quando tinha apenas 24 anos de idade. Um de seus professores at\u00e9 sugeriu que ele registrasse uma patente da sua nave espacial.<\/p>\n<p style=\"text-align: justify;\">Estas especifica\u00e7\u00f5es, assim como os seus desenhos originais, podem ser encontradas no livro \u201c<em>The Writings of St. Maximilian Maria Kolbe<\/em>\u201c, volume II. Aleteia n\u00e3o tem permiss\u00e3o da editora para compartilhar estas imagens online, mas o mais pr\u00f3ximo delas \u00e9, curiosamente, a pr\u00f3pria espa\u00e7onave Apollo! Ao compararmos os esbo\u00e7os do pe. Kolbe com a espa\u00e7onave Apollo 1, que surgiria 51 anos depois, podemos ficar bastante surpresos com o bom trabalho do sacerdote.<\/p>\n<p style=\"text-align: justify;\">O esbo\u00e7o pode ser visto no site\u00a0<em><a title=\"\" href=\"https:\/\/catholiccreatives.com\/blog\/patronsaint\" target=\"_blank\" rel=\"noopener\">Catholic Creatives<\/a><\/em>, que tamb\u00e9m registra que o amor de S\u00e3o Maximiliano Kolbe pela tecnologia se estendeu \u00e0s ondas do r\u00e1dio.<\/p>\n<p style=\"text-align: justify;\">A emissora Niepokalanow, fundada por ele, se tornou a primeira esta\u00e7\u00e3o de r\u00e1dio cat\u00f3lica na Pol\u00f4nia em 1938. O padre polon\u00eas tinha planos tamb\u00e9m de evangelizar por meio da televis\u00e3o e do cinema; infelizmente, por\u00e9m, esses planos foram impedidos quando a Alemanha invadiu a Pol\u00f4nia e come\u00e7ou a Segunda Guerra Mundial. O pe. Kolbe seria uma das suas milh\u00f5es de v\u00edtimas, martirizado no campo de concentra\u00e7\u00e3o nazista de Auschwitz em 14 de agosto de 1941.<\/p>\n","protected":false},"excerpt":{"rendered":"<p>Ao compararmos seus esbo\u00e7os com a espa\u00e7onave Apollo, que surgiria 51 anos depois, podemos ficar surpresos com o bom trabalho do sacerdote S\u00e3o Maximiliano Kolbe \u00e9 conhecido principalmente pelo seu testemunho impactante de auto-sacrif\u00edcio em Auschwitz, onde se ofereceu para\u00a0sofrer o mart\u00edrio no lugar de outro prisioneiro que tinha esposa e filhos pequenos. Ele tamb\u00e9m [&hellip;]<\/p>\n","protected":false},"author":1,"featured_media":81081,"comment_status":"open","ping_status":"closed","sticky":false,"template":"","format":"standard","meta":{"footnotes":""},"categories":[4,13],"tags":[],"class_list":["post-81080","post","type-post","status-publish","format-standard","has-post-thumbnail","hentry","category-cotidiano","category-featured"],"_links":{"self":[{"href":"https:\/\/catolicanet.net\/wp-cnet\/wp-json\/wp\/v2\/posts\/81080","targetHints":{"allow":["GET"]}}],"collection":[{"href":"https:\/\/catolicanet.net\/wp-cnet\/wp-json\/wp\/v2\/posts"}],"about":[{"href":"https:\/\/catolicanet.net\/wp-cnet\/wp-json\/wp\/v2\/types\/post"}],"author":[{"embeddable":true,"href":"https:\/\/catolicanet.net\/wp-cnet\/wp-json\/wp\/v2\/users\/1"}],"replies":[{"embeddable":true,"href":"https:\/\/catolicanet.net\/wp-cnet\/wp-json\/wp\/v2\/comments?post=81080"}],"version-history":[{"count":1,"href":"https:\/\/catolicanet.net\/wp-cnet\/wp-json\/wp\/v2\/posts\/81080\/revisions"}],"predecessor-version":[{"id":81082,"href":"https:\/\/catolicanet.net\/wp-cnet\/wp-json\/wp\/v2\/posts\/81080\/revisions\/81082"}],"wp:featuredmedia":[{"embeddable":true,"href":"https:\/\/catolicanet.net\/wp-cnet\/wp-json\/wp\/v2\/media\/81081"}],"wp:attachment":[{"href":"https:\/\/catolicanet.net\/wp-cnet\/wp-json\/wp\/v2\/media?parent=81080"}],"wp:term":[{"taxonomy":"category","embeddable":true,"href":"https:\/\/catolicanet.net\/wp-cnet\/wp-json\/wp\/v2\/categories?post=81080"},{"taxonomy":"post_tag","embeddable":true,"href":"https:\/\/catolicanet.net\/wp-cnet\/wp-json\/wp\/v2\/tags?post=81080"}],"curies":[{"name":"wp","href":"https:\/\/api.w.org\/{rel}","templated":true}]}}