{"id":81002,"date":"2023-04-18T10:51:54","date_gmt":"2023-04-18T13:51:54","guid":{"rendered":"https:\/\/catolicanet.net\/wp-cnet\/?p=81002"},"modified":"2023-04-18T11:53:27","modified_gmt":"2023-04-18T14:53:27","slug":"como-ajudar-seu-filhoa-a-ter-um-coracao-misericordioso","status":"publish","type":"post","link":"https:\/\/catolicanet.net\/wp-cnet\/como-ajudar-seu-filhoa-a-ter-um-coracao-misericordioso\/","title":{"rendered":"Como ajudar seu filho(a) a ter um cora\u00e7\u00e3o misericordioso?"},"content":{"rendered":"<h2 class=\"subtitle\" style=\"text-align: justify;\">Todos os cat\u00f3licos s\u00e3o chamados a ser misericordiosos como o Pai, independentemente de sua idade. Aqui est\u00e3o algumas maneiras de encorajar as crian\u00e7as a praticar a miseric\u00f3rdia<\/h2>\n<p style=\"text-align: justify;\">Amiseric\u00f3rdia n\u00e3o \u00e9 uma prerrogativa exclusiva de Deus. A miseric\u00f3rdia \u00e9 uma qualidade inerente ao Pai, \u201cpaciente e misericordioso\u201d, como o define o Antigo Testamento, e \u00e9 tamb\u00e9m acess\u00edvel aos homens. O Senhor at\u00e9 exorta as pessoas a serem misericordiosas: \u201cSede misericordiosos como vosso Pai \u00e9 misericordioso\u201d (Lc 6,36), diz Jesus. Um desejo ecoado pelo Papa Francisco: \u201cQuanto desejo que os anos vindouros sejam imbu\u00eddos de miseric\u00f3rdia, para que possamos sair ao encontro de cada pessoa e oferecer-lhe a bondade e ternura de Deus\u201d (Misericordiae Vultus). N\u00e3o h\u00e1 idade para ser misericordioso. \u00c9 um caminho que as crian\u00e7as e os adolescentes s\u00e3o perfeitamente capazes de percorrer.<\/p>\n<p style=\"text-align: justify;\">O que \u00e9 miseric\u00f3rdia? Esta palavra vem do latim \u201cmisereo\u201d, mis\u00e9ria, e \u201ccordis\u201d, cora\u00e7\u00e3o. Miseric\u00f3rdia \u00e9 Deus abrindo seu cora\u00e7\u00e3o para a mis\u00e9ria das pessoas. \u00c9 o profundo apego de Deus \u00e0s pessoas. Um apego que se manifesta de uma forma concreta. \u201cMiseric\u00f3rdia \u00e9 a palavra-chave nas Escrituras para indicar a a\u00e7\u00e3o de Deus para conosco\u201d, escreve o Papa em\u00a0<a href=\"https:\/\/www.vatican.va\/content\/francesco\/pt\/apost_letters\/documents\/papa-francesco_bolla_20150411_misericordiae-vultus.html\" target=\"_blank\" rel=\"noopener\">Misericordiae Vultus<\/a>. \u201cSeu amor n\u00e3o s\u00f3 \u00e9 afirmado, mas se torna vis\u00edvel e tang\u00edvel\u201d. Al\u00e9m disso, o amor nunca pode ser uma palavra abstrata. Por sua pr\u00f3pria natureza, \u00e9 vida concreta: inten\u00e7\u00f5es, atitudes, comportamentos que s\u00e3o verificados na a\u00e7\u00e3o di\u00e1ria.<\/p>\n<p style=\"text-align: justify;\">A miseric\u00f3rdia, portanto, \u00e9 este amor muito concreto que nos leva a estar atentos, a consolar, a curar, a perdoar, com palavras, gestos e atitudes. Deus faz isso pelas pessoas e as convida a fazer exatamente o mesmo por seu pr\u00f3ximo. \u201cComo Ele \u00e9 misericordioso, assim somos chamados a ser misericordiosos uns para com os outros\u201d, diz o Papa. Ensinemos ent\u00e3o as crian\u00e7as a olhar para os outros com grande amor, sem julgar e com o desejo de ajudar, de agir para fazer os outros felizes, e a perdoar\u201d.<\/p>\n<h3 class=\"wp-block-aleteia-rich-list\" style=\"text-align: justify;\">1<strong>OUVIR A PALAVRA DE DEUS<\/strong><\/h3>\n<div class=\"block-image-copyrigth-wrap\" style=\"text-align: justify;\">\n<figure class=\"wp-block-image size-large\"><img loading=\"lazy\" decoding=\"async\" class=\"wp-image-181714\" src=\"https:\/\/wp.pt.aleteia.org\/wp-content\/uploads\/sites\/5\/2018\/06\/web3-little-boy-studying-the-scriptures-shutterstock_246112840.jpg?w=1024\" sizes=\"auto, (max-width: 1200px) 100vw, 1200px\" srcset=\"https:\/\/wp.pt.aleteia.org\/wp-content\/uploads\/sites\/5\/2018\/06\/web3-little-boy-studying-the-scriptures-shutterstock_246112840.jpg 1200w, https:\/\/wp.pt.aleteia.org\/wp-content\/uploads\/sites\/5\/2018\/06\/web3-little-boy-studying-the-scriptures-shutterstock_246112840.jpg?resize=150,75 150w, https:\/\/wp.pt.aleteia.org\/wp-content\/uploads\/sites\/5\/2018\/06\/web3-little-boy-studying-the-scriptures-shutterstock_246112840.jpg?resize=300,150 300w, https:\/\/wp.pt.aleteia.org\/wp-content\/uploads\/sites\/5\/2018\/06\/web3-little-boy-studying-the-scriptures-shutterstock_246112840.jpg?resize=768,384 768w, https:\/\/wp.pt.aleteia.org\/wp-content\/uploads\/sites\/5\/2018\/06\/web3-little-boy-studying-the-scriptures-shutterstock_246112840.jpg?resize=1024,512 1024w, https:\/\/wp.pt.aleteia.org\/wp-content\/uploads\/sites\/5\/2018\/06\/web3-little-boy-studying-the-scriptures-shutterstock_246112840.jpg?resize=620,310 620w, https:\/\/wp.pt.aleteia.org\/wp-content\/uploads\/sites\/5\/2018\/06\/web3-little-boy-studying-the-scriptures-shutterstock_246112840.jpg?resize=460,230 460w, https:\/\/wp.pt.aleteia.org\/wp-content\/uploads\/sites\/5\/2018\/06\/web3-little-boy-studying-the-scriptures-shutterstock_246112840.jpg?resize=220,110 220w, https:\/\/wp.pt.aleteia.org\/wp-content\/uploads\/sites\/5\/2018\/06\/web3-little-boy-studying-the-scriptures-shutterstock_246112840.jpg?resize=236,118 236w, https:\/\/wp.pt.aleteia.org\/wp-content\/uploads\/sites\/5\/2018\/06\/web3-little-boy-studying-the-scriptures-shutterstock_246112840.jpg?resize=940,470 940w, https:\/\/wp.pt.aleteia.org\/wp-content\/uploads\/sites\/5\/2018\/06\/web3-little-boy-studying-the-scriptures-shutterstock_246112840.jpg?resize=1140,570 1140w, https:\/\/wp.pt.aleteia.org\/wp-content\/uploads\/sites\/5\/2018\/06\/web3-little-boy-studying-the-scriptures-shutterstock_246112840.jpg?resize=375,188 375w, https:\/\/wp.pt.aleteia.org\/wp-content\/uploads\/sites\/5\/2018\/06\/web3-little-boy-studying-the-scriptures-shutterstock_246112840.jpg?resize=630,315 630w\" alt=\"Crian\u00e7a lendo\" width=\"1200\" height=\"600\" \/><\/figure>\n<div class=\"copyright-text\">By Anelina | Shutterstock<\/div>\n<\/div>\n<p style=\"text-align: justify;\">\u201cPara sermos capazes de miseric\u00f3rdia, devemos primeiro escutar a Palavra de Deus\u201d, diz o Papa em Misericordiae Vultus. \u00c9 de fato a Palavra de Deus que serve como nosso guia. Contemplando a miseric\u00f3rdia de Deus em a\u00e7\u00e3o nas Sagradas Escrituras, podemos fazer dela nosso pr\u00f3prio modo de vida. Por exemplo, voc\u00ea pode sugerir que seu filho leia o Evangelho do Domingo da Miseric\u00f3rdia, que falava da vinda do Cristo ressuscitado a seus disc\u00edpulos e da incredulidade de Tom\u00e9. \u00c9 um belo exemplo de miseric\u00f3rdia de dois pontos de vista: por um lado, Cristo evoca a possibilidade de os disc\u00edpulos perdoarem os pecados: \u201cRecebei o Esp\u00edrito Santo\u201d. A quem perdoardes, seus pecados ser\u00e3o perdoados\u201d (Jo 20,23), e por outro lado, \u00e9 interessante notar que Cristo n\u00e3o acusa Tom\u00e9 por sua descren\u00e7a.<\/p>\n<h3 class=\"wp-block-aleteia-rich-list\" style=\"text-align: justify;\">2<strong>FAZER O BEM AOS OUTROS<\/strong><\/h3>\n<div class=\"block-image-copyrigth-wrap\" style=\"text-align: justify;\">\n<figure class=\"wp-block-image size-large\"><img loading=\"lazy\" decoding=\"async\" class=\"wp-image-483496\" src=\"https:\/\/wp.pt.aleteia.org\/wp-content\/uploads\/sites\/5\/2023\/01\/wnuczek-babcia-dzien-babci-kwiaty-shutterstock_2162371537.jpg?w=1024\" sizes=\"auto, (max-width: 1620px) 100vw, 1620px\" srcset=\"https:\/\/wp.pt.aleteia.org\/wp-content\/uploads\/sites\/5\/2023\/01\/wnuczek-babcia-dzien-babci-kwiaty-shutterstock_2162371537.jpg 1620w, https:\/\/wp.pt.aleteia.org\/wp-content\/uploads\/sites\/5\/2023\/01\/wnuczek-babcia-dzien-babci-kwiaty-shutterstock_2162371537.jpg?resize=150,100 150w, https:\/\/wp.pt.aleteia.org\/wp-content\/uploads\/sites\/5\/2023\/01\/wnuczek-babcia-dzien-babci-kwiaty-shutterstock_2162371537.jpg?resize=300,200 300w, https:\/\/wp.pt.aleteia.org\/wp-content\/uploads\/sites\/5\/2023\/01\/wnuczek-babcia-dzien-babci-kwiaty-shutterstock_2162371537.jpg?resize=768,512 768w, https:\/\/wp.pt.aleteia.org\/wp-content\/uploads\/sites\/5\/2023\/01\/wnuczek-babcia-dzien-babci-kwiaty-shutterstock_2162371537.jpg?resize=1024,683 1024w, https:\/\/wp.pt.aleteia.org\/wp-content\/uploads\/sites\/5\/2023\/01\/wnuczek-babcia-dzien-babci-kwiaty-shutterstock_2162371537.jpg?resize=1536,1024 1536w, https:\/\/wp.pt.aleteia.org\/wp-content\/uploads\/sites\/5\/2023\/01\/wnuczek-babcia-dzien-babci-kwiaty-shutterstock_2162371537.jpg?resize=620,413 620w, https:\/\/wp.pt.aleteia.org\/wp-content\/uploads\/sites\/5\/2023\/01\/wnuczek-babcia-dzien-babci-kwiaty-shutterstock_2162371537.jpg?resize=360,240 360w, https:\/\/wp.pt.aleteia.org\/wp-content\/uploads\/sites\/5\/2023\/01\/wnuczek-babcia-dzien-babci-kwiaty-shutterstock_2162371537.jpg?resize=1140,760 1140w, https:\/\/wp.pt.aleteia.org\/wp-content\/uploads\/sites\/5\/2023\/01\/wnuczek-babcia-dzien-babci-kwiaty-shutterstock_2162371537.jpg?resize=375,250 375w, https:\/\/wp.pt.aleteia.org\/wp-content\/uploads\/sites\/5\/2023\/01\/wnuczek-babcia-dzien-babci-kwiaty-shutterstock_2162371537.jpg?resize=630,420 630w, https:\/\/wp.pt.aleteia.org\/wp-content\/uploads\/sites\/5\/2023\/01\/wnuczek-babcia-dzien-babci-kwiaty-shutterstock_2162371537.jpg?resize=266,177 266w\" alt=\"Wnuczek przytula babci\u0119 po tym, jak wr\u0119czy\u0142 jej w prezencie bukiet kwiat\u00f3w\" width=\"1620\" height=\"1080\" \/><\/figure>\n<div class=\"copyright-text\">Iryna Imago | Shutterstock<\/div>\n<\/div>\n<p style=\"text-align: justify;\">Fazer o bem aos outros pode simplesmente come\u00e7ar por n\u00e3o julg\u00e1-los, n\u00e3o critic\u00e1-los, n\u00e3o abusar deles, n\u00e3o insult\u00e1-los. Todas estas s\u00e3o situa\u00e7\u00f5es que as crian\u00e7as s\u00e3o capazes de entender e agir. Convid\u00e1-las a reconhecer os momentos em que elas se deixam levar pela raiva, ou pelo ci\u00fame, e quando suas palavras est\u00e3o longe de ser um cora\u00e7\u00e3o misericordioso.<\/p>\n<div id=\"aleteia-welcome\" style=\"text-align: justify;\"><\/div>\n<div id=\"article-native-inread_2023_04_18_como-ajudar-seu-filhoa-a-ter-um-coracao-misericordioso\" class=\"css-p8k4vw\" style=\"text-align: justify;\" data-google-query-id=\"COOCt5HXs_4CFfJJuAQdssgPGg\">\n<div id=\"google_ads_iframe_64500793\/PT_NATIVE_ARTICLE_0__container__\"><\/div>\n<\/div>\n<p style=\"text-align: justify;\">Fazer o bem \u00e9 tamb\u00e9m abrir nossos olhos para prestar aten\u00e7\u00e3o aos que sofrem, aos que vivem na pobreza, aos que s\u00e3o fracos. Sentir miseric\u00f3rdia \u00e9 ir em dire\u00e7\u00e3o \u00e0queles que precisam de ajuda, aos idosos ou aos doentes, aos indigentes ou aos isolados. Pode ser outra crian\u00e7a na escola que fica de lado, um vizinho idoso, um parente doente, etc. Incentive seu filho a fazer algo que fa\u00e7a o outro sorrir: uma visita, uma carta, um desenho, um bolo feito por seu filho, etc.<\/p>\n<h3 class=\"wp-block-aleteia-rich-list\" style=\"text-align: justify;\">3<strong>PERDOAR<\/strong><\/h3>\n<div class=\"block-image-copyrigth-wrap\" style=\"text-align: justify;\">\n<figure class=\"wp-block-image size-large\"><img loading=\"lazy\" decoding=\"async\" class=\"wp-image-187979\" src=\"https:\/\/wp.pt.aleteia.org\/wp-content\/uploads\/sites\/5\/2018\/07\/web3-happy-funny-girl-twins-sisters-hugging-and-laughing-shutterstock_298076636.jpg?w=1024\" sizes=\"auto, (max-width: 1200px) 100vw, 1200px\" srcset=\"https:\/\/wp.pt.aleteia.org\/wp-content\/uploads\/sites\/5\/2018\/07\/web3-happy-funny-girl-twins-sisters-hugging-and-laughing-shutterstock_298076636.jpg 1200w, https:\/\/wp.pt.aleteia.org\/wp-content\/uploads\/sites\/5\/2018\/07\/web3-happy-funny-girl-twins-sisters-hugging-and-laughing-shutterstock_298076636.jpg?resize=150,75 150w, https:\/\/wp.pt.aleteia.org\/wp-content\/uploads\/sites\/5\/2018\/07\/web3-happy-funny-girl-twins-sisters-hugging-and-laughing-shutterstock_298076636.jpg?resize=300,150 300w, https:\/\/wp.pt.aleteia.org\/wp-content\/uploads\/sites\/5\/2018\/07\/web3-happy-funny-girl-twins-sisters-hugging-and-laughing-shutterstock_298076636.jpg?resize=768,384 768w, https:\/\/wp.pt.aleteia.org\/wp-content\/uploads\/sites\/5\/2018\/07\/web3-happy-funny-girl-twins-sisters-hugging-and-laughing-shutterstock_298076636.jpg?resize=1024,512 1024w, https:\/\/wp.pt.aleteia.org\/wp-content\/uploads\/sites\/5\/2018\/07\/web3-happy-funny-girl-twins-sisters-hugging-and-laughing-shutterstock_298076636.jpg?resize=620,310 620w, https:\/\/wp.pt.aleteia.org\/wp-content\/uploads\/sites\/5\/2018\/07\/web3-happy-funny-girl-twins-sisters-hugging-and-laughing-shutterstock_298076636.jpg?resize=460,230 460w, https:\/\/wp.pt.aleteia.org\/wp-content\/uploads\/sites\/5\/2018\/07\/web3-happy-funny-girl-twins-sisters-hugging-and-laughing-shutterstock_298076636.jpg?resize=220,110 220w, https:\/\/wp.pt.aleteia.org\/wp-content\/uploads\/sites\/5\/2018\/07\/web3-happy-funny-girl-twins-sisters-hugging-and-laughing-shutterstock_298076636.jpg?resize=236,118 236w, https:\/\/wp.pt.aleteia.org\/wp-content\/uploads\/sites\/5\/2018\/07\/web3-happy-funny-girl-twins-sisters-hugging-and-laughing-shutterstock_298076636.jpg?resize=940,470 940w, https:\/\/wp.pt.aleteia.org\/wp-content\/uploads\/sites\/5\/2018\/07\/web3-happy-funny-girl-twins-sisters-hugging-and-laughing-shutterstock_298076636.jpg?resize=1140,570 1140w, https:\/\/wp.pt.aleteia.org\/wp-content\/uploads\/sites\/5\/2018\/07\/web3-happy-funny-girl-twins-sisters-hugging-and-laughing-shutterstock_298076636.jpg?resize=375,188 375w, https:\/\/wp.pt.aleteia.org\/wp-content\/uploads\/sites\/5\/2018\/07\/web3-happy-funny-girl-twins-sisters-hugging-and-laughing-shutterstock_298076636.jpg?resize=630,315 630w\" alt=\"LOVE\" width=\"1200\" height=\"600\" \/><\/figure>\n<div class=\"copyright-text\">By Evgeny Atamanenko | Shutterstock<\/div>\n<\/div>\n<p style=\"text-align: justify;\">Deus nos perdoou primeiro. Somos convidados a viver a miseric\u00f3rdia porque nos foi mostrada miseric\u00f3rdia primeiramente, enfatiza o Papa. Portanto, ensinemos uma crian\u00e7a a perdoar como Deus nos perdoa. O perd\u00e3o das ofensas torna-se a express\u00e3o mais manifesta do amor misericordioso, e para n\u00f3s, crist\u00e3os, \u00e9 um imperativo do qual n\u00e3o podemos escapar. Muitas vezes parece dif\u00edcil perdoar! Entretanto, o perd\u00e3o \u00e9 o meio colocado em nossas fr\u00e1geis m\u00e3os para alcan\u00e7ar a paz de cora\u00e7\u00e3o. Deixar ir o ressentimento, a raiva, a viol\u00eancia e a vingan\u00e7a \u00e9 a condi\u00e7\u00e3o necess\u00e1ria para viver feliz. Uma crian\u00e7a pode ouvir isto. Convid\u00e1-la a perdoar seu irm\u00e3o, sua irm\u00e3, seu amigo de escola\u2026 porque este \u00e9 um mandamento de Cristo (\u201cAmai-vos uns aos outros\u201d) e traz a paz.<\/p>\n<div id=\"article-desk-content-p6-ad_2023_04_18_como-ajudar-seu-filhoa-a-ter-um-coracao-misericordioso\" class=\"css-p8k4vw\" style=\"text-align: justify;\" data-google-query-id=\"CKDYsJHXs_4CFUiRlQIdat8O2w\">\n<div id=\"google_ads_iframe_64500793\/PT_DESK_ARTICLE_WELCOME_1X1_0__container__\"><\/div>\n<\/div>\n<h3 class=\"wp-block-aleteia-rich-list\" style=\"text-align: justify;\">4<strong>REZAR<\/strong><\/h3>\n<div class=\"block-image-copyrigth-wrap\" style=\"text-align: justify;\">\n<figure class=\"wp-block-image size-large\"><img loading=\"lazy\" decoding=\"async\" class=\"wp-image-493690\" src=\"https:\/\/wp.pt.aleteia.org\/wp-content\/uploads\/sites\/5\/2023\/04\/CHILD-CHARITY.jpg?w=1024\" sizes=\"auto, (max-width: 1200px) 100vw, 1200px\" srcset=\"https:\/\/wp.pt.aleteia.org\/wp-content\/uploads\/sites\/5\/2023\/04\/CHILD-CHARITY.jpg 1200w, https:\/\/wp.pt.aleteia.org\/wp-content\/uploads\/sites\/5\/2023\/04\/CHILD-CHARITY.jpg?resize=150,84 150w, https:\/\/wp.pt.aleteia.org\/wp-content\/uploads\/sites\/5\/2023\/04\/CHILD-CHARITY.jpg?resize=300,169 300w, https:\/\/wp.pt.aleteia.org\/wp-content\/uploads\/sites\/5\/2023\/04\/CHILD-CHARITY.jpg?resize=768,432 768w, https:\/\/wp.pt.aleteia.org\/wp-content\/uploads\/sites\/5\/2023\/04\/CHILD-CHARITY.jpg?resize=1024,576 1024w, https:\/\/wp.pt.aleteia.org\/wp-content\/uploads\/sites\/5\/2023\/04\/CHILD-CHARITY.jpg?resize=620,348 620w, https:\/\/wp.pt.aleteia.org\/wp-content\/uploads\/sites\/5\/2023\/04\/CHILD-CHARITY.jpg?resize=1140,641 1140w, https:\/\/wp.pt.aleteia.org\/wp-content\/uploads\/sites\/5\/2023\/04\/CHILD-CHARITY.jpg?resize=375,211 375w, https:\/\/wp.pt.aleteia.org\/wp-content\/uploads\/sites\/5\/2023\/04\/CHILD-CHARITY.jpg?resize=630,354 630w\" alt=\"Crian\u00e7a fazendo cora\u00e7\u00e3o com as m\u00e3os\" width=\"1200\" height=\"675\" \/><\/figure>\n<div class=\"copyright-text\">SewCreamStudio I Shutterstock<\/div>\n<\/div>\n<p style=\"text-align: justify;\">Ter um cora\u00e7\u00e3o misericordioso como o de Deus \u00e9 um grande desafio. Se uma crian\u00e7a desanimar, diga-lhe que pode pedir ajuda a Deus atrav\u00e9s da ora\u00e7\u00e3o! Aqui est\u00e1 uma breve ora\u00e7\u00e3o para pedir a Deus que seja misericordioso:<\/p>\n<blockquote class=\"wp-block-quote\"><p>Senhor,<br \/>\nAjude-me a estar atento a todos aqueles que amo.<br \/>\nAbrir meu cora\u00e7\u00e3o a todos aqueles que n\u00e3o amo o suficiente.<br \/>\nD\u00ea-me um olhar que n\u00e3o julgue os outros.<br \/>\nAjude-me a perdoar.<br \/>\nAbre minhas m\u00e3os para que eu saiba como doar.<br \/>\nFaz de mim capaz de tranquilizar aqueles que est\u00e3o preocupados.<\/p>\n<p>Am\u00e9m.<\/p><\/blockquote>\n<h3 class=\"wp-block-aleteia-rich-list\" style=\"text-align: justify;\">5<strong>CONFESSAR-SE<\/strong><\/h3>\n<div class=\"block-image-copyrigth-wrap\" style=\"text-align: justify;\">\n<figure class=\"wp-block-image size-large\"><img loading=\"lazy\" decoding=\"async\" class=\"wp-image-444294\" src=\"https:\/\/wp.pt.aleteia.org\/wp-content\/uploads\/sites\/5\/2022\/04\/shutterstock_1324709876.jpg?w=1024\" sizes=\"auto, (max-width: 2880px) 100vw, 2880px\" srcset=\"https:\/\/wp.pt.aleteia.org\/wp-content\/uploads\/sites\/5\/2022\/04\/shutterstock_1324709876.jpg 2880w, https:\/\/wp.pt.aleteia.org\/wp-content\/uploads\/sites\/5\/2022\/04\/shutterstock_1324709876.jpg?resize=150,113 150w, https:\/\/wp.pt.aleteia.org\/wp-content\/uploads\/sites\/5\/2022\/04\/shutterstock_1324709876.jpg?resize=300,225 300w, https:\/\/wp.pt.aleteia.org\/wp-content\/uploads\/sites\/5\/2022\/04\/shutterstock_1324709876.jpg?resize=768,576 768w, https:\/\/wp.pt.aleteia.org\/wp-content\/uploads\/sites\/5\/2022\/04\/shutterstock_1324709876.jpg?resize=1024,768 1024w, https:\/\/wp.pt.aleteia.org\/wp-content\/uploads\/sites\/5\/2022\/04\/shutterstock_1324709876.jpg?resize=1536,1152 1536w, https:\/\/wp.pt.aleteia.org\/wp-content\/uploads\/sites\/5\/2022\/04\/shutterstock_1324709876.jpg?resize=2048,1536 2048w, https:\/\/wp.pt.aleteia.org\/wp-content\/uploads\/sites\/5\/2022\/04\/shutterstock_1324709876.jpg?resize=620,465 620w, https:\/\/wp.pt.aleteia.org\/wp-content\/uploads\/sites\/5\/2022\/04\/shutterstock_1324709876.jpg?resize=1140,855 1140w, https:\/\/wp.pt.aleteia.org\/wp-content\/uploads\/sites\/5\/2022\/04\/shutterstock_1324709876.jpg?resize=375,281 375w, https:\/\/wp.pt.aleteia.org\/wp-content\/uploads\/sites\/5\/2022\/04\/shutterstock_1324709876.jpg?resize=1013,760 1013w, https:\/\/wp.pt.aleteia.org\/wp-content\/uploads\/sites\/5\/2022\/04\/shutterstock_1324709876.jpg?resize=630,473 630w\" alt=\"CONFESSION\" width=\"2880\" height=\"2160\" \/><\/figure>\n<div class=\"copyright-text\">Shutterstock | crbellette<\/div>\n<\/div>\n<p style=\"text-align: justify;\">O sacramento da reconcilia\u00e7\u00e3o, tamb\u00e9m chamado de sacramento da miseric\u00f3rdia, nos permite receber o perd\u00e3o e a for\u00e7a de Deus. Ele nos permite experimentar a infinita miseric\u00f3rdia de Deus: Deus nos ama apesar de nossos pecados, nossas fraquezas, da dist\u00e2ncia que colocamos entre Ele e n\u00f3s mesmos. \u201cN\u00e3o \u00e9 o pecador que volta a Deus para pedir perd\u00e3o, mas Deus que corre atr\u00e1s do pecador e o faz voltar para Ele\u201d, disse o santo Cura d\u2019Ars.<\/p>\n<p style=\"text-align: justify;\">Experimentar a miseric\u00f3rdia de Deus de forma concreta atrav\u00e9s do sacramento da reconcilia\u00e7\u00e3o d\u00e1 for\u00e7a e \u00edmpeto para exercer miseric\u00f3rdia por sua vez. Em outras palavras, trata-se de um sacramento do qual tiramos for\u00e7a para amar. Um valioso apoio para manter um cora\u00e7\u00e3o misericordioso.<\/p>\n<h3 class=\"wp-block-aleteia-rich-list\" style=\"text-align: justify;\">6<strong>ANUNCIAR A MISERIC\u00d3RDIA DE DEUS<\/strong><\/h3>\n<div class=\"block-image-copyrigth-wrap\" style=\"text-align: justify;\">\n<figure class=\"wp-block-image size-large\"><img loading=\"lazy\" decoding=\"async\" class=\"wp-image-458343\" src=\"https:\/\/wp.pt.aleteia.org\/wp-content\/uploads\/sites\/5\/2022\/07\/shutterstock_180568136.jpg?w=1024\" sizes=\"auto, (max-width: 1200px) 100vw, 1200px\" srcset=\"https:\/\/wp.pt.aleteia.org\/wp-content\/uploads\/sites\/5\/2022\/07\/shutterstock_180568136.jpg 1200w, https:\/\/wp.pt.aleteia.org\/wp-content\/uploads\/sites\/5\/2022\/07\/shutterstock_180568136.jpg?resize=150,84 150w, https:\/\/wp.pt.aleteia.org\/wp-content\/uploads\/sites\/5\/2022\/07\/shutterstock_180568136.jpg?resize=300,169 300w, https:\/\/wp.pt.aleteia.org\/wp-content\/uploads\/sites\/5\/2022\/07\/shutterstock_180568136.jpg?resize=768,432 768w, https:\/\/wp.pt.aleteia.org\/wp-content\/uploads\/sites\/5\/2022\/07\/shutterstock_180568136.jpg?resize=1024,576 1024w, https:\/\/wp.pt.aleteia.org\/wp-content\/uploads\/sites\/5\/2022\/07\/shutterstock_180568136.jpg?resize=620,348 620w, https:\/\/wp.pt.aleteia.org\/wp-content\/uploads\/sites\/5\/2022\/07\/shutterstock_180568136.jpg?resize=1140,641 1140w, https:\/\/wp.pt.aleteia.org\/wp-content\/uploads\/sites\/5\/2022\/07\/shutterstock_180568136.jpg?resize=375,211 375w, https:\/\/wp.pt.aleteia.org\/wp-content\/uploads\/sites\/5\/2022\/07\/shutterstock_180568136.jpg?resize=630,354 630w\" alt=\"Crian\u00e7as apontando para o por do sol\" width=\"1200\" height=\"675\" \/><\/figure>\n<div class=\"copyright-text\">ESB Professional|Shutterstock<\/div>\n<\/div>\n<p style=\"text-align: justify;\">\u201cA miss\u00e3o da Igreja \u00e9 proclamar a miseric\u00f3rdia de Deus, o cora\u00e7\u00e3o palpitante do Evangelho, que ela deve levar ao cora\u00e7\u00e3o e \u00e0 mente de todos\u201d, diz o Papa. \u201cA linguagem e os gestos [da Igreja] devem transmitir miseric\u00f3rdia para penetrar nos cora\u00e7\u00f5es das pessoas e encoraj\u00e1-las a encontrar o caminho de volta ao Pai\u201d. Uma vez que se tenha experimentado a miseric\u00f3rdia de Deus, \u00e9 bom dar testemunho alto e claro deste amor de Cristo para todas as pessoas. Este \u00e9 um verdadeiro instrumento para a evangeliza\u00e7\u00e3o. No entanto, isto pressup\u00f5e a identifica\u00e7\u00e3o das provas de amor que Cristo nos d\u00e1. \u00c9 f\u00e1cil acompanhar uma crian\u00e7a para reconhecer a obra de Deus em sua vida e ao mesmo tempo ser grato por ela: a beleza da cria\u00e7\u00e3o, seus dons que nos permitem viver, sua presen\u00e7a atrav\u00e9s da ora\u00e7\u00e3o\u2026<\/p>\n<p style=\"text-align: justify;\">Uma vez que a crian\u00e7a tenha consci\u00eancia do amor do Senhor por ela, ser\u00e1 capaz de expressar sua alegria aos outros. Talvez fale de Jesus a um amigo que n\u00e3o o conhece, ou convide um amigo para um curso de catecismo, para uma missa ou para uma peregrina\u00e7\u00e3o\u2026<\/p>\n<figure class=\"wp-block-embed is-type-video is-provider-dailymotion wp-block-embed-dailymotion wp-embed-aspect-16-9 wp-has-aspect-ratio\" data-original=\"false\">\n<div class=\"wp-block-embed__wrapper\"><span class=\"css-ubwxwi\"><iframe loading=\"lazy\" id=\"dailymotion_embedded_x8k30yh_1\" title=\"Dailymotion video player\" src=\"https:\/\/www.dailymotion.com\/embed\/video\/x8k30yh?api=postMessage&amp;autoplay=false&amp;id=dailymotion_embedded_x8k30yh_1&amp;origin=https%3A%2F%2Fpt.aleteia.org&amp;pubtool=jssdk\" width=\"100%\" height=\"100%\" frameborder=\"0\" allowfullscreen=\"allowfullscreen\" data-mce-fragment=\"1\"><\/iframe><\/span><\/div>\n<\/figure>\n<div class=\"wp-block-aleteia-read-also read-also\" data-category=\"Espiritualidade\" data-category-english=\"spirituality\">\n<div class=\"read-also-inner\"><\/div>\n<\/div>\n","protected":false},"excerpt":{"rendered":"<p>Todos os cat\u00f3licos s\u00e3o chamados a ser misericordiosos como o Pai, independentemente de sua idade. Aqui est\u00e3o algumas maneiras de encorajar as crian\u00e7as a praticar a miseric\u00f3rdia Amiseric\u00f3rdia n\u00e3o \u00e9 uma prerrogativa exclusiva de Deus. A miseric\u00f3rdia \u00e9 uma qualidade inerente ao Pai, \u201cpaciente e misericordioso\u201d, como o define o Antigo Testamento, e \u00e9 tamb\u00e9m [&hellip;]<\/p>\n","protected":false},"author":1,"featured_media":81003,"comment_status":"open","ping_status":"closed","sticky":false,"template":"","format":"standard","meta":{"footnotes":""},"categories":[4,13],"tags":[],"class_list":["post-81002","post","type-post","status-publish","format-standard","has-post-thumbnail","hentry","category-cotidiano","category-featured"],"_links":{"self":[{"href":"https:\/\/catolicanet.net\/wp-cnet\/wp-json\/wp\/v2\/posts\/81002","targetHints":{"allow":["GET"]}}],"collection":[{"href":"https:\/\/catolicanet.net\/wp-cnet\/wp-json\/wp\/v2\/posts"}],"about":[{"href":"https:\/\/catolicanet.net\/wp-cnet\/wp-json\/wp\/v2\/types\/post"}],"author":[{"embeddable":true,"href":"https:\/\/catolicanet.net\/wp-cnet\/wp-json\/wp\/v2\/users\/1"}],"replies":[{"embeddable":true,"href":"https:\/\/catolicanet.net\/wp-cnet\/wp-json\/wp\/v2\/comments?post=81002"}],"version-history":[{"count":1,"href":"https:\/\/catolicanet.net\/wp-cnet\/wp-json\/wp\/v2\/posts\/81002\/revisions"}],"predecessor-version":[{"id":81004,"href":"https:\/\/catolicanet.net\/wp-cnet\/wp-json\/wp\/v2\/posts\/81002\/revisions\/81004"}],"wp:featuredmedia":[{"embeddable":true,"href":"https:\/\/catolicanet.net\/wp-cnet\/wp-json\/wp\/v2\/media\/81003"}],"wp:attachment":[{"href":"https:\/\/catolicanet.net\/wp-cnet\/wp-json\/wp\/v2\/media?parent=81002"}],"wp:term":[{"taxonomy":"category","embeddable":true,"href":"https:\/\/catolicanet.net\/wp-cnet\/wp-json\/wp\/v2\/categories?post=81002"},{"taxonomy":"post_tag","embeddable":true,"href":"https:\/\/catolicanet.net\/wp-cnet\/wp-json\/wp\/v2\/tags?post=81002"}],"curies":[{"name":"wp","href":"https:\/\/api.w.org\/{rel}","templated":true}]}}