{"id":80998,"date":"2023-04-18T10:44:01","date_gmt":"2023-04-18T13:44:01","guid":{"rendered":"https:\/\/catolicanet.net\/wp-cnet\/?p=80998"},"modified":"2023-04-18T11:45:03","modified_gmt":"2023-04-18T14:45:03","slug":"santa-se-cria-observatorio-para-estudar-possiveis-aparicoes-da-virgem-maria","status":"publish","type":"post","link":"https:\/\/catolicanet.net\/wp-cnet\/santa-se-cria-observatorio-para-estudar-possiveis-aparicoes-da-virgem-maria\/","title":{"rendered":"Santa S\u00e9 cria observat\u00f3rio para estudar poss\u00edveis apari\u00e7\u00f5es da Virgem Maria"},"content":{"rendered":"<p style=\"text-align: justify;\">A Santa S\u00e9 cria um Observat\u00f3rio de apari\u00e7\u00f5es e fen\u00f4menos m\u00edsticos ligados \u00e0\u00a0Virgem Maria\u00a0para estudar os diversos casos cuja autenticidade ainda n\u00e3o foi aprovada pela\u00a0Igreja.<\/p>\n<p style=\"text-align: justify;\">A\u00a0Pontif\u00edcia Academia Mariana Internationalis (PAMI) criou\u00a0este observat\u00f3rio com o objetivo de interpretar n\u00e3o apenas as apari\u00e7\u00f5es marianas, mas tamb\u00e9m lacrima\u00e7\u00f5es, locu\u00e7\u00f5es interiores, estigmas e outros fen\u00f4menos m\u00edsticos do passado e do presente que ainda aguardam uma resposta da autoridade eclesi\u00e1stica.<\/p>\n<p style=\"text-align: justify;\">Em\u00a0comunicado de imprensa, o presidente da PAMI, o padre Stefano Cecchin, diz que &#8220;o objetivo \u00e9 dar apoio concreto ao estudo, autentica\u00e7\u00e3o e divulga\u00e7\u00e3o correta de tais eventos, sempre em harmonia com o magist\u00e9rio eclesi\u00e1stico, as autoridades competentes e as normas em vigor pela Santa S\u00e9 sobre o assunto\u201d.<\/p>\n<p style=\"text-align: justify;\">Stefano Cecchin disse que o observat\u00f3rio \u201coperar\u00e1 de forma sistem\u00e1tica, estrat\u00e9gica, multidisciplinar e qualificada, tamb\u00e9m em colabora\u00e7\u00e3o com especialistas e pesquisadores, personalidades de alto n\u00edvel no campo cient\u00edfico e autoridades eclesi\u00e1sticas\u201d.<\/p>\n<p style=\"text-align: justify;\">Ele tamb\u00e9m esclareceu que esses fen\u00f4menos costumam causar confus\u00e3o e, portanto, &#8220;\u00e9 importante dar apoio ao treinamento, pois lidar com certos casos requer uma prepara\u00e7\u00e3o adequada&#8221;.<\/p>\n<p style=\"text-align: justify;\">O observat\u00f3rio \u00e9 formado por um Comit\u00ea Diretor e um Comit\u00ea Cient\u00edfico Central e iniciou oficialmente suas atividades com uma primeira reuni\u00e3o no s\u00e1bado (15), na sede do PAMI em Roma, onde funcionar\u00e1 rotineiramente.<\/p>\n<p style=\"text-align: justify;\">&#8220;O objetivo do Observat\u00f3rio \u00e9 agir com efici\u00eancia e capilaridade, ativar comiss\u00f5es nacionais e internacionais para avaliar e estudar apari\u00e7\u00f5es e fen\u00f4menos m\u00edsticos relatados em v\u00e1rias \u00e1reas do mundo, para promover atividades de atualiza\u00e7\u00e3o e treinamento sobre esses tipos de eventos e seus m\u00faltiplos significados espirituais e culturais&#8221;, disse Cecchin.<\/p>\n<p style=\"text-align: justify;\">O observat\u00f3rio tamb\u00e9m visa promover atividades de divulga\u00e7\u00e3o e consultoria de alto n\u00edvel, especialmente a servi\u00e7o das Igrejas locais e dos\u00a0bispos, \u201cmas tamb\u00e9m atividades de pesquisa transdisciplinar em conjunto com institui\u00e7\u00f5es acad\u00eamicas, tanto leigas como eclesi\u00e1sticas, e a publica\u00e7\u00e3o dos resultados da pesquisa realizada\u201d.<\/p>\n","protected":false},"excerpt":{"rendered":"<p>A Santa S\u00e9 cria um Observat\u00f3rio de apari\u00e7\u00f5es e fen\u00f4menos m\u00edsticos ligados \u00e0\u00a0Virgem Maria\u00a0para estudar os diversos casos cuja autenticidade ainda n\u00e3o foi aprovada pela\u00a0Igreja. A\u00a0Pontif\u00edcia Academia Mariana Internationalis (PAMI) criou\u00a0este observat\u00f3rio com o objetivo de interpretar n\u00e3o apenas as apari\u00e7\u00f5es marianas, mas tamb\u00e9m lacrima\u00e7\u00f5es, locu\u00e7\u00f5es interiores, estigmas e outros fen\u00f4menos m\u00edsticos do passado e [&hellip;]<\/p>\n","protected":false},"author":1,"featured_media":80999,"comment_status":"open","ping_status":"closed","sticky":false,"template":"","format":"standard","meta":{"footnotes":""},"categories":[4,13],"tags":[],"class_list":["post-80998","post","type-post","status-publish","format-standard","has-post-thumbnail","hentry","category-cotidiano","category-featured"],"_links":{"self":[{"href":"https:\/\/catolicanet.net\/wp-cnet\/wp-json\/wp\/v2\/posts\/80998","targetHints":{"allow":["GET"]}}],"collection":[{"href":"https:\/\/catolicanet.net\/wp-cnet\/wp-json\/wp\/v2\/posts"}],"about":[{"href":"https:\/\/catolicanet.net\/wp-cnet\/wp-json\/wp\/v2\/types\/post"}],"author":[{"embeddable":true,"href":"https:\/\/catolicanet.net\/wp-cnet\/wp-json\/wp\/v2\/users\/1"}],"replies":[{"embeddable":true,"href":"https:\/\/catolicanet.net\/wp-cnet\/wp-json\/wp\/v2\/comments?post=80998"}],"version-history":[{"count":1,"href":"https:\/\/catolicanet.net\/wp-cnet\/wp-json\/wp\/v2\/posts\/80998\/revisions"}],"predecessor-version":[{"id":81000,"href":"https:\/\/catolicanet.net\/wp-cnet\/wp-json\/wp\/v2\/posts\/80998\/revisions\/81000"}],"wp:featuredmedia":[{"embeddable":true,"href":"https:\/\/catolicanet.net\/wp-cnet\/wp-json\/wp\/v2\/media\/80999"}],"wp:attachment":[{"href":"https:\/\/catolicanet.net\/wp-cnet\/wp-json\/wp\/v2\/media?parent=80998"}],"wp:term":[{"taxonomy":"category","embeddable":true,"href":"https:\/\/catolicanet.net\/wp-cnet\/wp-json\/wp\/v2\/categories?post=80998"},{"taxonomy":"post_tag","embeddable":true,"href":"https:\/\/catolicanet.net\/wp-cnet\/wp-json\/wp\/v2\/tags?post=80998"}],"curies":[{"name":"wp","href":"https:\/\/api.w.org\/{rel}","templated":true}]}}