{"id":80911,"date":"2023-04-13T10:06:30","date_gmt":"2023-04-13T13:06:30","guid":{"rendered":"https:\/\/catolicanet.net\/wp-cnet\/?p=80911"},"modified":"2023-04-13T17:08:14","modified_gmt":"2023-04-13T20:08:14","slug":"o-papa-as-religiosas-sejam-corajosas-nao-a-amargura-e-o-elixir-do-diabo","status":"publish","type":"post","link":"https:\/\/catolicanet.net\/wp-cnet\/o-papa-as-religiosas-sejam-corajosas-nao-a-amargura-e-o-elixir-do-diabo\/","title":{"rendered":"O Papa \u00e0s religiosas: sejam corajosas. N\u00e3o \u00e0 amargura, \u00e9 &#8220;o elixir do diabo&#8221;"},"content":{"rendered":"<figure class=\"article__image\"><span class=\"didascalia_img\">O Papa com as participantes da Assembleia Geral da Uni\u00e3o das Superioras Maiores da It\u00e1lia (USMI)\u00a0 (Vatican Media)<\/span><\/figure>\n<div class=\"article__meta audioInside\" data-mediatype=\"\">\n<div class=\"article__subTitle\" style=\"text-align: justify;\">Caminhar juntos, aproveitando a riqueza inesgot\u00e1vel do Evangelho que quebra os esquemas e semeia a esperan\u00e7a. O Papa recebeu a Uni\u00e3o das Superioras Maiores da It\u00e1lia e as exortou a serem construtoras do Reino de Deus, em comunh\u00e3o com outras realidades eclesiais sem perder a alegria, a aud\u00e1cia e a dedica\u00e7\u00e3o.<\/div>\n<div class=\"title__separator\" style=\"text-align: justify;\"><\/div>\n<div class=\"article__text\">\n<p style=\"text-align: justify;\"><b>Mariangela Jaguraba &#8211; Vatican News<\/b><\/p>\n<p style=\"text-align: justify;\">O Papa Francisco recebeu em audi\u00eancia, nesta quinta-feira (13\/04), na Sala Clementina, no Vaticano, as participantes da Assembleia Geral da Uni\u00e3o das Superioras Maiores da It\u00e1lia (USMI).<\/p>\n<div style=\"text-align: justify;\">\n<div class=\"article__embed article__embed--unwrap article__embed--dark\">\n<div class=\"article__innerTitle\">Ou\u00e7a e compartilhe<\/div>\n<div>\n<!--[if lt IE 9]><script>document.createElement('audio');<\/script><![endif]-->\n<audio class=\"wp-audio-shortcode\" id=\"audio-80911-1\" preload=\"none\" style=\"width: 100%;\" controls=\"controls\"><source type=\"audio\/mpeg\" src=\"https:\/\/media.vaticannews.va\/media\/audio\/s1\/2023\/04\/13\/16\/137026605_F137026605.mp3?_=1\" \/><a href=\"https:\/\/media.vaticannews.va\/media\/audio\/s1\/2023\/04\/13\/16\/137026605_F137026605.mp3\">https:\/\/media.vaticannews.va\/media\/audio\/s1\/2023\/04\/13\/16\/137026605_F137026605.mp3<\/a><\/audio>\n<\/div>\n<\/div>\n<\/div>\n<p style=\"text-align: justify;\">Nestes dias, a USMI est\u00e1 reunida em sua 70\u00aa Assembleia Geral sobre o tema &#8220;No caminho sinodal, mulheres testemunhas do Ressuscitado&#8221;.<\/p>\n<h2 style=\"text-align: justify;\">Recuperar o frescor original do Evangelho<\/h2>\n<p style=\"text-align: justify;\">Em seu discurso, o Papa sublinhou tr\u00eas aspectos sugeridos por esse tema. No primeiro aspecto, mulheres testemunhas do Ressuscitado, Francisco recordou que &#8220;<b>as primeiras testemunhas da Ressurrei\u00e7\u00e3o do Senhor foram as mulheres, as disc\u00edpulas<\/b>, que com a sua aud\u00e1cia sempre nos lembram que \u00abJesus Cristo pode tamb\u00e9m quebrar os esquemas ma\u00e7antes nos quais tentamos aprision\u00e1-lo e surpreender-nos com a sua constante criatividade divina\u00bb, porque \u00abCristo \u00e9 o \u201cEvangelho eterno\u201d\u00bb e \u00aba sua riqueza e a sua beleza s\u00e3o inesgot\u00e1veis\u00bb&#8221;.<\/p>\n<div style=\"text-align: justify;\">\n<div class=\"article__embed article__embed--border embed_style\">\n<blockquote><p>\u201cAquelas mulheres corajosas deixaram-se surpreender e impelir pela for\u00e7a e pela luz do Ressuscitado e puseram-se a caminho a procur\u00e1-lo. Elas tinham plena consci\u00eancia de como \u00e9 importante ter o Senhor vivo no cora\u00e7\u00e3o.\u201d<\/p><\/blockquote>\n<\/div>\n<\/div>\n<p style=\"text-align: justify;\"><i>A atitude delas nos recorda que se tivermos a coragem de<\/i>\u00a0\u00ab<i>voltar \u00e0 fonte e recuperar o frescor original do Evangelho, despontam novas estradas, m\u00e9todos criativos, outras formas de express\u00e3o, sinais mais eloquentes, palavras cheias de renovado significado para o mundo atual<\/i>\u00bb<i>.<\/i><\/p>\n<p style=\"text-align: justify;\">Segundo o Papa, quando nos perguntamos: O que fazemos agora nesta situa\u00e7\u00e3o? e rezamos para ver o que Senhor nos diz no Evangelho, &#8220;dali vem a inspira\u00e7\u00e3o e surge um novo caminho, \u00e0s vezes surge uma fam\u00edlia religiosa, \u00e0s vezes se tomam decis\u00f5es que parecem assustadoras&#8221;. &#8220;S<b>empre caminhar com coragem, ver o que o Senhor nos diz hoje. \u00c9 verdade que cada uma de voc\u00eas tem o pr\u00f3prio carisma, e \u00e9 com este esp\u00edrito que voc\u00eas t\u00eam que se interrogar. Com o esp\u00edrito dos fundadores que voc\u00eas t\u00eam no cora\u00e7\u00e3o, voc\u00eas devem perguntar: &#8220;Senhor, o que eu devo fazer hoje? O que devemos fazer?&#8221;. As mulheres s\u00e3o boas para isso, sabem abrir novos caminhos, sabem doa, s\u00e3o corajosas<\/b>&#8220;, sublinhou Francisco.<\/p>\n<h2 style=\"text-align: justify;\">\u00a0O caminho sinodal \u00e9 o Esp\u00edrito Santo<\/h2>\n<p style=\"text-align: justify;\">Passemos agora ao segundo aspecto: no caminho sinodal. Numa outra passagem, o Evangelho diz que \u00abas mulheres sa\u00edram depressa para dar a not\u00edcia aos disc\u00edpulos\u00bb. &#8220;A presen\u00e7a de Jesus n\u00e3o nos fecha em n\u00f3s mesmos, mas nos impele ao encontro com os outros e \u00e0 decis\u00e3o de caminhar com os outros&#8221;, disse o Papa.<\/p>\n<p style=\"text-align: justify;\"><i>Estas mulheres n\u00e3o escolheram guardar a alegria do encontro s\u00f3 para si, nem fazer o caminho sozinhas: elas escolheram caminhar juntas com os outros.<\/i><\/p>\n<div style=\"text-align: justify;\">\n<div class=\"article__embed article__embed--border embed_style\">\n<blockquote><p>\u201cPorque \u00e9 pr\u00f3prio da mulher ser generosa: \u00e9 assim. \u00c0s vezes t\u00eam algumas neur\u00f3ticas, mas isso est\u00e1 um pouco em todo lugar! Por\u00e9m, mulher significa dar vida, abrir caminhos, convidar os outros, caminhar juntos.\u201d<\/p><\/blockquote>\n<\/div>\n<\/div>\n<p style=\"text-align: justify;\"><i>Recordamos sempre que &#8220;para &#8216;caminhar juntos&#8217; \u00e9 necess\u00e1rio nos deixar educar pelo Esp\u00edrito a uma mentalidade realmente sinodal, entrando com coragem e liberdade de cora\u00e7\u00e3o num processo de convers\u00e3o&#8221;, porque \u00aba sinodalidade \u00e9 o caminho principal para a Igreja, chamada a renovar-se sob a a\u00e7\u00e3o do Esp\u00edrito e gra\u00e7as \u00e0 escuta da Palavra\u00bb.<\/i><\/p>\n<p style=\"text-align: justify;\">Segundo Francisco, quando se fala de &#8220;esp\u00edrito sinodal&#8221; pode dar um pouco de medo e fazer-nos fechar de uma forma diferente. Por\u00e9m, &#8220;<b>o caminho em esp\u00edrito sinodal \u00e9 escutar, rezar e caminhar. O caminho sinodal \u00e9 o Esp\u00edrito Santo: Ele \u00e9 a cabe\u00e7a do caminho sinodal, Ele \u00e9 o protagonista<\/b>&#8220;.<\/p>\n<h2 style=\"text-align: justify;\">Chamado, resposta fiel e esperan\u00e7a<\/h2>\n<p style=\"text-align: justify;\">Por fim, o terceiro aspecto: semeadoras de esperan\u00e7a. &#8220;Hoje sentimos falta desta humilde pequena virtude que \u00e9 a esperan\u00e7a: sentimos muita falta. Temos vers\u00f5es mundanas, como o otimismo, o bom senso elevado. N\u00e3o: a esperan\u00e7a, a menor, por\u00e9m a mais forte das virtudes, aquela que nunca desilude. E voc\u00eas devem ser semeadoras de esperan\u00e7a, o que n\u00e3o \u00e9 o mesmo que semeadoras de otimismo: n\u00e3o. De esperan\u00e7a, que \u00e9 outra coisa&#8221;, sublinhou.<\/p>\n<p style=\"text-align: justify;\">&#8220;O encontro com Jesus Ressuscitado enche de esperan\u00e7a e \u00abisso exige ser fermento de Deus no meio da humanidade\u00bb&#8221;, disse ainda o Papa. Em outras palavras, \u00absignifica anunciar e levar a salva\u00e7\u00e3o de Deus ao nosso mundo, que muitas vezes se perde, que precisa de respostas que encorajem, que deem esperan\u00e7a, que deem novo vigor ao caminho\u00bb. &#8220;Chamado, resposta fiel e esperan\u00e7a, ir em frente com esperan\u00e7a. \u00abSejamos realistas, mas sem perder a alegria, a aud\u00e1cia e a dedica\u00e7\u00e3o cheia de esperan\u00e7a\u00bb&#8221;, disse ainda Francisco.<\/p>\n<h2 style=\"text-align: justify;\">Cuidado com as doen\u00e7as da vida consagrada<\/h2>\n<p style=\"text-align: justify;\">Por fim, o Papa pediu \u00e0s religiosas para tomarem &#8220;cuidado com as doen\u00e7as da vida consagrada, pois elas existem&#8221;. Ele destacou uma: &#8220;a amargura. Aquele esp\u00edrito de acidez por dentro. A amargura \u00e9 o licor do diabo: o diabo nos cozinha nela, com esse licor&#8221;.<\/p>\n<div style=\"text-align: justify;\">\n<div class=\"article__embed article__embed--border embed_style\">\n<blockquote><p>\u201cN\u00e3o estou falando de otimismo: otimismo \u00e9 uma coisa psicol\u00f3gica. Falo de esperan\u00e7a, de abertura ao Esp\u00edrito, e isso \u00e9 teol\u00f3gico. Uma voca\u00e7\u00e3o religiosa deve seguir este caminho. A amargura, a acidez do cora\u00e7\u00e3o, faz muito mal.\u201d<\/p><\/blockquote>\n<\/div>\n<\/div>\n<p style=\"text-align: justify;\"><i>Por favor, quando voc\u00eas verem que na comunidade ou alguma irm\u00e3 est\u00e1 nessa, ajude-a a sair dessa situa\u00e7\u00e3o; ajude-a a sair da situa\u00e7\u00e3o de pessoas melanc\u00f3licas que sempre pensam: &#8220;Mas, nos outros tempos era melhor! Este \u00e9 o elixir do diabo, esta amargura, o licor de amargura. Por favor, nada disso, apenas deixar o Esp\u00edrito nos dar essa do\u00e7ura que \u00e9 uma do\u00e7ura espiritual.<\/i><\/p>\n<\/div>\n<\/div>\n","protected":false},"excerpt":{"rendered":"<p>O Papa com as participantes da Assembleia Geral da Uni\u00e3o das Superioras Maiores da It\u00e1lia (USMI)\u00a0 (Vatican Media) Caminhar juntos, aproveitando a riqueza inesgot\u00e1vel do Evangelho que quebra os esquemas e semeia a esperan\u00e7a. O Papa recebeu a Uni\u00e3o das Superioras Maiores da It\u00e1lia e as exortou a serem construtoras do Reino de Deus, em [&hellip;]<\/p>\n","protected":false},"author":1,"featured_media":80912,"comment_status":"open","ping_status":"closed","sticky":false,"template":"","format":"standard","meta":{"footnotes":""},"categories":[3],"tags":[],"class_list":["post-80911","post","type-post","status-publish","format-standard","has-post-thumbnail","hentry","category-vaticano"],"_links":{"self":[{"href":"https:\/\/catolicanet.net\/wp-cnet\/wp-json\/wp\/v2\/posts\/80911","targetHints":{"allow":["GET"]}}],"collection":[{"href":"https:\/\/catolicanet.net\/wp-cnet\/wp-json\/wp\/v2\/posts"}],"about":[{"href":"https:\/\/catolicanet.net\/wp-cnet\/wp-json\/wp\/v2\/types\/post"}],"author":[{"embeddable":true,"href":"https:\/\/catolicanet.net\/wp-cnet\/wp-json\/wp\/v2\/users\/1"}],"replies":[{"embeddable":true,"href":"https:\/\/catolicanet.net\/wp-cnet\/wp-json\/wp\/v2\/comments?post=80911"}],"version-history":[{"count":1,"href":"https:\/\/catolicanet.net\/wp-cnet\/wp-json\/wp\/v2\/posts\/80911\/revisions"}],"predecessor-version":[{"id":80913,"href":"https:\/\/catolicanet.net\/wp-cnet\/wp-json\/wp\/v2\/posts\/80911\/revisions\/80913"}],"wp:featuredmedia":[{"embeddable":true,"href":"https:\/\/catolicanet.net\/wp-cnet\/wp-json\/wp\/v2\/media\/80912"}],"wp:attachment":[{"href":"https:\/\/catolicanet.net\/wp-cnet\/wp-json\/wp\/v2\/media?parent=80911"}],"wp:term":[{"taxonomy":"category","embeddable":true,"href":"https:\/\/catolicanet.net\/wp-cnet\/wp-json\/wp\/v2\/categories?post=80911"},{"taxonomy":"post_tag","embeddable":true,"href":"https:\/\/catolicanet.net\/wp-cnet\/wp-json\/wp\/v2\/tags?post=80911"}],"curies":[{"name":"wp","href":"https:\/\/api.w.org\/{rel}","templated":true}]}}