{"id":80788,"date":"2023-04-06T09:51:16","date_gmt":"2023-04-06T12:51:16","guid":{"rendered":"https:\/\/catolicanet.net\/wp-cnet\/?p=80788"},"modified":"2023-04-10T12:52:32","modified_gmt":"2023-04-10T15:52:32","slug":"missa-vespertina-da-ceia-do-senhor-quinta-feira-santa","status":"publish","type":"post","link":"https:\/\/catolicanet.net\/wp-cnet\/missa-vespertina-da-ceia-do-senhor-quinta-feira-santa\/","title":{"rendered":"Missa Vespertina da Ceia do Senhor \u2013 Quinta-Feira Santa"},"content":{"rendered":"<p style=\"text-align: center;\"><em>\u201cO c\u00e1lice por n\u00f3s aben\u00e7oado, \u00e9 a nossa comunh\u00e3o com o sangue do Senhor\u201d! (Sl 115\/116)<\/em><\/p>\n<p style=\"text-align: justify;\">A partir do anoitecer da Quinta-Feira Santa, inicia-se o Tr\u00edduo Pascal que se organiza como uma \u00fanica celebra\u00e7\u00e3o que inicia na Quinta-Feira Santa e termina na grande Vig\u00edlia Pascal, no S\u00e1bado Santo. Ap\u00f3s a missa da Quinta-Feira, n\u00e3o tem a b\u00ean\u00e7\u00e3o final, mas a translada\u00e7\u00e3o do Sant\u00edssimo Sacramento at\u00e9 um local preparado para que fique exposto para adora\u00e7\u00e3o at\u00e9 a tarde da Sexta-Feira. Do mesmo modo, na Sexta-Feira Santa, n\u00e3o h\u00e1 ben\u00e7\u00e3o final, apenas uma ora\u00e7\u00e3o de despedida ao final da celebra\u00e7\u00e3o e somente no S\u00e1bado Santo h\u00e1 a grande ben\u00e7\u00e3o solene da P\u00e1scoa.<\/p>\n<p style=\"text-align: justify;\">Portanto, somos convidados a viver intensamente o Tr\u00edduo Pascal, e participar de todas as celebra\u00e7\u00f5es. N\u00e3o podemos participar apenas de um dia, mas temos que vivenciar o mist\u00e9rio da nossa f\u00e9 que \u00e9 a P\u00e1scoa de Cristo. Temos que participar da morte e ressurrei\u00e7\u00e3o de Jesus, n\u00e3o somente da morte ou somente da ressurrei\u00e7\u00e3o, mas de todo o mist\u00e9rio pascal. Com a Ceia Sagrada, que celebraremos hoje, fazemos mem\u00f3ria daquilo que Jesus fez e repetimos esse momento em todas as missas, rememorando a entrega de Jesus por n\u00f3s. Em todas as missas, fazemos mem\u00f3ria do mist\u00e9rio pascal de Cristo, e cremos por meio da f\u00e9 que Ele est\u00e1 presente no meio de n\u00f3s e que aquelas esp\u00e9cies do p\u00e3o e do vinho se tornaram o Corpo e Sangue de Jesus. Ceia Pascal, morte de Cristo na cruz, ressurrei\u00e7\u00e3o \u2013 3 momentos atualizados em cada missa.<\/p>\n<p style=\"text-align: justify;\">O mist\u00e9rio da Eucaristia n\u00e3o se explica, mas se vive, \u00e9 um mist\u00e9rio t\u00e3o grande que s\u00f3 vai ter explica\u00e7\u00e3o na eternidade quando estivermos face a face com Cristo. A Eucaristia \u00e9 o que sustenta a Igreja e, al\u00e9m desse mist\u00e9rio ser recordado em toda missa, \u00e9 recordado de maneira especial na Quinta-Feira Santa, dia da institui\u00e7\u00e3o da Eucaristia por excel\u00eancia, e no dia de Corpus Christi, que acontece sempre 60 dias ap\u00f3s a Quinta-Feira Santa, e nesse ano ocorrer\u00e1 no dia 8 de junho.<\/p>\n<p style=\"text-align: justify;\">Participemos da missa vespertina da Ceia do Senhor iniciando bem o nosso Tr\u00edduo Pascal. Normalmente, as par\u00f3quias colocam a celebra\u00e7\u00e3o da Quinta-Feira Santa \u00e0 noite, entre 18h30 ou 20h, para justamente dar tempo daqueles fi\u00e9is que trabalham poderem participar da missa. A Eucaristia tem tamanha import\u00e2ncia para a Igreja que toda quinta-feira \u00e9 dia votivo \u00e0 Eucaristia, ou seja, dia dedicado \u00e0 exposi\u00e7\u00e3o do Sant\u00edssimo Sacramento e a missa pode ser celebrada com paramentos brancos e ora\u00e7\u00f5es pr\u00f3prias referentes \u00e0 Eucaristia.<\/p>\n<p style=\"text-align: justify;\">Nessa missa da Quinta-Feira Santa, al\u00e9m de recordar a institui\u00e7\u00e3o da Eucaristia, recordamos um gesto nobre que Jesus fez nessa mesma noite antes da ceia. Jesus lava os p\u00e9s dos disc\u00edpulos ensinando que n\u00f3s devemos fazer o mesmo, no sentido de que devemos nos doar ao pr\u00f3ximo e amar o nosso semelhante sem esperar nada troca. Ainda com esse gesto, Jesus nos ensina a humildade e que ningu\u00e9m deve se achar melhor do que o outro. Esse gesto \u00e9 recordado ap\u00f3s o Evangelho, antes do ofert\u00f3rio. Algumas pessoas chamam essa missa de Missa do Lava-P\u00e9s, mas o lava-p\u00e9s \u00e9 apenas um rito simb\u00f3lico que acontece durante a missa, o nome certo para essa missa \u00e9: Missa vespertina da Ceia do Senhor.<\/p>\n<p style=\"text-align: justify;\">A primeira leitura dessa missa \u00e9 do livro do \u00caxodo <em>(Ex 12,1-8.11-14). <\/em>Nessa leitura, recordamos como era celebrada a P\u00e1scoa no Antigo Testamento, a P\u00e1scoa recordava antes de tudo a passagem do povo judeu da escravid\u00e3o no Egito at\u00e9 entrar na terra prometida. A P\u00e1scoa para o povo judeu significa a passagem da escravid\u00e3o para a liberdade. Para celebrar a P\u00e1scoa, era necess\u00e1rio imolar o \u201ccordeiro pascal\u201d, que era um animal. Para n\u00f3s, hoje, o Cordeiro Pascal \u00e9 Cristo e na P\u00e1scoa agradecemos a Deus por ter permitido o seu filho \u201cimolar-se\u201d por n\u00f3s. A P\u00e1scoa para o cristianismo ganha um novo sentido, que \u00e9 celebrar a paix\u00e3o, morte e ressurrei\u00e7\u00e3o de Jesus e \u00e9 a passagem da morte para a vida. A P\u00e1scoa crist\u00e3 que n\u00f3s celebramos tem suas ra\u00edzes na P\u00e1scoa judaica, e n\u00e3o \u00e9 mais necess\u00e1rio imolar o \u201ccordeiro\u201d, hoje em dia o \u201cCordeiro Pascal\u201d \u00e9 o pr\u00f3prio Cristo.<\/p>\n<p style=\"text-align: justify;\">O salmo responsorial \u00e9 o <em>115 (116B), <\/em>que diz em seu refr\u00e3o: \u201c<em>O c\u00e1lice por n\u00f3s aben\u00e7oado, \u00e9 a nossa comunh\u00e3o com o sangue do Senhor\u201d. <\/em>Quando o sacerdote consagra o p\u00e3o e o vinho, e pela a\u00e7\u00e3o do Esp\u00edrito Santo, eles se transformam no corpo e sangue de Cristo. Ao comungarmos, entramos em comunh\u00e3o com o Senhor, uma comunh\u00e3o eterna e de amor, que viveremos de maneira plena na eternidade.<\/p>\n<p style=\"text-align: justify;\">A segunda leitura dessa missa \u00e9 da carta de S\u00e3o Paulo aos Cor\u00edntios (<em>1Cor 11,23-26). <\/em>Paulo diz \u00e0 comunidade de Corinto aquilo que ele recebeu de Deus e do Esp\u00edrito Santo, ele faz a narrativa da \u00faltima ceia, e que a partir do momento que comungamos do corpo e sangue do Senhor, devemos partilhar os nossos bens entre os membros da comunidade. Ao participar da Ceia do Senhor, anunciamos a morte do Senhor e proclamamos a sua ressurrei\u00e7\u00e3o.<\/p>\n<p style=\"text-align: justify;\">O Evangelho dessa quinta-feira \u00e9 de Jo\u00e3o <em>(Jo 13, 1-15). <\/em>O Evangelho de Jo\u00e3o sempre aparece nas solenidades e festas, sobretudo quando se trata da Eucaristia. Jo\u00e3o \u00e9 aquele que fala do amor e a Eucaristia \u00e9 a maior prova de amor de Deus por n\u00f3s. Deus se doa a n\u00f3s e n\u00f3s devemos nos doar aos irm\u00e3os. O Verbo se fez carne e habitou entre n\u00f3s, precisou Deus se fazer homem para ensinar a humanidade o caminho do amor.<\/p>\n<p style=\"text-align: justify;\">Jo\u00e3o relata nesse Evangelho que estava pr\u00f3xima a P\u00e1scoa dos judeus, e que o Diabo j\u00e1 havia colocado no cora\u00e7\u00e3o de Judas o desejo de trair Jesus. Ap\u00f3s o lava-p\u00e9s e durante a ultima ceia, Jesus diz que um dentre os 12 o haveria de trair. Eles ficaram inquietos e se perguntando quem deles seria capaz de tal coisa. Ap\u00f3s Jesus molhar o p\u00e3o no molho e dar a Judas, Ele diz: <em>\u201cFa\u00e7a logo o que tem que fazer\u201d. <\/em>Judas sai correndo e vai ao encontro daqueles que deveriam prender Jesus.<\/p>\n<p style=\"text-align: justify;\">Jesus, com a \u00faltima ceia, instaura a nova P\u00e1scoa, ou seja, n\u00e3o seria mais necess\u00e1rio imolar o \u201ccordeiro\u201d, Ele mesmo seria o cordeiro dali por diante. Em toda missa, recordamos a mem\u00f3ria dessa ceia e o mist\u00e9rio pascal de Cristo. Por isso, Ele mesmo disse: <em>\u201cFazei isto em mem\u00f3ria de mim\u201d. <\/em><\/p>\n<p style=\"text-align: justify;\">Iniciemos com o cora\u00e7\u00e3o cheio de f\u00e9 e esperan\u00e7a o Tr\u00edduo Pascal com a missa vespertina da Ceia do Senhor e lava-p\u00e9s. Estejamos com o Senhor desde o calv\u00e1rio at\u00e9 a ressurrei\u00e7\u00e3o. Que possamos sempre participar da Ceia sagrada e aprendamos a partilhar o p\u00e3o com os mais pobres. Que a gra\u00e7a de Deus venha sobre n\u00f3s, nos liberte do pecado e nos ajude a comungar a nossa salva\u00e7\u00e3o.<\/p>\n","protected":false},"excerpt":{"rendered":"<p>\u201cO c\u00e1lice por n\u00f3s aben\u00e7oado, \u00e9 a nossa comunh\u00e3o com o sangue do Senhor\u201d! (Sl 115\/116) A partir do anoitecer da Quinta-Feira Santa, inicia-se o Tr\u00edduo Pascal que se organiza como uma \u00fanica celebra\u00e7\u00e3o que inicia na Quinta-Feira Santa e termina na grande Vig\u00edlia Pascal, no S\u00e1bado Santo. Ap\u00f3s a missa da Quinta-Feira, n\u00e3o tem [&hellip;]<\/p>\n","protected":false},"author":5,"featured_media":55819,"comment_status":"open","ping_status":"closed","sticky":false,"template":"","format":"standard","meta":{"footnotes":""},"categories":[13],"tags":[],"class_list":["post-80788","post","type-post","status-publish","format-standard","has-post-thumbnail","hentry","category-featured"],"_links":{"self":[{"href":"https:\/\/catolicanet.net\/wp-cnet\/wp-json\/wp\/v2\/posts\/80788","targetHints":{"allow":["GET"]}}],"collection":[{"href":"https:\/\/catolicanet.net\/wp-cnet\/wp-json\/wp\/v2\/posts"}],"about":[{"href":"https:\/\/catolicanet.net\/wp-cnet\/wp-json\/wp\/v2\/types\/post"}],"author":[{"embeddable":true,"href":"https:\/\/catolicanet.net\/wp-cnet\/wp-json\/wp\/v2\/users\/5"}],"replies":[{"embeddable":true,"href":"https:\/\/catolicanet.net\/wp-cnet\/wp-json\/wp\/v2\/comments?post=80788"}],"version-history":[{"count":1,"href":"https:\/\/catolicanet.net\/wp-cnet\/wp-json\/wp\/v2\/posts\/80788\/revisions"}],"predecessor-version":[{"id":80789,"href":"https:\/\/catolicanet.net\/wp-cnet\/wp-json\/wp\/v2\/posts\/80788\/revisions\/80789"}],"wp:featuredmedia":[{"embeddable":true,"href":"https:\/\/catolicanet.net\/wp-cnet\/wp-json\/wp\/v2\/media\/55819"}],"wp:attachment":[{"href":"https:\/\/catolicanet.net\/wp-cnet\/wp-json\/wp\/v2\/media?parent=80788"}],"wp:term":[{"taxonomy":"category","embeddable":true,"href":"https:\/\/catolicanet.net\/wp-cnet\/wp-json\/wp\/v2\/categories?post=80788"},{"taxonomy":"post_tag","embeddable":true,"href":"https:\/\/catolicanet.net\/wp-cnet\/wp-json\/wp\/v2\/tags?post=80788"}],"curies":[{"name":"wp","href":"https:\/\/api.w.org\/{rel}","templated":true}]}}