{"id":80785,"date":"2023-04-07T09:49:51","date_gmt":"2023-04-07T12:49:51","guid":{"rendered":"https:\/\/catolicanet.net\/wp-cnet\/?p=80785"},"modified":"2023-04-10T12:50:47","modified_gmt":"2023-04-10T15:50:47","slug":"as-sete-palavras-de-cristo-na-cruz-2","status":"publish","type":"post","link":"https:\/\/catolicanet.net\/wp-cnet\/as-sete-palavras-de-cristo-na-cruz-2\/","title":{"rendered":"As Sete Palavras de Cristo na Cruz"},"content":{"rendered":"<p style=\"text-align: center;\"><em>\u201cPai, em tuas m\u00e3os entrego meu Esp\u00edrito\u201d (Lc 23,46)<\/em><\/p>\n<p style=\"text-align: justify;\"><strong>\u00a0<\/strong>Ao passar os 40 dias do per\u00edodo quaresmal e adentrar a Semana Santa, que \u00e9 a Semana Maior para os crist\u00e3os, cabe a n\u00f3s lembrarmos das sete palavras de Jesus na Cruz. O n\u00famero sete na Sagrada Escritura significa perfei\u00e7\u00e3o ou totalidade. At\u00e9 do alto da Cruz Deus \u00e9 perfeito, e para selar o seu mist\u00e9rio de amor com a humanidade, Cristo antes de morrer profere as sete palavras. As sete palavras de Cristo na Cruz costumam ser meditadas na Sexta-Feira da Paix\u00e3o ou em outra ocasi\u00e3o conforme a tradi\u00e7\u00e3o local.<\/p>\n<p style=\"text-align: justify;\">Nesse momento, Jesus estava tomado de grande ang\u00fastia devido ao que Ele estava sofrendo e o que ainda estava por vir. Jesus sabia que era necess\u00e1rio Ele passar por tudo aquilo, mas diante da crueldade que fizeram com Ele, Jesus profere tais palavras. Os evangelistas recuperam essas palavras e d\u00e3o um forte significado para esse momento.<\/p>\n<p style=\"text-align: justify;\">O profeta Isa\u00edas, no cap\u00edtulo 53, em que retrata o servo sofredor, diz: \u201c<em>como um cordeiro que se conduz ao matadouro, Ele n\u00e3o abriu a boca\u201d (Is 53,7). <\/em>Podemos comparar esse texto de Isa\u00edas referido de servo sofredor com Jesus. As palavras que Jesus profere s\u00e3o palavras de ang\u00fastia e de dor, como de algu\u00e9m que est\u00e1 prestes a morrer. A Igreja sempre guardou com carinho essas sete palavras de Cristo na Cruz e deu a elas o seu rico significado. Jesus esvazia-se totalmente, sai de si mesmo e se dirige aos outros.<\/p>\n<p style=\"text-align: justify;\">A primeira palavra que Jesus profere do alto da cruz \u00e9: \u201c<em>Pai, perdoai-lhes porque eles n\u00e3o sabem o que fazem\u201d (Lc 23,34). <\/em>Durante toda a sua vida, Jesus pregou o perd\u00e3o e amor de Deus a todos. Quando se encontrava com os pecadores mostrava o rosto da miseric\u00f3rdia de Deus. O perd\u00e3o fez parte da vida de Jesus e o seus seguidores devem seguir o seu exemplo. Por isso, Jesus perdoa at\u00e9 aqueles que lhe condenaram a morte.<\/p>\n<p style=\"text-align: justify;\">Sabemos como \u00e9 dif\u00edcil perdoar, com certeza n\u00e3o perdoar\u00edamos algu\u00e9m que nos condenasse \u00e0 morte injustamente. Muitas vezes, por coisa pequena, n\u00e3o perdoamos o nosso semelhante, n\u00e3o conseguimos colocar a ora\u00e7\u00e3o do Pai Nosso em pr\u00e1tica, que dir\u00e1 perdoar aquele que nos ofendeu. Mas Jesus, sendo o filho de Deus e sabendo que era necess\u00e1rio que a Escritura se cumprisse, perdoa aqueles que o conduzem a morte. Jesus ainda sabia que aqueles que estavam o crucificando n\u00e3o faziam aquilo porque queriam, mas fazia porque eram mandados, sobretudo, pelas autoridades pol\u00edticas.<\/p>\n<p style=\"text-align: justify;\">Por mais que seja dif\u00edcil perdoar, \u00e9 melhor perdoar do que condenar, o perd\u00e3o alivia a alma e nos deixa mais leves. Aprendamos, pois, do Mestre, que perdoou at\u00e9 mesmo aqueles que lhe condenaram.<\/p>\n<p style=\"text-align: justify;\">A segunda Palavra de Cristo na Cruz \u00e9: \u201c<em>Hoje mesmo estar\u00e1s comigo no Para\u00edso\u201d (Lc 23,43). <\/em>Jesus morre entre dois ladr\u00f5es, enquanto um o insultava dizendo que se fosse de fato Deus, os salvaria da morte, o outro manda que esse se cale e diz que ele n\u00e3o respeita nem a Deus que sofre o mesmo castigo que ele. Jesus diz a esse \u201cbom ladr\u00e3o\u201d: <em>\u201cDe hoje em diante estar\u00e1s comigo no Para\u00edso\u201d. <\/em>O para\u00edso n\u00e3o \u00e9 simplesmente \u201cum lugar\u201d, mas uma situa\u00e7\u00e3o de plenitude da vida, onde n\u00e3o haver\u00e1 mais dor, sofrimento e pranto. Nesse lugar, habitar\u00e1 a justi\u00e7a e a paz. Que possamos construir o para\u00edso aqui na terra e viv\u00ea-lo de maneira plena no c\u00e9u, construamos aqui a verdadeira paz e a justi\u00e7a.<\/p>\n<p style=\"text-align: justify;\">Que ao final da nossa vida, o Senhor tamb\u00e9m possa dizer para n\u00f3s: \u201c<em>Hoje mesmo estar\u00e1s comigo no Para\u00edso\u201d (Lc 23,43).<\/em> Vivamos a nossa vida de acordo com o evangelho para que isso aconte\u00e7a. Desde o nosso batismo, somos chamados a trilhar uma vida pautada na santidade e ser luz na vida do pr\u00f3ximo, que ao final da nossa vida a luz do Senhor nos alcance.<\/p>\n<p style=\"text-align: justify;\">A terceira palavra de Cristo na Cruz \u00e9: \u201c<em>Mulher, eis a\u00ed o teu filho; filho eis a\u00ed a tua m\u00e3e\u201d (Jo 19,26). <\/em>Com essa fala, Jesus entrega o disc\u00edpulo aos cuidados da sua M\u00e3e e sua M\u00e3e aos cuidados do disc\u00edpulo. Ao entregar Maria ao disc\u00edpulo, Ele a entrega a humanidade inteira, por isso Maria \u00e9 a M\u00e3e da Igreja e da humanidade. A partir desse momento, o disc\u00edpulo a acolhe consigo e cuida dela.\u00a0 Jo\u00e3o, tamb\u00e9m de p\u00e9 junto \u00e0 Cruz, representa todo seguidor fiel de Jesus, mesmo nos momentos de crise. Esse momento tamb\u00e9m nos ensina a n\u00e3o nos desesperarmos diante do sofrimento, pois o caminho do calv\u00e1rio \u00e9 necess\u00e1rio para se chegar \u00e0 gl\u00f3ria da ressurrei\u00e7\u00e3o.<\/p>\n<p style=\"text-align: justify;\">Qu\u00e3o grande presente Jesus nos deu, de termos como m\u00e3e a sua pr\u00f3pria M\u00e3e, Maria \u00e9 m\u00e3e de todos n\u00f3s e, consequentemente, M\u00e3e da Igreja, pois o povo de Deus forma a Igreja. Tenhamos Maria como M\u00e3e, que possamos nutrir em n\u00f3s a espiritualidade mariana, sobretudo, rezando todos os dias o santo ter\u00e7o, para que ela nos ajude na luta contra o mal.<\/p>\n<p style=\"text-align: justify;\">A quarta palavra \u00e9: \u201c<em>Meu Deus, Meu Deus, por que me abandonaste\u201d? (Mt 27, 46). <\/em>Jesus se sente num momento de esvaziamento e abandono, Ele grita junto com toda a humanidade sofredora e grita por aqueles que resolveram abandonar Deus e seguir os seus pr\u00f3prios interesses. Nos dias de hoje, Ele continua gritando por tantos que o abandonam e n\u00e3o querem ouvir a sua voz. Logicamente, Jesus tinha certeza de que Deus estava com Ele, e sabia que era necess\u00e1rio Ele passar pela cruz, mas ele Grita, em uma forma de chamar a aten\u00e7\u00e3o, de tantos cora\u00e7\u00f5es insens\u00edveis que de forma cruel entregaram o filho do homem.<\/p>\n<p style=\"text-align: justify;\">Algumas vezes, queremos fazer como Jesus e perguntar a Deus: <em>\u201cMeu Deus, Meu Deus, porque me abandonaste\u201d? <\/em>Lan\u00e7amos essa pergunta diante de alguma situa\u00e7\u00e3o que passamos, normalmente, alguma situa\u00e7\u00e3o de dificuldade. Mas tenhamos a certeza no cora\u00e7\u00e3o de que Deus nunca nos abandona, ao contr\u00e1rio, Ele sempre est\u00e1 conosco e se aconteceu algo n\u00e3o muito agrad\u00e1vel conosco agora, com certeza Deus est\u00e1 preparando algo melhor para n\u00f3s mais adiante.<\/p>\n<p style=\"text-align: justify;\">A quinta palavra \u00e9 <em>\u201cTenho sede\u201d (Jo 19,28). <\/em>Jesus, sabendo que se aproximava a hora de entregar o seu esp\u00edrito ao Pai e de selar de uma vez por todas a alian\u00e7a entre o c\u00e9u e a terra, diz a frase: <em>\u201cTenho sede\u201d. <\/em>Os soldados embebedam vinagre na ponta de uma esponja e levam-na a boca de Jesus, e ele diz: <em>\u201cTudo est\u00e1 consumado\u201d. <\/em>A partir desse momento, Ele entrega o seu esp\u00edrito a Deus, dando o \u00faltimo suspiro.<\/p>\n<p style=\"text-align: justify;\">Jesus diz essa frase <em>\u201ctenho sede\u201d (Jo 19,28<\/em>), pois tem sede de entregar a sua vida ao Pai e sabia que por meio de sua morte muitas almas seriam salvas. Essa sede que Jesus sente \u00e9 mais do que uma sede f\u00edsica, mas \u00e9 uma sede de entregar-se completamente ao Pai.<\/p>\n<p style=\"text-align: justify;\">A sexta palavra \u00e9: <em>\u201cTudo est\u00e1 consumado\u201d (Jo 19,30). <\/em>Jesus, ap\u00f3s beber do vinagre, diz que tudo est\u00e1 consumado, ou seja, o tempo se cumpriu, a sua miss\u00e3o aqui na terra terminou. Jesus esvazia-se totalmente, se abaixa totalmente e nos resgata do pecado. Com a sua morte, Jesus desce \u00e0 mans\u00e3o dos mortos para resgatar aqueles que foram feridos pelo pecado, resgata Ad\u00e3o, o primeiro homem, e ressurge glorioso para nos ensinar o caminho da liberdade, longe do pecado. Do madeiro da cruz, brota a \u00e1rvore da vida.<\/p>\n<p style=\"text-align: justify;\">Que ao final da nossa vida possamos dizer como Jesus: <em>\u201cTudo est\u00e1 consumado\u201d (Jo 19,30), <\/em>ou como Paulo, \u201c<em>Combati o bom combate\u201d, <\/em>que possamos nos consumir no an\u00fancio do evangelho e ser sinal de santidade a quem se aproxima de n\u00f3s.<\/p>\n<p style=\"text-align: justify;\">A s\u00e9tima palavra \u00e9: <em>\u201cPai, em tuas m\u00e3os entrego meu esp\u00edrito\u201d (Lc 23,46). <\/em>Essa foi a entrega final de Jesus, j\u00e1 quando n\u00e3o suportava mais a dor dos bra\u00e7os esticados na cruz, dos p\u00e9s juntos com prego e da coroa de espinhos cravando a sua testa. Jesus j\u00e1 havia suportado muito as dores, mas chegou um momento em que era melhor Ele se entregar e nos bra\u00e7os do Pai ser curado de suas dores. Na vida eterna, n\u00e3o haver\u00e1 mais dor e nem sofrimento, ser\u00e1 somente alegrias ao lado de Deus.<\/p>\n<p style=\"text-align: justify;\">Jesus confia plenamente no Pai e sabia que ao entregar o seu esp\u00edrito plenamente nas m\u00e3os de Deus, Ele ressuscitaria ao terceiro dia. Com a morte de Jesus, a alian\u00e7a entre c\u00e9u e terra se concretizaria plenamente.<\/p>\n<p style=\"text-align: justify;\">Confiemos em Deus, da mesma forma que Jesus, e aceitemos fazer a sua santa vontade. Que \u00e0 semelhan\u00e7a de Jesus possamos dizer ao final de nossa vida: <em>\u201cPai, em tuas m\u00e3os entrego meu esp\u00edrito\u201d. <\/em><\/p>\n<p style=\"text-align: justify;\">Portanto, irm\u00e3os e irm\u00e3s, guardemos em nosso cora\u00e7\u00e3o as sete palavras de Cristo na cruz. Se pudermos, participemos desse momento na Semana Santa. E que da cruz possamos chegar \u00e0 gl\u00f3ria eterna, ao lado de Deus.<\/p>\n","protected":false},"excerpt":{"rendered":"<p>\u201cPai, em tuas m\u00e3os entrego meu Esp\u00edrito\u201d (Lc 23,46) \u00a0Ao passar os 40 dias do per\u00edodo quaresmal e adentrar a Semana Santa, que \u00e9 a Semana Maior para os crist\u00e3os, cabe a n\u00f3s lembrarmos das sete palavras de Jesus na Cruz. O n\u00famero sete na Sagrada Escritura significa perfei\u00e7\u00e3o ou totalidade. At\u00e9 do alto da [&hellip;]<\/p>\n","protected":false},"author":5,"featured_media":55819,"comment_status":"open","ping_status":"closed","sticky":false,"template":"","format":"standard","meta":{"footnotes":""},"categories":[9],"tags":[],"class_list":["post-80785","post","type-post","status-publish","format-standard","has-post-thumbnail","hentry","category-artigos"],"_links":{"self":[{"href":"https:\/\/catolicanet.net\/wp-cnet\/wp-json\/wp\/v2\/posts\/80785","targetHints":{"allow":["GET"]}}],"collection":[{"href":"https:\/\/catolicanet.net\/wp-cnet\/wp-json\/wp\/v2\/posts"}],"about":[{"href":"https:\/\/catolicanet.net\/wp-cnet\/wp-json\/wp\/v2\/types\/post"}],"author":[{"embeddable":true,"href":"https:\/\/catolicanet.net\/wp-cnet\/wp-json\/wp\/v2\/users\/5"}],"replies":[{"embeddable":true,"href":"https:\/\/catolicanet.net\/wp-cnet\/wp-json\/wp\/v2\/comments?post=80785"}],"version-history":[{"count":1,"href":"https:\/\/catolicanet.net\/wp-cnet\/wp-json\/wp\/v2\/posts\/80785\/revisions"}],"predecessor-version":[{"id":80786,"href":"https:\/\/catolicanet.net\/wp-cnet\/wp-json\/wp\/v2\/posts\/80785\/revisions\/80786"}],"wp:featuredmedia":[{"embeddable":true,"href":"https:\/\/catolicanet.net\/wp-cnet\/wp-json\/wp\/v2\/media\/55819"}],"wp:attachment":[{"href":"https:\/\/catolicanet.net\/wp-cnet\/wp-json\/wp\/v2\/media?parent=80785"}],"wp:term":[{"taxonomy":"category","embeddable":true,"href":"https:\/\/catolicanet.net\/wp-cnet\/wp-json\/wp\/v2\/categories?post=80785"},{"taxonomy":"post_tag","embeddable":true,"href":"https:\/\/catolicanet.net\/wp-cnet\/wp-json\/wp\/v2\/tags?post=80785"}],"curies":[{"name":"wp","href":"https:\/\/api.w.org\/{rel}","templated":true}]}}