{"id":80782,"date":"2023-04-07T09:48:23","date_gmt":"2023-04-07T12:48:23","guid":{"rendered":"https:\/\/catolicanet.net\/wp-cnet\/?p=80782"},"modified":"2023-04-10T12:49:30","modified_gmt":"2023-04-10T15:49:30","slug":"sexta-feira-santa-da-paixao-do-senhor-2","status":"publish","type":"post","link":"https:\/\/catolicanet.net\/wp-cnet\/sexta-feira-santa-da-paixao-do-senhor-2\/","title":{"rendered":"Sexta-Feira Santa da Paix\u00e3o do Senhor"},"content":{"rendered":"<p style=\"text-align: center;\"><em>\u00d3 Pai, em vossas m\u00e3os, eu entrego o meu esp\u00edrito. (Sl 30,31)<\/em><\/p>\n<p style=\"text-align: justify;\"><strong>\u00a0<\/strong>Deus nos concedeu a gra\u00e7a de celebrar mais uma Semana Santa. A Sexta-Feira Santa \u00e9 o segundo dia do tr\u00edduo Pascal. A Igreja celebra a paix\u00e3o e morte de Nosso Senhor Jesus Cristo. Um dia de profundo sil\u00eancio, n\u00e3o de tristeza e nem de luto, mas um sil\u00eancio oracional e de confian\u00e7a na ressurrei\u00e7\u00e3o. Atrav\u00e9s do sil\u00eancio desse dia, poderemos agradecer a Deus por ter permitido o seu filho morrer para nos salvar. A Igreja estar\u00e1 com o altar e o amb\u00e3o desnudado e com as imagens cobertas e toda a Igreja se concentrar\u00e1 no mist\u00e9rio que \u00e9 celebrado nesse dia. O altar s\u00f3 ser\u00e1 preparado para a comunh\u00e3o e logo ap\u00f3s ser\u00e1 desnudado novamente. \u00c9 dia de jejum e abstin\u00eancia.<\/p>\n<p style=\"text-align: justify;\">No in\u00edcio da celebra\u00e7\u00e3o, n\u00e3o tem prociss\u00e3o de entrada. A equipe de celebra\u00e7\u00e3o entra pela lateral da Igreja e, tamb\u00e9m, n\u00e3o h\u00e1 c\u00e2ntico de entrada. O bispo, sacerdote e di\u00e1cono se prostram no presbit\u00e9rio logo que entram, em sinal da entrega de Jesus por n\u00f3s. Os demais apenas se ajoelham. Esse momento pode durar alguns minutos. Ao levantar-se, aquele que preside profere a ora\u00e7\u00e3o inicial sem falar o convite \u201c<em>oremos<\/em>\u201d.<\/p>\n<p style=\"text-align: justify;\">Esse \u00e9 o \u00fanico dia do ano que a Igreja n\u00e3o celebra missa, mas a celebra\u00e7\u00e3o da Paix\u00e3o do Senhor. A comunh\u00e3o \u00e9 distribu\u00edda com h\u00f3stias consagradas que foram guardadas na quinta-feira \u00e0 noite. No S\u00e1bado Santo, n\u00e3o h\u00e1 celebra\u00e7\u00e3o ao longo de todo o dia, apenas a grande vig\u00edlia da ressurrei\u00e7\u00e3o, a partir das 18h. Ao final da celebra\u00e7\u00e3o da Paix\u00e3o do Senhor, n\u00e3o h\u00e1 ben\u00e7\u00e3o final, apenas uma ora\u00e7\u00e3o sobre o povo e todos se retiram em sil\u00eancio, tamb\u00e9m n\u00e3o h\u00e1 c\u00e2ntico final. Algumas par\u00f3quias, ap\u00f3s a celebra\u00e7\u00e3o, realizam a prociss\u00e3o com a imagem de Nosso Senhor morto e Nossa Senhora das Dores.<\/p>\n<p style=\"text-align: justify;\">A primeira leitura dessa celebra\u00e7\u00e3o \u00e9 do livro do profeta Isa\u00edas <em>(Is 52,13\u201353,12). <\/em>Essa leitura \u00e9 tirada da parte do livro do profeta conhecida como \u201cservo sofredor\u201d. Esse trecho do livro do profeta Isa\u00edas \u00e9 lido, sobretudo, durante a Semana Santa, no Domingo de Ramos, Segunda-Feira, Ter\u00e7a-Feira, Quarta-Feira e Sexta-Feira da Semana Santa. O Servo Sofredor se assemelha \u00e0 figura de Jesus, pois \u00e9 aquele que sofre em sil\u00eancio e acaba sendo condenado por praticar a justi\u00e7a e anunciar o Reino de Deus. Esse que \u00e9 condenado injustamente pelos homens, ser\u00e1 glorificado perante Deus. O Servo Sofredor \u00e9 aquele que acaba morrendo para salvar os outros, como acontece com Jesus, que abra\u00e7ou a morte na Cruz a fim de salvar a humanidade inteira. O Servo sofredor intercede em favor dos pecadores e resgata o pecado de todos.<\/p>\n<p style=\"text-align: justify;\">Durante a missa, rezamos: <em>\u201cCordeiro de Deus que tirais o pecado do mundo, tende piedade de n\u00f3s\u201d. <\/em>Esse Cordeiro pode ser comparado ao Servo Sofredor e, \u00e9 claro, a Jesus. Ele tira o pecado do mundo para nos conceder a paz e a salva\u00e7\u00e3o. A partir da morte, e posterior ressurrei\u00e7\u00e3o de Jesus, n\u00e3o \u00e9 mais necess\u00e1rio imolarmos o cordeiro \u201canimal\u201d para a P\u00e1scoa, mas agora o cordeiro pascal \u00e9 \u201cJesus\u201d.<\/p>\n<p style=\"text-align: justify;\">O salmo responsorial \u00e9 o <em>30 (31).<\/em> Esse \u00e9 um salmo de entrega da vida nas m\u00e3os do Senhor. Devemos colocar toda a nossa esperan\u00e7a em Deus e confiar em sua miseric\u00f3rdia. O refr\u00e3o do salmo diz: <em>\u201c\u00d3 Pai, em vossas m\u00e3os, eu entrego o meu esp\u00edrito\u201d. <\/em>O pr\u00f3prio Jesus no momento de sua entrega na cruz profere o refr\u00e3o desse salmo. Coloquemos a nossa esperan\u00e7a em Deus, pois se os homens nos desprezam, Deus nos eleva.<\/p>\n<p style=\"text-align: justify;\">A segunda leitura \u00e9 da carta aos Hebreus <em>(Hb 4,14-16; 5,7-9). <\/em>O autor sagrado diz que temos um sumo sacerdote eminente no c\u00e9u, que intercede por cada um de n\u00f3s. Ele foi provado em tudo como todos n\u00f3s, exceto no pecado. Aproximemo-nos desse sumo sacerdote e pe\u00e7amos o perd\u00e3o de nossos pecados. Cristo, durante a sua vida terrestre, foi obediente a Deus em tudo, dirigiu preces e s\u00faplicas e foi atendido. Atrav\u00e9s de sua obedi\u00eancia, se entregou na cruz para salvar a todos. Confiemos em Deus as nossas ora\u00e7\u00f5es e seremos atendidos em nossas necessidades.<\/p>\n<p style=\"text-align: justify;\">O Evangelho desse dia \u00e9 a narrativa da paix\u00e3o do Senhor segundo Jo\u00e3o (<em>Jo 18,1\u201319,42).<\/em> No \u00faltimo domingo, que foi de Ramos, ouvimos a narrativa segundo Mateus, o evangelista desse ano, e na Sexta-Feira da Paix\u00e3o \u00e9 sempre a narrativa mais longa e conhecida de todos n\u00f3s que \u00e9 segundo S\u00e3o Jo\u00e3o. Essa narrativa da paix\u00e3o conta desde a condena\u00e7\u00e3o e pris\u00e3o de Jesus at\u00e9 a sua morte.<\/p>\n<p style=\"text-align: justify;\">Ap\u00f3s ter lavado os p\u00e9s dos disc\u00edpulos e realizado a \u00faltima ceia, Jesus sente uma grande ang\u00fastia e vai para o deserto rezar. Os disc\u00edpulos v\u00e3o com ele, tamb\u00e9m Judas (o traidor) conhecia o lugar e vai at\u00e9 o local com um grupo de guardas e soldados. Para que eles soubessem quem era Jesus, ele combina de dar um beijo em Jesus e o pr\u00f3prio Jesus diz a ele: <em>\u201cCom um beijo tu trai o filho do homem\u201d. <\/em>Jesus fica sozinho, todos os disc\u00edpulos correm diante do medo de verem Jesus sendo preso e achando que pudesse acontecer o mesmo com eles.<\/p>\n<p style=\"text-align: justify;\">A partir desse momento, Jesus \u00e9 preso e passa a noite no pal\u00e1cio de An\u00e1s, que era sumo sacerdote na \u00e9poca e sogro de Caif\u00e1s. An\u00e1s, ap\u00f3s interrogar Jesus, o envia a Caif\u00e1s, e depois Caif\u00e1s o envia ao pal\u00e1cio do governador. J\u00e1 era no outro dia de manh\u00e3. Pilatos ent\u00e3o interroga Jesus e n\u00e3o vendo em Jesus nenhum crime que o levasse \u00e0 morte decide libert\u00e1-lo. E ainda diz que os pr\u00f3prios judeus deveriam julg\u00e1-lo, pois ele n\u00e3o poderia conden\u00e1-lo. Ent\u00e3o, os sumos sacerdotes dizem a Pilatos que apresentassem Jesus ao povo, junto com Barrab\u00e1s e o povo escolhesse quem deveria ser condenado.<\/p>\n<p style=\"text-align: justify;\">O povo escolhe por soltar Barrab\u00e1s. Barrab\u00e1s era um bandido que havia cometido alguns crimes, por isso estava sendo condenado. Dessa forma, o povo escolhe que Jesus fosse condenado \u00e0 morte. O mesmo povo que havia aclamado Jesus ao entrar em Jerusal\u00e9m, no Domingo de Ramos. A partir disso, Jesus \u00e9 flagelado, tecem nele uma coroa de espinhos e colocam um manto vermelho. D\u00e3o a Jesus uma cruz para que ele carregasse durante o caminho at\u00e9 o calv\u00e1rio.<\/p>\n<p style=\"text-align: justify;\">Ao carregar a cruz, Jesus carrega as dores e os sofrimentos do mundo inteiro, por meio de sua morte na cruz, Ele nos salva do pecado e nos d\u00e1 a garantia da vida eterna. Entreguemos \u00e0 cruz de Cristo nossas dores e sofrimentos. Que tenhamos for\u00e7as de carregar a nossa cruz do dia a dia e trilhemos o caminho de santidade.<\/p>\n<p style=\"text-align: justify;\">Entreguemos \u00e0 cruz de Jesus tantas pessoas que passam fome, para que possam ter o alimento di\u00e1rio na mesa. Que possamos olhar para as necessidades do pr\u00f3ximo e tenhamos mais amor por nossos semelhantes. Jesus, ao morrer na cruz, nos ensinou a maior prova de amor, preferiu morrer na cruz para nos salvar. Que possamos ter um olhar de amor para o nosso pr\u00f3ximo e ajud\u00e1-los em suas necessidades. Que a Campanha da Fraternidade sobre a fome n\u00e3o termine ao final da Quaresma, mas continue ao longo de todo o ano.<\/p>\n<p style=\"text-align: justify;\">A cruz deve ser o sinal da nossa vit\u00f3ria e da nossa reden\u00e7\u00e3o, n\u00e3o adoramos um Deus \u201cmorto\u201d, mas um Deus vitorioso. Sabemos que na Sexta-Feira Santa ele morreu, mas ressuscitou no Domingo de P\u00e1scoa. Durante a celebra\u00e7\u00e3o da Sexta-Feira, n\u00f3s adoramos a cruz, mas no intuito de que por meio dela, nos adveio a salva\u00e7\u00e3o.<\/p>\n<p style=\"text-align: justify;\">Celebremos cheios de esperan\u00e7a essa Sexta-feira Santa, pedindo ao Senhor que nos liberte de nossos pecados e nos ensine a carregar a nossa cruz do dia a dia. Que Ele que nos abriu o caminho da ressurrei\u00e7\u00e3o possa nos ensinar o caminho para adentrarmos a vida eterna.<\/p>\n<p style=\"text-align: justify;\">O tr\u00edduo Pascal, que teve in\u00edcio na Quinta-Feira Santa e culmina no S\u00e1bado Santo e se encerra com as v\u00e9speras do domingo da ressurrei\u00e7\u00e3o, concentra todo o mist\u00e9rio da nossa f\u00e9, que \u00e9 a paix\u00e3o, morte e ressurrei\u00e7\u00e3o de Jesus. Participemos todos os dias da Semana Santa, passando pelo calv\u00e1rio at\u00e9 chegar \u00e0 gl\u00f3ria da ressurrei\u00e7\u00e3o. Que ao celebrar a P\u00e1scoa, possamos ressurgir com Cristo para uma vida nova e cheios da gra\u00e7a de Deus. Am\u00e9m.<\/p>\n","protected":false},"excerpt":{"rendered":"<p>\u00d3 Pai, em vossas m\u00e3os, eu entrego o meu esp\u00edrito. (Sl 30,31) \u00a0Deus nos concedeu a gra\u00e7a de celebrar mais uma Semana Santa. A Sexta-Feira Santa \u00e9 o segundo dia do tr\u00edduo Pascal. A Igreja celebra a paix\u00e3o e morte de Nosso Senhor Jesus Cristo. Um dia de profundo sil\u00eancio, n\u00e3o de tristeza e nem [&hellip;]<\/p>\n","protected":false},"author":5,"featured_media":55819,"comment_status":"open","ping_status":"closed","sticky":false,"template":"","format":"standard","meta":{"footnotes":""},"categories":[9],"tags":[],"class_list":["post-80782","post","type-post","status-publish","format-standard","has-post-thumbnail","hentry","category-artigos"],"_links":{"self":[{"href":"https:\/\/catolicanet.net\/wp-cnet\/wp-json\/wp\/v2\/posts\/80782","targetHints":{"allow":["GET"]}}],"collection":[{"href":"https:\/\/catolicanet.net\/wp-cnet\/wp-json\/wp\/v2\/posts"}],"about":[{"href":"https:\/\/catolicanet.net\/wp-cnet\/wp-json\/wp\/v2\/types\/post"}],"author":[{"embeddable":true,"href":"https:\/\/catolicanet.net\/wp-cnet\/wp-json\/wp\/v2\/users\/5"}],"replies":[{"embeddable":true,"href":"https:\/\/catolicanet.net\/wp-cnet\/wp-json\/wp\/v2\/comments?post=80782"}],"version-history":[{"count":1,"href":"https:\/\/catolicanet.net\/wp-cnet\/wp-json\/wp\/v2\/posts\/80782\/revisions"}],"predecessor-version":[{"id":80783,"href":"https:\/\/catolicanet.net\/wp-cnet\/wp-json\/wp\/v2\/posts\/80782\/revisions\/80783"}],"wp:featuredmedia":[{"embeddable":true,"href":"https:\/\/catolicanet.net\/wp-cnet\/wp-json\/wp\/v2\/media\/55819"}],"wp:attachment":[{"href":"https:\/\/catolicanet.net\/wp-cnet\/wp-json\/wp\/v2\/media?parent=80782"}],"wp:term":[{"taxonomy":"category","embeddable":true,"href":"https:\/\/catolicanet.net\/wp-cnet\/wp-json\/wp\/v2\/categories?post=80782"},{"taxonomy":"post_tag","embeddable":true,"href":"https:\/\/catolicanet.net\/wp-cnet\/wp-json\/wp\/v2\/tags?post=80782"}],"curies":[{"name":"wp","href":"https:\/\/api.w.org\/{rel}","templated":true}]}}