{"id":80770,"date":"2023-04-09T09:43:31","date_gmt":"2023-04-09T12:43:31","guid":{"rendered":"https:\/\/catolicanet.net\/wp-cnet\/?p=80770"},"modified":"2023-04-10T12:44:37","modified_gmt":"2023-04-10T15:44:37","slug":"domingo-de-pascoa-na-ressurreicao-do-senhor","status":"publish","type":"post","link":"https:\/\/catolicanet.net\/wp-cnet\/domingo-de-pascoa-na-ressurreicao-do-senhor\/","title":{"rendered":"Domingo de P\u00e1scoa na Ressurrei\u00e7\u00e3o do Senhor"},"content":{"rendered":"<p style=\"text-align: center;\"><em>\u201cEste \u00e9 o dia que o Senhor fez para n\u00f3s: Alegremo-nos e nele exultemos\u201d (Sl 117\/118)<\/em><\/p>\n<p style=\"text-align: justify;\">Chegamos ao grande dia da P\u00e1scoa do Senhor, ap\u00f3s ter celebrado a grande Vig\u00edlia Pascal, cume da semana santa. Exultemos de alegria no Senhor, maravilhas Ele fez por n\u00f3s. Atrav\u00e9s da ressurrei\u00e7\u00e3o de Jesus contemplamos aquilo que vai acontecer conosco ao final de nossa vida terrena. A nossa vida aqui na terra \u00e9 passageira, quando morremos n\u00e3o \u00e9 fim, mas \u00e9 o in\u00edcio de uma vida eterna ao lado de Deus.<\/p>\n<p style=\"text-align: justify;\">Meus irm\u00e3os, n\u00e3o precisamos ter visto o Senhor Ressuscitado para crer que Ele ressuscitou, mas por meio da f\u00e9 acreditamos que Ele ressuscitou e est\u00e1 ao lado de Deus. Como diz o pr\u00f3prio Senhor: <em>\u201cFelizes os que creram sem ter visto\u201d. <\/em>Nesse Domingo de alegria a vida venceu a morte e abriu-nos o caminho da salva\u00e7\u00e3o.<\/p>\n<p style=\"text-align: justify;\">Com a ressurrei\u00e7\u00e3o de Jesus o Domingo ganha um novo significado para os crist\u00e3os, \u00e9 o dia dedicado ao Senhor, dia da ressurrei\u00e7\u00e3o. \u00c9 o primeiro dia da semana, dia de ir \u00e0 celebra\u00e7\u00e3o Eucar\u00edstica. O povo Judeu e algumas outras religi\u00f5es guardam o S\u00e1bado como o dia dedicado ao Senhor, pois n\u00e3o celebram a ressurrei\u00e7\u00e3o de Jesus. N\u00f3s devemos zelar e guardar o Domingo, pois esse foi o dia que o Senhor fez para n\u00f3s. Que a partir da ressurrei\u00e7\u00e3o de Jesus possamos ter a f\u00e9 impulsionada e acreditar na vida eterna.<\/p>\n<p style=\"text-align: justify;\">O tempo pascal iniciado neste domingo ter\u00e1 a dura\u00e7\u00e3o de cinquenta dias, at\u00e9 ao Domingo de Pentecostes. De hoje at\u00e9 Domingo que vem (Domingo da miseric\u00f3rdia) celebraremos a oitava da P\u00e1scoa, ou seja, s\u00e3o oito dias com a mesma solenidade do Domingo de P\u00e1scoa. Nesses oito dias poderemos desejar uns aos outros feliz P\u00e1scoa, as missas podem ser solenes, entoando o hino do gl\u00f3ria e Ora\u00e7\u00e3o Eucar\u00edstica I com textos especiais. No Domingo que vem celebraremos o segundo Domingo da P\u00e1scoa e vivenciando, na plenitude o tempo pascal. Nesse per\u00edodo pascal o C\u00edrio Pascal ficar\u00e1 aceso em todas as celebra\u00e7\u00f5es e ser\u00e1 apagado ao final da missa de Pentecostes. O c\u00edrio Pascal significa a luz de Cristo, \u00e9 o pr\u00f3prio Cristo ressuscitado.<\/p>\n<p style=\"text-align: justify;\">O ato penitencial da missa deste domingo, \u00e9 substitu\u00eddo pela aspers\u00e3o da \u00e1gua benta, \u00e9 usada a \u00e1gua que foi aben\u00e7oada no S\u00e1bado Santo. Isso acontece porque somos convidados a ressurgir para uma vida nova e como aconteceu no S\u00e1bado, somos purificados e lavados pelas \u00e1guas do batismo. Tamb\u00e9m nesta missa, antes da aclama\u00e7\u00e3o ao Evangelho t\u00eam a sequ\u00eancia pascal, essa sequ\u00eancia aparece nas grandes solenidades, como por exemplo: P\u00e1scoa, Pentecostes e Natal. \u201cCantai, crist\u00e3os, afinal&#8230;.\u201d<\/p>\n<p style=\"text-align: justify;\">A primeira leitura desse Domingo \u00e9 do livro dos Atos dos ap\u00f3stolos <em>(At 10, 34a. 37-43), <\/em>durante o tempo da P\u00e1scoa as duas leituras ser\u00e3o do Novo Testamento e durante o tempo da P\u00e1scoa vamos ouvir a leitura do livro dos Atos dos Ap\u00f3stolos. O livro dos Atos dos Ap\u00f3stolos retrata propriamente os atos dos ap\u00f3stolos a partir da ressurrei\u00e7\u00e3o de Jesus. \u00c9 o livro que retrata o in\u00edcio da Igreja primitiva. Na leitura de hoje, Pedro que era o l\u00edder do grupo dos ap\u00f3stolos, toma a palavra e fala tudo o que aconteceu com Jesus, desde o in\u00edcio de sua vida p\u00fablica at\u00e9 morte e ressurrei\u00e7\u00e3o. Pedro ainda diz que os ap\u00f3stolos s\u00e3o testemunhas do ressuscitado e todo aquele que nele crer tem o perd\u00e3o dos pecados.<\/p>\n<p style=\"text-align: justify;\">Nos dias atuais n\u00f3s do mesmo modo que os ap\u00f3stolos somos chamados a continuar o an\u00fancio do Evangelho, temos que anunciar o Reino de Deus como Jesus o fez. O Esp\u00edrito Santo est\u00e1 conosco e nos ensinar\u00e1 as palavras que devemos dizer. Ele ressuscitou e ascendeu ao c\u00e9u, mas deixou o seu Esp\u00edrito Santo agindo por n\u00f3s. Apesar dos ventos contr\u00e1rios que d\u00e3o contra a Igreja, a Igreja permanece de p\u00e9, pois est\u00e1 fundada sob a prote\u00e7\u00e3o do Esp\u00edrito Santo. O Esp\u00edrito Santo faz novas todas as coisas e garante que a cada ano surjam novos crist\u00e3os.<\/p>\n<p style=\"text-align: justify;\">O salmo responsorial \u00e9 o <em>117 (118),<\/em> e nos diz em seu refr\u00e3o: <em>\u201cEste \u00e9 o dia que o Senhor fez para n\u00f3s: Alegremo-nos e nele exultemos\u201d! <\/em>O Domingo \u00e9 o dia que o Senhor fez para n\u00f3s. O Domingo n\u00e3o \u00e9 dia de tristeza ou de dor, mas \u00e9 dia de alegria, pois o Senhor ressuscitou \u00e9 quer que sejamos felizes. Que o Senhor nos alcance com a sua miseric\u00f3rdia e perdoe os nossos pecados. Demos gra\u00e7as ao Senhor porque Ele \u00e9 bom e misericordioso, n\u00e3o fica olhando as nossas culpas do passado, mas nos acolhe com amor.<\/p>\n<p style=\"text-align: justify;\">A segunda leitura \u00e9 da Carta de S\u00e3o Paulo aos Colossenses <em>(Cl 3, 1-4)<\/em>, Paulo diz que temos que aspirar as coisas celestes e n\u00e3o terrenas. A alegria est\u00e1 nas coisas do c\u00e9u e n\u00e3o nas coisas da terra. Tudo que \u00e9 terreno \u00e9 passageiro e n\u00e3o dura para sempre, j\u00e1 o que \u00e9 do c\u00e9u dura para sempre. Sejamos merecedores da ressurrei\u00e7\u00e3o e da vida eterna, de acordo com a nossa conduta aqui na terra.<\/p>\n<p style=\"text-align: justify;\">Ap\u00f3s a segunda leitura tem a sequ\u00eancia pascal, como dissemos a sequ\u00eancia pascal entra na liturgia no Domingo de P\u00e1scoa, Pentecostes e Natal. A sequ\u00eancia desse Domingo exalta a ressurrei\u00e7\u00e3o do Senhor e que a vida tem o poder sobre a morte. A morte n\u00e3o tem a palavra final.<\/p>\n<p style=\"text-align: justify;\">O Evangelho desse Domingo \u00e9 de Jo\u00e3o <em>(Jo 20, 1-9), <\/em>o Evangelho diz que no primeiro dia da semana, que \u00e9 o domingo, Maria Madalena foi bem cedo, ainda de madrugada ao t\u00famulo de Jesus, e viu que a pedra havia sido retirada. Ent\u00e3o, Maria saiu correndo e foi encontrar Sim\u00e3o Pedro e o disc\u00edpulo que Jesus amava dizendo que haviam tirado Senhor do t\u00famulo. Pedro e o disc\u00edpulo amado foram correndo ao t\u00famulo, o disc\u00edpulo amado correu mais que Pedro e chegou primeiro ao t\u00famulo e viu tudo como Maria disse, em seguida chegou Pedro. Os dois entraram e confirmaram. De fato, eles ainda n\u00e3o haviam compreendido a escritura que dizia que Jesus devia ressuscitar dos mortos. Apesar, de verem o t\u00famulo vazio os disc\u00edpulos ainda eram incapazes de compreender a ressurrei\u00e7\u00e3o.<\/p>\n<p style=\"text-align: justify;\">Ao longo do tempo pascal Jesus aparecer\u00e1 diversas vezes aos disc\u00edpulos antes de voltar em definitivo para o Pai. Aos poucos, conforme Jesus for aparecendo, os disc\u00edpulos v\u00e3o compreender aquilo que Jesus dizia sobre a ressurrei\u00e7\u00e3o. De fato, para os disc\u00edpulos era dif\u00edcil crer que algu\u00e9m poderia ressuscitar dos mortos, por conta da cultura judaica. Mas, muitas vezes Jesus disse a eles que ressuscitaria, mas os olhos e o cora\u00e7\u00e3o deles, ainda estava fechado para essa realidade.<\/p>\n<p style=\"text-align: justify;\">Irm\u00e3os e Irm\u00e3s, alegremo-nos e exultemos, celebremos com alegria esse dia que o Senhor fez para n\u00f3s e pe\u00e7amos a gra\u00e7a ao Esp\u00edrito Santo para crermos na ressurrei\u00e7\u00e3o. Toda vez que olharmos para a Eucaristia, pe\u00e7amos a gra\u00e7a de crer que ali est\u00e1 o mist\u00e9rio da nossa f\u00e9, que \u00e9 a paix\u00e3o, morte e ressurrei\u00e7\u00e3o do Senhor.<\/p>\n<p style=\"text-align: justify;\">Cristo Ressuscitou, Aleluia! Verdadeiramente ressuscitou, Aleluia, Aleluia!<\/p>\n","protected":false},"excerpt":{"rendered":"<p>\u201cEste \u00e9 o dia que o Senhor fez para n\u00f3s: Alegremo-nos e nele exultemos\u201d (Sl 117\/118) Chegamos ao grande dia da P\u00e1scoa do Senhor, ap\u00f3s ter celebrado a grande Vig\u00edlia Pascal, cume da semana santa. Exultemos de alegria no Senhor, maravilhas Ele fez por n\u00f3s. Atrav\u00e9s da ressurrei\u00e7\u00e3o de Jesus contemplamos aquilo que vai acontecer [&hellip;]<\/p>\n","protected":false},"author":5,"featured_media":55819,"comment_status":"open","ping_status":"closed","sticky":false,"template":"","format":"standard","meta":{"footnotes":""},"categories":[9],"tags":[],"class_list":["post-80770","post","type-post","status-publish","format-standard","has-post-thumbnail","hentry","category-artigos"],"_links":{"self":[{"href":"https:\/\/catolicanet.net\/wp-cnet\/wp-json\/wp\/v2\/posts\/80770","targetHints":{"allow":["GET"]}}],"collection":[{"href":"https:\/\/catolicanet.net\/wp-cnet\/wp-json\/wp\/v2\/posts"}],"about":[{"href":"https:\/\/catolicanet.net\/wp-cnet\/wp-json\/wp\/v2\/types\/post"}],"author":[{"embeddable":true,"href":"https:\/\/catolicanet.net\/wp-cnet\/wp-json\/wp\/v2\/users\/5"}],"replies":[{"embeddable":true,"href":"https:\/\/catolicanet.net\/wp-cnet\/wp-json\/wp\/v2\/comments?post=80770"}],"version-history":[{"count":1,"href":"https:\/\/catolicanet.net\/wp-cnet\/wp-json\/wp\/v2\/posts\/80770\/revisions"}],"predecessor-version":[{"id":80771,"href":"https:\/\/catolicanet.net\/wp-cnet\/wp-json\/wp\/v2\/posts\/80770\/revisions\/80771"}],"wp:featuredmedia":[{"embeddable":true,"href":"https:\/\/catolicanet.net\/wp-cnet\/wp-json\/wp\/v2\/media\/55819"}],"wp:attachment":[{"href":"https:\/\/catolicanet.net\/wp-cnet\/wp-json\/wp\/v2\/media?parent=80770"}],"wp:term":[{"taxonomy":"category","embeddable":true,"href":"https:\/\/catolicanet.net\/wp-cnet\/wp-json\/wp\/v2\/categories?post=80770"},{"taxonomy":"post_tag","embeddable":true,"href":"https:\/\/catolicanet.net\/wp-cnet\/wp-json\/wp\/v2\/tags?post=80770"}],"curies":[{"name":"wp","href":"https:\/\/api.w.org\/{rel}","templated":true}]}}