{"id":80746,"date":"2023-04-04T09:54:28","date_gmt":"2023-04-04T12:54:28","guid":{"rendered":"https:\/\/catolicanet.net\/wp-cnet\/?p=80746"},"modified":"2023-04-10T12:18:44","modified_gmt":"2023-04-10T15:18:44","slug":"paixao-do-senhor-soneto","status":"publish","type":"post","link":"https:\/\/catolicanet.net\/wp-cnet\/paixao-do-senhor-soneto\/","title":{"rendered":"Paix\u00e3o do Senhor \u2013 Soneto"},"content":{"rendered":"<p>Jesus, sem restri\u00e7\u00f5es, na sua paix\u00e3o!<\/p>\n<p>Na vida do Nazareno, sem defeito,<\/p>\n<p>Reconcilia\u00e7\u00e3o do mundo: seu radical jeito,<\/p>\n<p>Grandeza das a\u00e7\u00f5es, na sua compaix\u00e3o!<\/p>\n<p>&nbsp;<\/p>\n<p>Na ocasi\u00e3o de sua morte: a revela\u00e7\u00e3o!<\/p>\n<p>Na sua entrega, a clem\u00eancia do Cordeiro,<\/p>\n<p>A alma quer ver, do \u00edntimo do cora\u00e7\u00e3o!<\/p>\n<p>Seu gesto \u00e9 s\u00f3lido e seguro: o derradeiro!<\/p>\n<p>&nbsp;<\/p>\n<p>Aos irm\u00e3os na f\u00e9, um aperto de m\u00e3o!<\/p>\n<p>Um ensinamento novo, num n\u00e3o \u00e0 morte,<\/p>\n<p>Todos, un\u00e2nimes, na alegria do norte!<\/p>\n<p>&nbsp;<\/p>\n<p>Renova\u00e7\u00e3o chegou: viver \u00e9 a raz\u00e3o!<\/p>\n<p>Sem trai\u00e7\u00e3o, o comunicado aos indecisos,<\/p>\n<p>Alegria, sem igual, a esperan\u00e7a do para\u00edso!<\/p>\n<p>&nbsp;<\/p>\n<p><strong>Padre Geovane Saraiva \u2013 P\u00e1roco de Santo Afonso,\u00a0<\/strong><\/p>\n<p><strong>blogueiro, jornalista, escritor, poeta e integrante da\u00a0<\/strong><\/p>\n<p><strong>academia Metropolitana de Letras de Fortaleza (AMLEF).<\/strong><\/p>\n","protected":false},"excerpt":{"rendered":"<p>Jesus, sem restri\u00e7\u00f5es, na sua paix\u00e3o! Na vida do Nazareno, sem defeito, Reconcilia\u00e7\u00e3o do mundo: seu radical jeito, Grandeza das a\u00e7\u00f5es, na sua compaix\u00e3o! &nbsp; Na ocasi\u00e3o de sua morte: a revela\u00e7\u00e3o! Na sua entrega, a clem\u00eancia do Cordeiro, A alma quer ver, do \u00edntimo do cora\u00e7\u00e3o! Seu gesto \u00e9 s\u00f3lido e seguro: o derradeiro! [&hellip;]<\/p>\n","protected":false},"author":6,"featured_media":55824,"comment_status":"open","ping_status":"closed","sticky":false,"template":"","format":"standard","meta":{"footnotes":""},"categories":[9],"tags":[],"class_list":["post-80746","post","type-post","status-publish","format-standard","has-post-thumbnail","hentry","category-artigos"],"_links":{"self":[{"href":"https:\/\/catolicanet.net\/wp-cnet\/wp-json\/wp\/v2\/posts\/80746","targetHints":{"allow":["GET"]}}],"collection":[{"href":"https:\/\/catolicanet.net\/wp-cnet\/wp-json\/wp\/v2\/posts"}],"about":[{"href":"https:\/\/catolicanet.net\/wp-cnet\/wp-json\/wp\/v2\/types\/post"}],"author":[{"embeddable":true,"href":"https:\/\/catolicanet.net\/wp-cnet\/wp-json\/wp\/v2\/users\/6"}],"replies":[{"embeddable":true,"href":"https:\/\/catolicanet.net\/wp-cnet\/wp-json\/wp\/v2\/comments?post=80746"}],"version-history":[{"count":1,"href":"https:\/\/catolicanet.net\/wp-cnet\/wp-json\/wp\/v2\/posts\/80746\/revisions"}],"predecessor-version":[{"id":80747,"href":"https:\/\/catolicanet.net\/wp-cnet\/wp-json\/wp\/v2\/posts\/80746\/revisions\/80747"}],"wp:featuredmedia":[{"embeddable":true,"href":"https:\/\/catolicanet.net\/wp-cnet\/wp-json\/wp\/v2\/media\/55824"}],"wp:attachment":[{"href":"https:\/\/catolicanet.net\/wp-cnet\/wp-json\/wp\/v2\/media?parent=80746"}],"wp:term":[{"taxonomy":"category","embeddable":true,"href":"https:\/\/catolicanet.net\/wp-cnet\/wp-json\/wp\/v2\/categories?post=80746"},{"taxonomy":"post_tag","embeddable":true,"href":"https:\/\/catolicanet.net\/wp-cnet\/wp-json\/wp\/v2\/tags?post=80746"}],"curies":[{"name":"wp","href":"https:\/\/api.w.org\/{rel}","templated":true}]}}