{"id":80729,"date":"2023-04-09T09:47:40","date_gmt":"2023-04-09T12:47:40","guid":{"rendered":"https:\/\/catolicanet.net\/wp-cnet\/?p=80729"},"modified":"2023-04-10T11:48:26","modified_gmt":"2023-04-10T14:48:26","slug":"domingo-de-pascoa-6","status":"publish","type":"post","link":"https:\/\/catolicanet.net\/wp-cnet\/domingo-de-pascoa-6\/","title":{"rendered":"Domingo de P\u00e1scoa!"},"content":{"rendered":"<p style=\"text-align: justify;\">A P\u00e1scoa traz consigo uma not\u00edcia maravilhosa, mas nem sempre \u00e9 compreendida da maneira correta. N\u00e3o se trata apenas da ressurrei\u00e7\u00e3o de um morto, mas sim da vit\u00f3ria do Filho de Deus, que se tornou homem e ofereceu sua vida em amor. Somente a vida que \u00e9 entregue a Deus escapa do poder da morte.<\/p>\n<p style=\"text-align: justify;\">Por isso, o Domingo de P\u00e1scoa \u00e9 um momento de alegria e renova\u00e7\u00e3o da f\u00e9, marcado pela ressurrei\u00e7\u00e3o de Jesus Cristo, que simboliza a vit\u00f3ria da vida sobre a morte e a esperan\u00e7a da salva\u00e7\u00e3o eterna. A P\u00e1scoa \u00e9 um tempo de reflex\u00e3o e aprofundamento espiritual, que come\u00e7a com a Quaresma, um per\u00edodo de 40 dias de penit\u00eancia e sacrif\u00edcios em prepara\u00e7\u00e3o para a ressurrei\u00e7\u00e3o de Cristo. Durante esse tempo, os fi\u00e9is foram convidados a praticar a caridade, a ora\u00e7\u00e3o e o jejum, como forma de se aproximar mais de Deus e de se purificar para a celebra\u00e7\u00e3o da P\u00e1scoa.<\/p>\n<p style=\"text-align: justify;\">A palavra P\u00e1scoa tem sua origem no hebraico \u201c<em>Pessach<\/em>\u201d, que significa passagem. Para o povo hebreu, a P\u00e1scoa simbolizava o fim da escravid\u00e3o e o come\u00e7o da liberta\u00e7\u00e3o, marcada pela travessia do Mar Vermelho. O mar se abriu para dar passagem ao povo de Deus, que estava sob a lideran\u00e7a de Mois\u00e9s, atravessando o deserto em busca da Terra Prometida.<\/p>\n<p style=\"text-align: justify;\">Da mesma forma, para n\u00f3s, a P\u00e1scoa \u00e9 um sinal de passagem de uma vida antiga ou velha, imersa na escurid\u00e3o que nos leva ao pecado, para uma nova realidade restaurada, que nos convida a viver na luz de Cristo ressuscitado, que est\u00e1 entre n\u00f3s.<\/p>\n<p style=\"text-align: justify;\">No Domingo de P\u00e1scoa, a Igreja se enche de alegria e festividade. \u00c9 um momento de renova\u00e7\u00e3o da esperan\u00e7a e da f\u00e9, em que os fi\u00e9is se re\u00fanem para celebrar a ressurrei\u00e7\u00e3o de Jesus Cristo e para renovar seus compromissos com a comunidade e com Deus. As Igrejas s\u00e3o decoradas com flores e velas, e a liturgia \u00e9 marcada por c\u00e2nticos de alegria, entoando o Gl\u00f3ria e cantando o Aleluia, depois de ter proclamado o Exultate na Vig\u00edlia Pascal, e pela leitura das passagens b\u00edblicas que relatam a ressurrei\u00e7\u00e3o de Cristo.<\/p>\n<p style=\"text-align: justify;\">Quando vivenciamos algo realmente positivo, ficamos t\u00e3o entusiasmados que queremos compartilhar com todos essa experi\u00eancia \u00fanica. O mesmo ocorreu com as santas mulheres e com Pedro, que tiveram a oportunidade de testemunhar a ressurrei\u00e7\u00e3o de Cristo e desejavam compartilhar essa grande alegria com o mundo, a fim de reafirmar nossas esperan\u00e7as.<\/p>\n<p style=\"text-align: justify;\">Conforme relato do ap\u00f3stolo Pedro, ele testemunhou que Jesus de Nazar\u00e9 percorreu a terra realizando boas a\u00e7\u00f5es, tendo sido ungido pelo Esp\u00edrito Santo. A ressurrei\u00e7\u00e3o \u00e9 considerada um selo de aprova\u00e7\u00e3o do Pai em rela\u00e7\u00e3o a tudo de positivo que Jesus realizou, mesmo diante da aparente derrota que sofreu na cruz.<\/p>\n<p style=\"text-align: justify;\">A ressurrei\u00e7\u00e3o foi entendida como uma aprova\u00e7\u00e3o divina do modo como Jesus viveu e realizou a sua miss\u00e3o. Esse acontecimento transcende o tempo e permanece relevante nos dias atuais. Aqueles que defendem a vida e os valores do projeto de Deus s\u00e3o aliados dos disc\u00edpulos de Jesus. A celebra\u00e7\u00e3o da P\u00e1scoa nos dias de hoje, assim como na \u00e9poca dos disc\u00edpulos, nos lembra que buscar as coisas do alto n\u00e3o significa se afastar da vida cotidiana. De fato, ningu\u00e9m foi t\u00e3o divino e solid\u00e1rio com os problemas humanos quanto Jesus.<\/p>\n<p style=\"text-align: justify;\">A ressurrei\u00e7\u00e3o teve um impacto significativo nos seguidores de Jesus, levando-os a compreender melhor tanto as Escrituras quanto as palavras e a\u00e7\u00f5es de Cristo durante o seu minist\u00e9rio. Ela atuou como uma chave para a compreens\u00e3o do esc\u00e2ndalo da cruz e para a totalidade da miss\u00e3o de Jesus.<\/p>\n<p style=\"text-align: justify;\">Por isso, no domingo de P\u00e1scoa, os cat\u00f3licos s\u00e3o convidados a renovar sua f\u00e9 e sua esperan\u00e7a na ressurrei\u00e7\u00e3o de Jesus Cristo, e a se unir em torno da comunidade e da fam\u00edlia, em um momento de celebra\u00e7\u00e3o e de renova\u00e7\u00e3o espiritual. \u00c9 um tempo de alegria, de paz e de amor, que nos convida a viver em plenitude a mensagem de Cristo, de amor e de salva\u00e7\u00e3o para todos os homens e mulheres do mundo. Jesus morreu e ressuscitou para nos salvar, para que n\u00f3s tiv\u00e9ssemos a possibilidade de entrar no c\u00e9u!<\/p>\n<p style=\"text-align: justify;\">Eu desejo a todos os meus irm\u00e3os e irm\u00e3s um aben\u00e7oado tempo pascal e que Cristo Ressuscitado nos guie para viver sempre em conformidade com a santidade batismal que este tempo favor\u00e1vel nos proporciona. Cristo ressuscitou! Aleluia, aleluia!<\/p>\n<p style=\"text-align: justify;\">Sauda\u00e7\u00f5es em Cristo!<\/p>\n","protected":false},"excerpt":{"rendered":"<p>A P\u00e1scoa traz consigo uma not\u00edcia maravilhosa, mas nem sempre \u00e9 compreendida da maneira correta. N\u00e3o se trata apenas da ressurrei\u00e7\u00e3o de um morto, mas sim da vit\u00f3ria do Filho de Deus, que se tornou homem e ofereceu sua vida em amor. Somente a vida que \u00e9 entregue a Deus escapa do poder da morte. [&hellip;]<\/p>\n","protected":false},"author":10,"featured_media":55817,"comment_status":"open","ping_status":"closed","sticky":false,"template":"","format":"standard","meta":{"footnotes":""},"categories":[9],"tags":[],"class_list":["post-80729","post","type-post","status-publish","format-standard","has-post-thumbnail","hentry","category-artigos"],"_links":{"self":[{"href":"https:\/\/catolicanet.net\/wp-cnet\/wp-json\/wp\/v2\/posts\/80729","targetHints":{"allow":["GET"]}}],"collection":[{"href":"https:\/\/catolicanet.net\/wp-cnet\/wp-json\/wp\/v2\/posts"}],"about":[{"href":"https:\/\/catolicanet.net\/wp-cnet\/wp-json\/wp\/v2\/types\/post"}],"author":[{"embeddable":true,"href":"https:\/\/catolicanet.net\/wp-cnet\/wp-json\/wp\/v2\/users\/10"}],"replies":[{"embeddable":true,"href":"https:\/\/catolicanet.net\/wp-cnet\/wp-json\/wp\/v2\/comments?post=80729"}],"version-history":[{"count":1,"href":"https:\/\/catolicanet.net\/wp-cnet\/wp-json\/wp\/v2\/posts\/80729\/revisions"}],"predecessor-version":[{"id":80730,"href":"https:\/\/catolicanet.net\/wp-cnet\/wp-json\/wp\/v2\/posts\/80729\/revisions\/80730"}],"wp:featuredmedia":[{"embeddable":true,"href":"https:\/\/catolicanet.net\/wp-cnet\/wp-json\/wp\/v2\/media\/55817"}],"wp:attachment":[{"href":"https:\/\/catolicanet.net\/wp-cnet\/wp-json\/wp\/v2\/media?parent=80729"}],"wp:term":[{"taxonomy":"category","embeddable":true,"href":"https:\/\/catolicanet.net\/wp-cnet\/wp-json\/wp\/v2\/categories?post=80729"},{"taxonomy":"post_tag","embeddable":true,"href":"https:\/\/catolicanet.net\/wp-cnet\/wp-json\/wp\/v2\/tags?post=80729"}],"curies":[{"name":"wp","href":"https:\/\/api.w.org\/{rel}","templated":true}]}}