{"id":80724,"date":"2023-04-23T09:45:44","date_gmt":"2023-04-23T12:45:44","guid":{"rendered":"https:\/\/catolicanet.net\/wp-cnet\/?p=80724"},"modified":"2023-04-10T11:46:25","modified_gmt":"2023-04-10T14:46:25","slug":"sao-jorge-5","status":"publish","type":"post","link":"https:\/\/catolicanet.net\/wp-cnet\/sao-jorge-5\/","title":{"rendered":"S\u00e3o Jorge"},"content":{"rendered":"<p style=\"text-align: justify;\">Celebramos, no pr\u00f3ximo dia 23 de abril de 2023 o terceiro domingo da P\u00e1scoa. Por\u00e9m a tradi\u00e7\u00e3o local que temos em nossa regi\u00e3o nos faz recordar a mem\u00f3ria de S\u00e3o Jorge. Ele \u00e9 um santo muito querido e venerado pelo povo carioca! Segundo a tradi\u00e7\u00e3o, ele viveu nos primeiros s\u00e9culos da era crist\u00e3, por volta do ano 300 d.C. Ele viveu na regi\u00e3o da Capad\u00f3cia, em uma fam\u00edlia crist\u00e3. O nome Jorge significa \u201cagricultor\u201d e \u00e9 de origem grega. Quando atingiu a maioridade, Jorge transferiu-se para a Palestina, onde se alistou-se no ex\u00e9rcito de Diocleciano.<\/p>\n<p style=\"text-align: justify;\">Em 303, o imperador publicou um edito para a persegui\u00e7\u00e3o dos crist\u00e3os. Ao saber disso, Jorge doou todos os seus bens aos pobres, e diante de Diocleciano rasgou o documento e professou a f\u00e9 em Cristo. Com isso, Diocleciano ficou furioso e S\u00e3o Jorge sofreu muitas torturas e por fim foi decapitado.<\/p>\n<p style=\"text-align: justify;\">Existe uma tradi\u00e7\u00e3o da vida de S\u00e3o Jorge e que se propaga at\u00e9 aos dias de hoje, e \u00e9 um milagre atribu\u00eddo a ele, \u00e9 quando S\u00e3o Jorge vence o drag\u00e3o com o seu cavalo e remete a nossa luta contra o mal. Aconteceu na cidade de Sal\u00e9m, na L\u00edbia. Nessa cidade havia um grande p\u00e2ntano, onde vivia um terr\u00edvel drag\u00e3o. Com o intuito de aplacar esse drag\u00e3o, os habitantes ofereceram-lhe dois cabritos, por dia, e vez ou outra um cabrito e um jovem tirado a sorte. Certa vez, a sorte caiu sobre a filha do rei. Quando ela se dirigia ao p\u00e2ntano, Jorge passou por ali e matou o drag\u00e3o \u00e0 espada montado em seu cavalo. Esse seu gesto tornou-se o s\u00edmbolo de nossa luta contra o mal e que a f\u00e9 deve sempre prevalecer sobre o mal.<\/p>\n<p style=\"text-align: justify;\">No local de sua sepultura, em Lida, perto de Telavive, foi constru\u00edda uma bas\u00edlica, cuja ru\u00ednas ainda s\u00e3o vis\u00edveis. Dentre os documentos que atestam a exist\u00eancia de S\u00e3o Jorge, existe uma ep\u00edgrafe grega, datada do ano de 368 d.C. Essa ep\u00edgrafe fala da casa ou igreja dos santos e triunfantes m\u00e1rtires, Jorge e companheiros.<\/p>\n<p style=\"text-align: justify;\">S\u00e3o Jorge \u00e9 padroeiro dos cavaleiros, soldados, escoteiros, esgrimistas e arqueiros. S\u00e3o Jorge ainda \u00e9 invocado contra a peste, a lepra e serpentes venenosas.<\/p>\n<p style=\"text-align: justify;\">Entre os cat\u00f3licos do oriente, sejam cat\u00f3licos latinos ou de outros ritos, assim como os ortodoxos, a devo\u00e7\u00e3o a S\u00e3o Jorge \u00e9 bem expressiva. Os crist\u00e3os do ocidente o invocam na mesma propor\u00e7\u00e3o que a S\u00e3o Miguel, pois os dois santos ajudam na luta do combate contra o mal.<\/p>\n<p style=\"text-align: justify;\">S\u00e3o Jorge \u00e9 considerado um santo guerreiro, sobretudo, por sua luta contra o drag\u00e3o. Por meio dos normandos, seu culto propagou-se na Inglaterra, onde por volta do ano 1348, o rei Eduardo III instituiu a <em>\u201cordem dos cavaleiros de S\u00e3o Jorge\u201d. <\/em>Pe\u00e7amos a S\u00e3o Jorge a prote\u00e7\u00e3o para vencer o mal, sejamos guerreiros de Cristo.<\/p>\n<p style=\"text-align: justify;\">Devido \u00e0 falta de informa\u00e7\u00f5es sobre a vida, em 1969, a Igreja mudou a sua celebra\u00e7\u00e3o, mudando de festa lit\u00fargica para mem\u00f3ria facultativa. No Rio de Janeiro, S\u00e3o Jorge \u00e9 bastante cultuado, inclusive, sendo feriado estadual, bem como feriado na cidade. Os fi\u00e9is lotam as Igrejas dedicada ao santo. S\u00e3o Jorge ainda \u00e9 padroeiro de alguns pa\u00edses, como a Inglaterra e a Eti\u00f3pia e outras cidades como Barcelona e Beirute.<\/p>\n<p style=\"text-align: justify;\">As rel\u00edquias de S\u00e3o Jorge est\u00e3o espalhadas por diversas parte do mundo. Em Roma, na Igreja de S\u00e3o Jorge, em Velabro, \u00e9 conservado o seu cr\u00e2nio, por desejo do Papa Zacarias. Por meio da hist\u00f3ria de vida que temos sobre S\u00e3o Jorge, e por n\u00e3o ter certeza se \u00e9 lenda ou verdade, o que podemos trazer para a nossa vida real \u00e9 que o bem sempre vence o mal e que a verdade sempre aparece. A luta contra o mal \u00e9 constante, devemos pedir ao Esp\u00edrito Santo for\u00e7as para vencer o mal. Devemos acreditar que Deus sempre est\u00e1 conosco e nunca estamos sozinhos. Com certeza, S\u00e3o Jorge venceu o mal, porque Deus estava com ele. Se estivermos com o Senhor, o mal nunca ter\u00e1 a \u00faltima palavra.<\/p>\n<p style=\"text-align: justify;\">Estamos num tempo de gra\u00e7a que \u00e9 a P\u00e1scoa, fomos mergulhados nas \u00e1guas do batismo e sa\u00edmos regenerados atrav\u00e9s do Esp\u00edrito Santo e libertos de todo o pecado. Que esse mesmo Esp\u00edrito Santo nos mantenha firmes na vida nova e possamos ouvir a voz do Esp\u00edrito e n\u00e3o a da carne, para nos mantermos longe do mal.<\/p>\n<p style=\"text-align: justify;\">Segue abaixo uma ora\u00e7\u00e3o que podemos sempre fazer ao Santo guerreiro, seja no dia dedicado a ele ou ao longo do ano<em>: \u201cPoderoso guerreiro, defendei-nos do mal e da tenta\u00e7\u00e3o, assim como ensinai-nos a defender a nossa f\u00e9 e os mais necessitados, tudo por amor a Cristo, Am\u00e9m\u201d.<\/em><\/p>\n<p style=\"text-align: justify;\">Reflitamos sobre a mem\u00f3ria de S\u00e3o Jorge, tendo em nosso cora\u00e7\u00e3o a certeza de que por intercess\u00e3o dele sairemos vitoriosos no combate contra o mal.<\/p>\n","protected":false},"excerpt":{"rendered":"<p>Celebramos, no pr\u00f3ximo dia 23 de abril de 2023 o terceiro domingo da P\u00e1scoa. Por\u00e9m a tradi\u00e7\u00e3o local que temos em nossa regi\u00e3o nos faz recordar a mem\u00f3ria de S\u00e3o Jorge. Ele \u00e9 um santo muito querido e venerado pelo povo carioca! Segundo a tradi\u00e7\u00e3o, ele viveu nos primeiros s\u00e9culos da era crist\u00e3, por volta [&hellip;]<\/p>\n","protected":false},"author":5,"featured_media":55819,"comment_status":"open","ping_status":"closed","sticky":false,"template":"","format":"standard","meta":{"footnotes":""},"categories":[9],"tags":[],"class_list":["post-80724","post","type-post","status-publish","format-standard","has-post-thumbnail","hentry","category-artigos"],"_links":{"self":[{"href":"https:\/\/catolicanet.net\/wp-cnet\/wp-json\/wp\/v2\/posts\/80724","targetHints":{"allow":["GET"]}}],"collection":[{"href":"https:\/\/catolicanet.net\/wp-cnet\/wp-json\/wp\/v2\/posts"}],"about":[{"href":"https:\/\/catolicanet.net\/wp-cnet\/wp-json\/wp\/v2\/types\/post"}],"author":[{"embeddable":true,"href":"https:\/\/catolicanet.net\/wp-cnet\/wp-json\/wp\/v2\/users\/5"}],"replies":[{"embeddable":true,"href":"https:\/\/catolicanet.net\/wp-cnet\/wp-json\/wp\/v2\/comments?post=80724"}],"version-history":[{"count":1,"href":"https:\/\/catolicanet.net\/wp-cnet\/wp-json\/wp\/v2\/posts\/80724\/revisions"}],"predecessor-version":[{"id":80725,"href":"https:\/\/catolicanet.net\/wp-cnet\/wp-json\/wp\/v2\/posts\/80724\/revisions\/80725"}],"wp:featuredmedia":[{"embeddable":true,"href":"https:\/\/catolicanet.net\/wp-cnet\/wp-json\/wp\/v2\/media\/55819"}],"wp:attachment":[{"href":"https:\/\/catolicanet.net\/wp-cnet\/wp-json\/wp\/v2\/media?parent=80724"}],"wp:term":[{"taxonomy":"category","embeddable":true,"href":"https:\/\/catolicanet.net\/wp-cnet\/wp-json\/wp\/v2\/categories?post=80724"},{"taxonomy":"post_tag","embeddable":true,"href":"https:\/\/catolicanet.net\/wp-cnet\/wp-json\/wp\/v2\/tags?post=80724"}],"curies":[{"name":"wp","href":"https:\/\/api.w.org\/{rel}","templated":true}]}}